{"id":38329,"date":"2023-08-19T22:48:21","date_gmt":"2023-08-20T01:48:21","guid":{"rendered":"http:\/\/dsrmedios.com.ar\/diario\/?p=38329"},"modified":"2023-08-19T22:48:25","modified_gmt":"2023-08-20T01:48:25","slug":"desafio-balotaje-como-es-la-estrategia-de-patricia-bullrich-para-contener-a-la-ucr-y-conquistar-el-voto-radical","status":"publish","type":"post","link":"http:\/\/dsrmedios.com.ar\/diario\/archivos\/38329","title":{"rendered":"Desaf\u00edo balotaje: c\u00f3mo es la estrategia de Patricia Bullrich para contener a la UCR y conquistar el voto radical"},"content":{"rendered":"\n<p>La elecci\u00f3n de tres tercios -donde\u00a0<strong>Javier Milei<\/strong>,\u00a0<strong>Patricia Bullrich\u00a0<\/strong>y\u00a0<strong>Sergio Massa\u00a0<\/strong>pelean por entrar al balotaje- obliga tanto a Juntos por el Cambio como a Uni\u00f3n por la Patria a emprender dos desafios: mantener los votos cosechados en las PASO y conquistar nuevos horizontes. El entorno de la ex ministra de Seguridad aseguran que cuenta con el apoyo de\u00a0<strong>Horacio Rodr\u00edguez Larreta<\/strong>\u00a0para conservar a los moderados pero, seg\u00fan detallaron a\u00a0<strong>Infobae<\/strong>, en las pr\u00f3ximas semanas desarrollar\u00e1n una estrategia para reconquistar a los militantes radicales que desde el 2015, cuando se unieron a Cambiemos, alimentan un fuerte malestar ante el fracaso de poder liderar la coalici\u00f3n opositora.<a rel=\"noreferrer noopener\" href=\"https:\/\/www.infobae.com\/politica\/2023\/07\/29\/entre-apoyos-y-traiciones-como-se-reordena-el-mapa-de-alianzas-entre-la-ucr-y-el-pro-dentro-de-juntos-por-el-cambio\/\" target=\"_blank\"><\/a><a rel=\"noreferrer noopener\" href=\"https:\/\/www.infobae.com\/politica\/2023\/08\/19\/patricia-bullrich-candidata-presidencial-de-jxc-los-ataques-verborragicos-de-milei-muestran-su-personalidad\/\" target=\"_blank\"><\/a><\/p>\n\n\n\n<p>La UCR oficializ\u00f3 su fractura en el cierre de listas: por un lado,&nbsp;<strong>Gerardo Morales<\/strong>&nbsp;y&nbsp;<strong>Mart\u00edn Lousteau&nbsp;<\/strong>terminaron de sellar su alianza con Rodr\u00edguez Larreta, mientras que el Grupo Malbec -que hoy lideran los mendocinos&nbsp;<strong>Ernesto Sanz<\/strong>,<strong>&nbsp;Alfredo Cornejo<\/strong>&nbsp;y el presidente del Comit\u00e9 Provincia,&nbsp;<strong>Maximiliano Abad<\/strong>&#8211; cerr\u00f3 filas con Bullrich. Durante toda la campa\u00f1a hacia las PASO, los correligionarios rezongaban por la incomodida de tener que compartir listas con dirigentes libertarios como Jos\u00e9 Luis Espert y Cynthia Hotton y, adem\u00e1s, convivir con un discurso endurecido.<\/p>\n\n\n\n<p>Para colmo, el candidato m\u00e1s votado en las primarias del 13 de agosto fue\u00a0<strong>Javier Milei<\/strong>, el dirigente libertario que proclama que terminar\u00e1 \u201ccon la casta\u201d. El equipo de campa\u00f1a de Bullrich no quiere perder de vista a los votantes del partido centenario, por lo que comenzaron a diagramar una estrategia para contenerlos de cara a las generales de octubre. Seg\u00fan detallaron a este medio, buscar\u00e1n recuperar la \u201c<strong>\u00e9pica radical<\/strong>\u201d con un discurso enfocado a recuperar los valores de la Rep\u00fablica, el respeto a las instituciones y la necesidad de cuidad la educaci\u00f3n.<\/p>\n\n\n\n<p>Para eso, Bullrich contar\u00e1 con el apoyo de Abad, quien encabeza la lista de senadores por la provincia de Buenos Aires. De hecho, por la ma\u00f1ana Bullrich buscar\u00e1 lograr una foto de unidad con todos los candidatos de Juntos por el Cambio en el pa\u00eds y los gobernadores electos y por la tarde el correligionario reunir\u00e1 a su tropa bonaerense, en busca de fortalecer el armado para ganarle a Axel Kicillof.<\/p>\n\n\n\n<p>La derrota de Rodr\u00edguez Larreta en las PASO dej\u00f3 a varios dirigentes radicales heridos. En ese escenario, Abad sum\u00f3 fuerza como representante del Grupo Malbec dentro de Juntos por el Cambio al consagrarse como el candidato a senador y, adem\u00e1s, al haber asegurado -y ampliado- su base territorial. Se debe a que los 28 intendentes que le responden ganaron en sus distritos, logr\u00f3 que ingresen siete de sus aliados a la Legislatura bonaerense y queda a la espera de la posibilidad de conquistar dos bancas nacionales.<\/p>\n\n\n\n<p>Seg\u00fan analizaron en di\u00e1logo con este medio luego de los comicios del 13 de agosto, el interior bonaerense y la Quinta Secci\u00f3n Electoral fueron claves para que Grindetti a venciera a Santilli. Ambos territorios responden al presidente de la UCR bonaerense.<\/p>\n\n\n\n<p>Aunque el presidente del Comit\u00e9 Nacional qued\u00f3 del otro lado de la interna opositora, Bullrich se encarg\u00f3 de elogiarlo en reiteradas oportunidades a Morales entre los suyos. De hecho, una de las iron\u00edas que circulaba entre los integrantes de Juntos por el Cambio era que el gobernador juje\u00f1o es- por momentos- m\u00e1s halc\u00f3n que la propia ex ministra de Seguridad. Es por eso que su nombre suele sonar para un posible Gabinete. \u201cPese a las diferencias, Patricia lo aprecia\u201d, dicen los cercanos a la titular del PRO en uso de licencia.<\/p>\n\n\n\n<h2>La pelea en la Ciudad de Buenos Aires<\/h2>\n\n\n\n<p>Tras vencer a<strong>&nbsp;Mart\u00edn Lousteau<\/strong>&nbsp;en las PASO porte\u00f1as,&nbsp;<strong>Jorge Macri&nbsp;<\/strong>analiza por estas horas la lista de nombres que suenan para acompa\u00f1arlo en la f\u00f3rmula para la Gobernaci\u00f3n de la Ciudad de Buenos Aires. Aunque todav\u00eda no hay definiciones, hay presiones desde el radicalismo. Seg\u00fan observan desde el Comit\u00e9 Capital, \u201cla \u00fanica forma de retener los votos de Mart\u00edn es que la f\u00f3rmula represente a Juntos por el Cambio\u201d.<\/p>\n\n\n\n<p>Para el PRO resulta clave seleccionar a un dirigente pol\u00edtico con el que pueda tener sinergia pol\u00edtica y que le responda. \u201cCon una f\u00f3rmula PRO-PRO el espacio se cierra a s\u00ed mismo\u201d, retrucan desde Evoluci\u00f3n y aseguran que sus votantes est\u00e1n decididos a no votar por el ex intendente de Vicente L\u00f3pez.<\/p>\n\n\n\n<p>Macri maneja varios nombres para su f\u00f3rmula. Desde el PRO imponen a Soledad Acu\u00f1a, quien baj\u00f3 su candidatura porte\u00f1a en mayo \u00faltimo. Tambi\u00e9n suenan dos libertarios: Roberto Garc\u00eda Morit\u00e1n y Ricardo L\u00f3pez Murphy. En busca de consevar la unidad, el sector de Lousteau impulsa a Mariela Coletta, presidenta de la UCR porte\u00f1a y fiel aliada de Lousteau.<\/p>\n\n\n\n<p>Fuente: INFOBAE<\/p>\n","protected":false},"excerpt":{"rendered":"<div class=\"mh-excerpt\"><p>La elecci\u00f3n de tres tercios -donde\u00a0Javier Milei,\u00a0Patricia Bullrich\u00a0y\u00a0Sergio Massa\u00a0pelean por entrar al balotaje- obliga tanto a Juntos por el Cambio como a Uni\u00f3n por la Patria a emprender dos desafios: mantener los votos cosechados en las PASO y conquistar nuevos horizontes. El entorno de la ex ministra de Seguridad aseguran que cuenta con el apoyo de\u00a0Horacio Rodr\u00edguez Larreta\u00a0para conservar a los moderados pero, seg\u00fan detallaron a\u00a0Infobae, en las pr\u00f3ximas semanas desarrollar\u00e1n una estrategia para reconquistar a los militantes radicales que desde el 2015, cuando se unieron a Cambiemos, alimentan un fuerte malestar ante el fracaso de poder liderar la coalici\u00f3n <a class=\"mh-excerpt-more\" href=\"http:\/\/dsrmedios.com.ar\/diario\/archivos\/38329\" title=\"Desaf\u00edo balotaje: c\u00f3mo es la estrategia de Patricia Bullrich para contener a la UCR y conquistar el voto radical\">[Leer m\u00e1s]<\/a><\/p>\n<\/div>","protected":false},"author":8,"featured_media":36916,"comment_status":"open","ping_status":"closed","sticky":false,"template":"","format":"standard","meta":{"_jetpack_newsletter_access":""},"categories":[6],"tags":[],"jetpack_featured_media_url":"http:\/\/dsrmedios.com.ar\/diario\/wp-content\/uploads\/2023\/07\/600x400_patricia-bullrich-presidenta-pro-967467-115321.webp","jetpack_sharing_enabled":true,"jetpack_shortlink":"https:\/\/wp.me\/p9fihK-9Yd","_links":{"self":[{"href":"http:\/\/dsrmedios.com.ar\/diario\/wp-json\/wp\/v2\/posts\/38329"}],"collection":[{"href":"http:\/\/dsrmedios.com.ar\/diario\/wp-json\/wp\/v2\/posts"}],"about":[{"href":"http:\/\/dsrmedios.com.ar\/diario\/wp-json\/wp\/v2\/types\/post"}],"author":[{"embeddable":true,"href":"http:\/\/dsrmedios.com.ar\/diario\/wp-json\/wp\/v2\/users\/8"}],"replies":[{"embeddable":true,"href":"http:\/\/dsrmedios.com.ar\/diario\/wp-json\/wp\/v2\/comments?post=38329"}],"version-history":[{"count":1,"href":"http:\/\/dsrmedios.com.ar\/diario\/wp-json\/wp\/v2\/posts\/38329\/revisions"}],"predecessor-version":[{"id":38330,"href":"http:\/\/dsrmedios.com.ar\/diario\/wp-json\/wp\/v2\/posts\/38329\/revisions\/38330"}],"wp:featuredmedia":[{"embeddable":true,"href":"http:\/\/dsrmedios.com.ar\/diario\/wp-json\/wp\/v2\/media\/36916"}],"wp:attachment":[{"href":"http:\/\/dsrmedios.com.ar\/diario\/wp-json\/wp\/v2\/media?parent=38329"}],"wp:term":[{"taxonomy":"category","embeddable":true,"href":"http:\/\/dsrmedios.com.ar\/diario\/wp-json\/wp\/v2\/categories?post=38329"},{"taxonomy":"post_tag","embeddable":true,"href":"http:\/\/dsrmedios.com.ar\/diario\/wp-json\/wp\/v2\/tags?post=38329"}],"curies":[{"name":"wp","href":"https:\/\/api.w.org\/{rel}","templated":true}]}}