{"id":38176,"date":"2023-08-14T11:46:14","date_gmt":"2023-08-14T14:46:14","guid":{"rendered":"http:\/\/dsrmedios.com.ar\/diario\/?p=38176"},"modified":"2023-08-14T11:46:17","modified_gmt":"2023-08-14T14:46:17","slug":"arraso-axel-kicillof-en-las-elecciones-bonaerenses-y-nestor-grindetti-le-gano-a-diego-santilli","status":"publish","type":"post","link":"http:\/\/dsrmedios.com.ar\/diario\/archivos\/38176","title":{"rendered":"Arras\u00f3 Axel Kicillof en las elecciones bonaerenses y N\u00e9stor Grindetti le gan\u00f3 a Diego Santilli"},"content":{"rendered":"\n<p>Los primeros datos oficiales en&nbsp;<strong>la&nbsp;<a href=\"https:\/\/infocielo.com\/provincia-buenos-aires\">provincia de Buenos Aires<\/a>&nbsp;marcan la tendencia respecto a los resultados en las&nbsp;<a href=\"https:\/\/infocielo.com\/elecciones\">elecciones<\/a>&nbsp;a gobernador<\/strong>. En ese sentido, impone el actual mandatario provincial&nbsp;<strong><a href=\"https:\/\/infocielo.com\/axel-kicillof\">Axel Kicillof&nbsp;<\/a><\/strong>y en segundo lugar est\u00e1 la precandidata de La Libertad Avanza, Carolina P\u00edparo.<\/p>\n\n\n\n<p>Con el 66,4 por ciento de los datos escrutados, el actual gobernador acumula el 36,72 por ciento de los votos;\u00a0<strong>Carolina P\u00edparo<\/strong>\u00a0el 24 por ciento; y entre ambos precandidatos de Juntos por el Cambio acumulan el 32,36 por ciento de los votos, con el triunfo parcial de\u00a0<strong>N\u00e9stor Grindetti.<\/strong><\/p>\n\n\n\n<p><strong>El buen nivel general de los intendentes oficialistas y el corte de boleta explicar\u00edan la performance del actual gobernador, quien espera por los resultados oficiales en el bunker que Uni\u00f3n por la Patria tiene en Chacarita<\/strong>. En tanto que el arrastre de la buena performance que habr\u00eda realizado Javier Milei, quien ser\u00eda el precandidato a presidente m\u00e1s votado en la Provincia, ser\u00eda la explicaci\u00f3n al segundo lugar de Carolina P\u00edparo.<\/p>\n\n\n\n<p><strong>Respecto a Juntos por el Cambio, la suma de ambos precandidatos consigue el segundo lugar<\/strong>. Seg\u00fan pudo saber INFOCIELO, desde el b\u00fanker de N\u00e9stor Grindetti aseguran que el intendente de Lan\u00fas tiene tres puntos de ventaja sobre Diego Santilli.<\/p>\n\n\n\n<p>Quienes superan hasta ahora las elecciones primarias tambi\u00e9n es el Frente de Izquierda y de los Trabajadores Unidad, que obtienen el 3,60 por ciento de los votos. All\u00ed,&nbsp;<strong>Rub\u00e9n Sobrero<\/strong>&nbsp;se impuso sobre&nbsp;<strong>Alejandro Bodart<\/strong>. El resto de las alianzas no superan el piso m\u00ednimo de 1,5 por ciento de los votos.<\/p>\n\n\n\n<h2>\u00bfQui\u00e9nes son los precandidatos que no superaron las PASO y cu\u00e1ntos votos obtuvieron?<\/h2>\n\n\n\n<p>Con el 66,4% de las mesas escrutadas, los precandidatos que no superaban el piso de 1,50% de los votos eran:<\/p>\n\n\n\n<ul>\n<li><strong>Luis D&#8217;El\u00eda<\/strong>&nbsp;(Principios y Valores) &#8211; 41.963 votos (0,76%)<\/li>\n\n\n\n<li><strong>Silvia Saravia<\/strong>&nbsp;(Libres del Sur) &#8211; 27.469 votos (0,50%)<\/li>\n\n\n\n<li><strong>Soledad Yapura<\/strong>&nbsp;(MAS) &#8211; 20.485 votos (0,37%)<\/li>\n\n\n\n<li><strong>Ayel\u00e9n Alancay&nbsp;<\/strong>(Celeste Provida) &#8211; 15.270 votos (0,27%)<\/li>\n\n\n\n<li><strong>Mario Guarnieri<\/strong>&nbsp;(Frente Patriota) &#8211; 13.092 votos (0,23%)<\/li>\n\n\n\n<li><strong>Pablo Busch<\/strong>&nbsp;(Pol\u00edtica Obrera) &#8211; 13.033 votos (0,23%)<\/li>\n\n\n\n<li><strong>Guillermo Baque<\/strong>&nbsp;(MIF) &#8211; 9.267 votos (0,16%)<\/li>\n\n\n\n<li><strong>Sergio Braga<\/strong>&nbsp;(BAP) &#8211; 6.184 votos (0,11%)<\/li>\n\n\n\n<li><strong>Ernesto Ludue\u00f1a&nbsp;<\/strong>(COPEBO) &#8211; 5.525 votos (0,10%)<\/li>\n\n\n\n<li><strong>Pablo V\u00e1zquez&nbsp;<\/strong>(VOS) &#8211; 4.874 votos (0,08%)<\/li>\n\n\n\n<li><strong>Rosendo Pedernera<\/strong>&nbsp;(Joven) &#8211; 4.587 votos (0,08%)<\/li>\n\n\n\n<li><strong>Antonio Guerrero&nbsp;<\/strong>(Confianza P\u00fablica) &#8211; 4.213 votos (0,07%)<\/li>\n\n\n\n<li><strong>Damian D\u00edaz<\/strong>&nbsp;(Todos por Buenos Aires) &#8211; 3.634 votos (0,06%)<\/li>\n\n\n\n<li><strong>Leonardo Mollard<\/strong>&nbsp;(LIBER.AR) &#8211; 2.932 votos (0,05%)<\/li>\n\n\n\n<li><strong>Jos\u00e9 Canalda<\/strong>&nbsp;(Unidad Social) &#8211; 2.864 votos (0,05%)<\/li>\n\n\n\n<li><strong>Pablo Gobbi<\/strong>&nbsp;(Justicia y Dignidad Patri\u00f3tica &#8211; 1.795 votos (0,03%)<\/li>\n\n\n\n<li><strong>Jaime Contreras<\/strong>&nbsp;(Accion Solidaria) &#8211; 1.611 votos (0,02%)<\/li>\n\n\n\n<li><strong>Oscar Alva<\/strong>&nbsp;(PAIS) -1.205 votos (0,02%)<\/li>\n\n\n\n<li><strong>Carlos Gereiro<\/strong>\u00a0(Esperanza del Pueblo) &#8211; 241 votos (0,01%)<\/li>\n<\/ul>\n\n\n\n<p><\/p>\n\n\n\n<p>Fuente: Infocielo<\/p>\n","protected":false},"excerpt":{"rendered":"<div class=\"mh-excerpt\"><p>Los primeros datos oficiales en&nbsp;la&nbsp;provincia de Buenos Aires&nbsp;marcan la tendencia respecto a los resultados en las&nbsp;elecciones&nbsp;a gobernador. En ese sentido, impone el actual mandatario provincial&nbsp;Axel Kicillof&nbsp;y en segundo lugar est\u00e1 la precandidata de La Libertad Avanza, Carolina P\u00edparo. Con el 66,4 por ciento de los datos escrutados, el actual gobernador acumula el 36,72 por ciento de los votos;\u00a0Carolina P\u00edparo\u00a0el 24 por ciento; y entre ambos precandidatos de Juntos por el Cambio acumulan el 32,36 por ciento de los votos, con el triunfo parcial de\u00a0N\u00e9stor Grindetti. El buen nivel general de los intendentes oficialistas y el corte de boleta explicar\u00edan la <a class=\"mh-excerpt-more\" href=\"http:\/\/dsrmedios.com.ar\/diario\/archivos\/38176\" title=\"Arras\u00f3 Axel Kicillof en las elecciones bonaerenses y N\u00e9stor Grindetti le gan\u00f3 a Diego Santilli\">[Leer m\u00e1s]<\/a><\/p>\n<\/div>","protected":false},"author":8,"featured_media":33910,"comment_status":"open","ping_status":"closed","sticky":false,"template":"","format":"standard","meta":{"_jetpack_newsletter_access":""},"categories":[6],"tags":[],"jetpack_featured_media_url":"http:\/\/dsrmedios.com.ar\/diario\/wp-content\/uploads\/2023\/05\/p14-axel-kicillof-n_optjpeg.jpeg","jetpack_sharing_enabled":true,"jetpack_shortlink":"https:\/\/wp.me\/p9fihK-9VK","_links":{"self":[{"href":"http:\/\/dsrmedios.com.ar\/diario\/wp-json\/wp\/v2\/posts\/38176"}],"collection":[{"href":"http:\/\/dsrmedios.com.ar\/diario\/wp-json\/wp\/v2\/posts"}],"about":[{"href":"http:\/\/dsrmedios.com.ar\/diario\/wp-json\/wp\/v2\/types\/post"}],"author":[{"embeddable":true,"href":"http:\/\/dsrmedios.com.ar\/diario\/wp-json\/wp\/v2\/users\/8"}],"replies":[{"embeddable":true,"href":"http:\/\/dsrmedios.com.ar\/diario\/wp-json\/wp\/v2\/comments?post=38176"}],"version-history":[{"count":1,"href":"http:\/\/dsrmedios.com.ar\/diario\/wp-json\/wp\/v2\/posts\/38176\/revisions"}],"predecessor-version":[{"id":38177,"href":"http:\/\/dsrmedios.com.ar\/diario\/wp-json\/wp\/v2\/posts\/38176\/revisions\/38177"}],"wp:featuredmedia":[{"embeddable":true,"href":"http:\/\/dsrmedios.com.ar\/diario\/wp-json\/wp\/v2\/media\/33910"}],"wp:attachment":[{"href":"http:\/\/dsrmedios.com.ar\/diario\/wp-json\/wp\/v2\/media?parent=38176"}],"wp:term":[{"taxonomy":"category","embeddable":true,"href":"http:\/\/dsrmedios.com.ar\/diario\/wp-json\/wp\/v2\/categories?post=38176"},{"taxonomy":"post_tag","embeddable":true,"href":"http:\/\/dsrmedios.com.ar\/diario\/wp-json\/wp\/v2\/tags?post=38176"}],"curies":[{"name":"wp","href":"https:\/\/api.w.org\/{rel}","templated":true}]}}