{"id":38166,"date":"2023-08-14T11:07:10","date_gmt":"2023-08-14T14:07:10","guid":{"rendered":"http:\/\/dsrmedios.com.ar\/diario\/?p=38166"},"modified":"2023-08-14T11:07:14","modified_gmt":"2023-08-14T14:07:14","slug":"la-ucr-bonaerense-sumo-fuerza-en-juntos-por-el-cambio-y-se-abre-un-debate-por-la-renovacion-partidaria","status":"publish","type":"post","link":"http:\/\/dsrmedios.com.ar\/diario\/archivos\/38166","title":{"rendered":"La UCR bonaerense sum\u00f3 fuerza en Juntos por el Cambio y se abre un debate por la renovaci\u00f3n partidaria"},"content":{"rendered":"\n<p>El triunfo de\u00a0<strong>Patricia<\/strong>\u00a0<strong>Bullrich<\/strong>\u00a0en Juntos por el Cambio dej\u00f3 un claro ganador dentro de la UCR:\u00a0<strong>Maximiliano<\/strong>\u00a0<strong>Abad<\/strong>, el presidente del Comit\u00e9 Provincia. Como adelant\u00f3\u00a0<strong>Infobae<\/strong>, los halcones comenzaron a verlo como un fiel aliado del partido centenario, incluso, ganando mayor confianza que\u00a0<strong>Alfredo<\/strong>\u00a0<strong>Cornejo<\/strong>, el hist\u00f3rico correligionario cercano a la ex ministra de Seguridad. \u201cSe va a quedar con todo\u201d, adelantaban desde el equipo de campa\u00f1a presidencial del PRO, cuando observaban que la mayor parte de la dirigencia radical acordaba con\u00a0<strong>Horacio Rodr\u00edguez Larreta<\/strong>.<a rel=\"noreferrer noopener\" href=\"https:\/\/www.infobae.com\/politica\/2023\/08\/14\/paso-2023-los-triunfos-y-derrotas-imprevistas-en-los-principales-municipios-del-conurbano-bonaerense\/\" target=\"_blank\"><\/a><\/p>\n\n\n\n<p>Con el escrutinio provisorio avanzado y los festejos en el escenario de Juntos por el Cambio finalizado, los radicales bonaerenses tuvieron doble celebraci\u00f3n:<strong>&nbsp;Ram\u00f3n Lan\u00fas<\/strong>, el candidato de Bullrich en San Isidro, termin\u00f3 con la hegemon\u00eda possista y, adem\u00e1s, el triunfo ajustado de&nbsp;<strong>N\u00e9stor Grindetti&nbsp;<\/strong>sobre&nbsp;<strong>Diego<\/strong>&nbsp;<strong>Santilli<\/strong>&nbsp;fue &#8211; en parte- gracias a las victorias de la coalici\u00f3n opositora en los territorios de Abad.<\/p>\n\n\n\n<p>Seg\u00fan analizaron en di\u00e1logo con este medio, el interior bonaerense y la Quinta Secci\u00f3n Electoral fueron claves para que Grindetti a venciera a Santilli. Ambos territorios responden al presidente de la UCR bonaerense.<\/p>\n\n\n\n<p><img decoding=\"async\" loading=\"lazy\" alt=\"Maximiliano Abad junto a Miguel Fern\u00e1ndez, el candidato a vicegobernador de Juntos por el Cambio\" height=\"960\" width=\"1280\" src=\"https:\/\/www.infobae.com\/new-resizer\/C7Bkk9sJ4ZaaExlDTQzXhyiXx-s=\/arc-anglerfish-arc2-prod-infobae\/public\/UZ7MTTX7DJB35PPWS75M7BMXD4.jpeg\" srcset=\"https:\/\/www.infobae.com\/new-resizer\/eNawJZMSe5JKzoH3g1irU90XMpY=\/420x315\/filters:format(webp):quality(85)\/cloudfront-us-east-1.images.arcpublishing.com\/infobae\/UZ7MTTX7DJB35PPWS75M7BMXD4.jpeg 420w,https:\/\/www.infobae.com\/new-resizer\/TGSUnA3KLW6ovTBl0EZdAphXFhw=\/768x576\/filters:format(webp):quality(85)\/cloudfront-us-east-1.images.arcpublishing.com\/infobae\/UZ7MTTX7DJB35PPWS75M7BMXD4.jpeg 768w,https:\/\/www.infobae.com\/new-resizer\/qCg9J62-cajhDQN-2gxYfHCwspI=\/992x744\/filters:format(webp):quality(85)\/cloudfront-us-east-1.images.arcpublishing.com\/infobae\/UZ7MTTX7DJB35PPWS75M7BMXD4.jpeg 992w,https:\/\/www.infobae.com\/new-resizer\/q9AxW_zc-NXxL5gLQe65LLIHcW4=\/1200x900\/filters:format(webp):quality(85)\/cloudfront-us-east-1.images.arcpublishing.com\/infobae\/UZ7MTTX7DJB35PPWS75M7BMXD4.jpeg 1200w,https:\/\/www.infobae.com\/new-resizer\/SgEzVja6I-YT1zdWr3Z_WtiBJLc=\/1440x1080\/filters:format(webp):quality(85)\/cloudfront-us-east-1.images.arcpublishing.com\/infobae\/UZ7MTTX7DJB35PPWS75M7BMXD4.jpeg 1440w\">Maximiliano Abad junto a Miguel Fern\u00e1ndez, el candidato a vicegobernador de Juntos por el Cambio<\/p>\n\n\n\n<p>Abad fue uno de los radicales -junto con\u00a0<strong>Luis<\/strong>\u00a0<strong>Naidenoff<\/strong>&#8211; que se quedaron afuera de f\u00f3rmula presidencial de los halcones del PRO, pero pas\u00f3 a convertirse en el radical con grandes chances de pelear lugares de poder. Adem\u00e1s, sum\u00f3 pelda\u00f1os en la relaci\u00f3n con Bullrich, en medio de los coqueteos de\u00a0<strong>Alfredo Cornejo<\/strong>\u00a0con Rodr\u00edguez Larreta, en el marco de su campa\u00f1a por ganar la Gobernaci\u00f3n de Mendoza.<\/p>\n\n\n\n<p>Con el resultado de las PASO de este domingo, Abad qued\u00f3 a un paso de ganar una banca en el Senado por la provincia de Buenos Aires. Un puesto que la UCR no logra hace m\u00e1s de 20 a\u00f1os, ya que el \u00faltimo que asumi\u00f3 ese lugar fue Ra\u00fal Alfons\u00edn en el 2001. Adem\u00e1s, gana un paso dentro de la pelea por la renovaci\u00f3n radical con el apoyo de su m\u00e1ximo aliado:&nbsp;<strong>Ernesto<\/strong>&nbsp;<strong>Sanz<\/strong>.<\/p>\n\n\n\n<h2>La pelea por el Comit\u00e9 Nacional<\/h2>\n\n\n\n<p>La derrota de Horacio Rodr\u00edguez Larreta abre un discusi\u00f3n sobre el futuro de la UCR a nivel nacional y en las autoridades. Si bien entre&nbsp;<strong>Gerardo Morales<\/strong>&nbsp;y&nbsp;<strong>Mart\u00edn Lousteau<\/strong>&nbsp;cuentan con un n\u00famero importante congresales para mantenerse en el poder del partido centenario, Gustavo Vald\u00e9s es un de los correligionarios que dej\u00f3 trascender que buscar\u00e1 pelear por la presidencia del Comit\u00e9 Nacional.<\/p>\n\n\n\n<p><img decoding=\"async\" loading=\"lazy\" alt=\"Gerardo Morales festej\u00f3 en el escenario de Parque Norte y sum\u00f3 a la foto de unidad de Juntos por el Cambio\" height=\"3648\" width=\"5472\" src=\"https:\/\/www.infobae.com\/new-resizer\/nsCZGiNeyAnXtUFs0butMOY-Eq4=\/arc-anglerfish-arc2-prod-infobae\/public\/7SUY6DGM4NHPDZV5RVLUBEJ5VM.jpg\" srcset=\"https:\/\/www.infobae.com\/new-resizer\/bNPur80_nK98t4p-_vWhb4o7yU4=\/420x280\/filters:format(webp):quality(85)\/cloudfront-us-east-1.images.arcpublishing.com\/infobae\/7SUY6DGM4NHPDZV5RVLUBEJ5VM.jpg 420w,https:\/\/www.infobae.com\/new-resizer\/OfXdEQFLwXT7GR-rJZ5hj-gIcKY=\/768x512\/filters:format(webp):quality(85)\/cloudfront-us-east-1.images.arcpublishing.com\/infobae\/7SUY6DGM4NHPDZV5RVLUBEJ5VM.jpg 768w,https:\/\/www.infobae.com\/new-resizer\/_AirH1V5RG5DB6EhVy2v4KZUpVY=\/992x661\/filters:format(webp):quality(85)\/cloudfront-us-east-1.images.arcpublishing.com\/infobae\/7SUY6DGM4NHPDZV5RVLUBEJ5VM.jpg 992w,https:\/\/www.infobae.com\/new-resizer\/ac0BPDC8vS14ODojIxnVEql6cbc=\/1200x800\/filters:format(webp):quality(85)\/cloudfront-us-east-1.images.arcpublishing.com\/infobae\/7SUY6DGM4NHPDZV5RVLUBEJ5VM.jpg 1200w,https:\/\/www.infobae.com\/new-resizer\/Ihu65k9_qhitnMl6c_cdbRFMP6Q=\/1440x960\/filters:format(webp):quality(85)\/cloudfront-us-east-1.images.arcpublishing.com\/infobae\/7SUY6DGM4NHPDZV5RVLUBEJ5VM.jpg 1440w\">Gerardo Morales festej\u00f3 en el escenario de Parque Norte y sum\u00f3 a la foto de unidad de Juntos por el Cambio<\/p>\n\n\n\n<p>Morales aport\u00f3 su estructura en el norte, y en Jujuy el ala moderada venci\u00f3 c\u00f3modamente a los halcones. Pero no alcanz\u00f3 para darle el brazo a torcer a Bullrich en el resto del pa\u00eds. De todos mods, no es un dato menor que all\u00ed haya salido&nbsp;<strong>Javier Milei&nbsp;<\/strong>como el candidato a presidente m\u00e1s votado. En la pelea por el futuro radical, el presidente de la UCR qued\u00f3 debilitado.<\/p>\n\n\n\n<p>Pese a haber perdido la interna porte\u00f1a, Lousteau cosech\u00f3 un importante caudal de votos que hicieron que Juntos por el Cambio ampliara su base electoral en la ciudad de Buenos Aires. Adem\u00e1s, tiene entre sus laureles la amplia victoria de&nbsp;<strong>Maximiliano Pullaro&nbsp;<\/strong>en Santa Fe, que el pr\u00f3ximo 10 de septiembre ir\u00e1 a las generales en buscar de revalidar el resultado obtenido en las PASO locales y vencer al peronismo local.<\/p>\n\n\n\n<p>A partir de ahora, con las internas electorales resueltas, el radicalismo tendr\u00e1 como desaf\u00edo encolumnarse detr\u00e1s de la figura de Patricia Bullrich, quien enfrentar\u00e1 una dura batalla para llegar a una segunda vuelta en noviembre. Tanto el l\u00edder de Evoluci\u00f3n como Gerardo Morales dieron muestras de unidad durante los festejos de Juntos por el Cambio en el escenario de Parque Norte. En caso de ganar en octubre, quedar\u00e1 como objetivo la necesidad de lograr un gobierno de coalici\u00f3n, una deuda pendiente de 2015.<\/p>\n\n\n\n<p>Fuente: Infobae<\/p>\n","protected":false},"excerpt":{"rendered":"<div class=\"mh-excerpt\"><p>El triunfo de\u00a0Patricia\u00a0Bullrich\u00a0en Juntos por el Cambio dej\u00f3 un claro ganador dentro de la UCR:\u00a0Maximiliano\u00a0Abad, el presidente del Comit\u00e9 Provincia. Como adelant\u00f3\u00a0Infobae, los halcones comenzaron a verlo como un fiel aliado del partido centenario, incluso, ganando mayor confianza que\u00a0Alfredo\u00a0Cornejo, el hist\u00f3rico correligionario cercano a la ex ministra de Seguridad. \u201cSe va a quedar con todo\u201d, adelantaban desde el equipo de campa\u00f1a presidencial del PRO, cuando observaban que la mayor parte de la dirigencia radical acordaba con\u00a0Horacio Rodr\u00edguez Larreta. Con el escrutinio provisorio avanzado y los festejos en el escenario de Juntos por el Cambio finalizado, los radicales bonaerenses tuvieron doble <a class=\"mh-excerpt-more\" href=\"http:\/\/dsrmedios.com.ar\/diario\/archivos\/38166\" title=\"La UCR bonaerense sum\u00f3 fuerza en Juntos por el Cambio y se abre un debate por la renovaci\u00f3n partidaria\">[Leer m\u00e1s]<\/a><\/p>\n<\/div>","protected":false},"author":8,"featured_media":38171,"comment_status":"open","ping_status":"closed","sticky":false,"template":"","format":"standard","meta":{"_jetpack_newsletter_access":""},"categories":[6],"tags":[],"jetpack_featured_media_url":"http:\/\/dsrmedios.com.ar\/diario\/wp-content\/uploads\/2023\/08\/descarga-53.jpg","jetpack_sharing_enabled":true,"jetpack_shortlink":"https:\/\/wp.me\/p9fihK-9VA","_links":{"self":[{"href":"http:\/\/dsrmedios.com.ar\/diario\/wp-json\/wp\/v2\/posts\/38166"}],"collection":[{"href":"http:\/\/dsrmedios.com.ar\/diario\/wp-json\/wp\/v2\/posts"}],"about":[{"href":"http:\/\/dsrmedios.com.ar\/diario\/wp-json\/wp\/v2\/types\/post"}],"author":[{"embeddable":true,"href":"http:\/\/dsrmedios.com.ar\/diario\/wp-json\/wp\/v2\/users\/8"}],"replies":[{"embeddable":true,"href":"http:\/\/dsrmedios.com.ar\/diario\/wp-json\/wp\/v2\/comments?post=38166"}],"version-history":[{"count":1,"href":"http:\/\/dsrmedios.com.ar\/diario\/wp-json\/wp\/v2\/posts\/38166\/revisions"}],"predecessor-version":[{"id":38172,"href":"http:\/\/dsrmedios.com.ar\/diario\/wp-json\/wp\/v2\/posts\/38166\/revisions\/38172"}],"wp:featuredmedia":[{"embeddable":true,"href":"http:\/\/dsrmedios.com.ar\/diario\/wp-json\/wp\/v2\/media\/38171"}],"wp:attachment":[{"href":"http:\/\/dsrmedios.com.ar\/diario\/wp-json\/wp\/v2\/media?parent=38166"}],"wp:term":[{"taxonomy":"category","embeddable":true,"href":"http:\/\/dsrmedios.com.ar\/diario\/wp-json\/wp\/v2\/categories?post=38166"},{"taxonomy":"post_tag","embeddable":true,"href":"http:\/\/dsrmedios.com.ar\/diario\/wp-json\/wp\/v2\/tags?post=38166"}],"curies":[{"name":"wp","href":"https:\/\/api.w.org\/{rel}","templated":true}]}}