{"id":38160,"date":"2023-08-14T11:04:16","date_gmt":"2023-08-14T14:04:16","guid":{"rendered":"http:\/\/dsrmedios.com.ar\/diario\/?p=38160"},"modified":"2023-08-14T11:04:20","modified_gmt":"2023-08-14T14:04:20","slug":"malas-noticias-para-la-seleccion-argentina-geronimo-rulli-debera-ser-operado-del-hombro-y-no-jugara-por-varios-meses","status":"publish","type":"post","link":"http:\/\/dsrmedios.com.ar\/diario\/archivos\/38160","title":{"rendered":"Malas noticias para la selecci\u00f3n argentina: Ger\u00f3nimo Rulli deber\u00e1 ser operado del hombro y no jugar\u00e1 por varios meses"},"content":{"rendered":"\n<p>El pasado s\u00e1bado 12 de agosto,&nbsp;<strong>Lionel Scaloni&nbsp;<\/strong>recibi\u00f3 la dura noticia de que&nbsp;<strong>Ger\u00f3nimo Rulli&nbsp;<\/strong>tuvo que ser reemplazado a los 31 minutos de la primera parte en el duelo entre el&nbsp;<strong>Ajax&nbsp;<\/strong>y el&nbsp;<strong>Heracles&nbsp;<\/strong>por un golpe que sufri\u00f3 en el hombro derecho cuando intent\u00f3 cortar un centro. Luego de realizarse los estudios correspondientes, se confirm\u00f3 la peor noticia para el guardameta argentino:&nbsp;<strong>tendr\u00e1 que ser operado y estar\u00e1 fuera de las canchas al menos por cuatro meses<\/strong>.<\/p>\n\n\n\n<p><\/p>\n\n\n\n<p>El cuadro neerland\u00e9s public\u00f3 un comunicado oficial donde aclar\u00f3 los pasos a seguir. \u201c<em>Gero&nbsp;<\/em>Rulli no estar\u00e1 disponible por el momento. El arquero sufri\u00f3 una lesi\u00f3n en el hombro derecho durante el partido contra el Heracles y&nbsp;<strong>no podr\u00e1 jugar al menos hasta el parate de invierno europeo<\/strong>. El golero del equipo de Amsterdam choc\u00f3 con un atacante y tuvo que ser sustituido. Los ex\u00e1menes revelaron que&nbsp;<strong>deber\u00e1 someterse a una intervenci\u00f3n quir\u00fargica\u201d<\/strong>, revel\u00f3 el parte m\u00e9dico.<\/p>\n\n\n\n<p>En paralelo, el mismo Rulli utiliz\u00f3 sus redes sociales para hablar del momento que le toca vivir: \u201cNo es la manera con la que imaginaba arrancar la temporada,&nbsp;<strong>sin duda el golpe mas duro que tuve en mi carrera<\/strong>&nbsp;pero prometo volver mas fuerte que nunca. Gracias por todos los mensajes de apoyo\u201d. En la publicaci\u00f3n de Instagram aparecieron compa\u00f1eros de la&nbsp;<em>Albiceleste&nbsp;<\/em>como&nbsp;<strong>Emiliano Mart\u00ednez<\/strong>,&nbsp;<strong>Walter Ben\u00edtez<\/strong>,&nbsp;<strong>Alexis Mac Allister<\/strong>,&nbsp;<strong>Germ\u00e1n Pezzella<\/strong>,<strong>&nbsp;Guido Rodr\u00edguez<\/strong>,&nbsp;<strong>Marco Acu\u00f1a<\/strong>,&nbsp;<strong>Juan Musso<\/strong>&nbsp;y&nbsp;<strong>Juan Foyth<\/strong>.<\/p>\n\n\n\n<p><img decoding=\"async\" loading=\"lazy\" alt=\"El momento en el que los m\u00e9dicos ingresaron a confirmar su lesi\u00f3n de hombro (Foto: Getty)\" height=\"1079\" width=\"1920\" src=\"https:\/\/www.infobae.com\/new-resizer\/Eu2QsOtiBPUL8VL0D_t06vz2i54=\/arc-anglerfish-arc2-prod-infobae\/public\/REVI6NHGNFEEHG35K2PHCPBA6A.jpg\" srcset=\"https:\/\/www.infobae.com\/new-resizer\/P--vBJKMJdUafEqkRT_HD-7uRR8=\/420x236\/filters:format(webp):quality(85)\/cloudfront-us-east-1.images.arcpublishing.com\/infobae\/REVI6NHGNFEEHG35K2PHCPBA6A.jpg 420w,https:\/\/www.infobae.com\/new-resizer\/6UVZ_hOJ60UHPtwToQktEhXqLAo=\/768x432\/filters:format(webp):quality(85)\/cloudfront-us-east-1.images.arcpublishing.com\/infobae\/REVI6NHGNFEEHG35K2PHCPBA6A.jpg 768w,https:\/\/www.infobae.com\/new-resizer\/SjR7n_Ug_YR7oR_Doxtsqy2okK8=\/992x558\/filters:format(webp):quality(85)\/cloudfront-us-east-1.images.arcpublishing.com\/infobae\/REVI6NHGNFEEHG35K2PHCPBA6A.jpg 992w,https:\/\/www.infobae.com\/new-resizer\/Q5KIH_ZFwLFtJ4CeG0uzabfIQKY=\/1200x675\/filters:format(webp):quality(85)\/cloudfront-us-east-1.images.arcpublishing.com\/infobae\/REVI6NHGNFEEHG35K2PHCPBA6A.jpg 1200w,https:\/\/www.infobae.com\/new-resizer\/sIW0osObL5ZnotYyX3d-67a87rs=\/1440x810\/filters:format(webp):quality(85)\/cloudfront-us-east-1.images.arcpublishing.com\/infobae\/REVI6NHGNFEEHG35K2PHCPBA6A.jpg 1440w\">El momento en el que los m\u00e9dicos ingresaron a confirmar su lesi\u00f3n de hombro (Foto: Getty)<\/p>\n\n\n\n<p>Cabe destacar que el ex jugador de Estudiantes fue titular en el inicio de la temporada y en una acci\u00f3n desafortunada recibi\u00f3 un duro impacto. El arquero salt\u00f3 hacia adelante para cortar un centro, pero<strong>\u00a0al atrapar la pelota con sus manos fue embestido por el delantero rival Jizz Homkamp<\/strong>. De inmediato, qued\u00f3 tendido en el c\u00e9sped y reclam\u00f3 asistencia. Los m\u00e9dicos ingresaron al campo de juego y luego de unos minutos recomendaron su salida porque el impacto que recibi\u00f3 en el hombro derecho<strong>\u00a0le imposibilitaba moverlo con normalidad<\/strong>.<\/p>\n\n\n\n<p>La inesperada baja para la selecci\u00f3n argentina se genera a pocas semanas de una nueva convocatoria para jugar el 7 de septiembre ante\u00a0<strong>Paraguay\u00a0<\/strong>en Buenos Aires por la primera fecha de las Eliminatorias Sudamericanas y luego, el 12, en La Paz para medirse ante\u00a0<strong>Bolivia<\/strong>. Aunque el arco est\u00e1 completamente adue\u00f1ado por Emiliano Mart\u00ednez, Scaloni deber\u00e1 pensar en los dos arqueros que acompa\u00f1ar\u00e1n al\u00a0<em>Dibu<\/em>:\u00a0<strong>Walter Ben\u00edtez<\/strong>, titular en el\u00a0<strong>PSV\u00a0<\/strong>de Pa\u00edses Bajos, ser\u00eda una fija y falta dilucidar qui\u00e9n ser\u00e1 el tercero en cuesti\u00f3n<\/p>\n\n\n\n<p>Fuente: Infobae<\/p>\n","protected":false},"excerpt":{"rendered":"<div class=\"mh-excerpt\"><p>El pasado s\u00e1bado 12 de agosto,&nbsp;Lionel Scaloni&nbsp;recibi\u00f3 la dura noticia de que&nbsp;Ger\u00f3nimo Rulli&nbsp;tuvo que ser reemplazado a los 31 minutos de la primera parte en el duelo entre el&nbsp;Ajax&nbsp;y el&nbsp;Heracles&nbsp;por un golpe que sufri\u00f3 en el hombro derecho cuando intent\u00f3 cortar un centro. Luego de realizarse los estudios correspondientes, se confirm\u00f3 la peor noticia para el guardameta argentino:&nbsp;tendr\u00e1 que ser operado y estar\u00e1 fuera de las canchas al menos por cuatro meses. El cuadro neerland\u00e9s public\u00f3 un comunicado oficial donde aclar\u00f3 los pasos a seguir. \u201cGero&nbsp;Rulli no estar\u00e1 disponible por el momento. El arquero sufri\u00f3 una lesi\u00f3n en el hombro <a class=\"mh-excerpt-more\" href=\"http:\/\/dsrmedios.com.ar\/diario\/archivos\/38160\" title=\"Malas noticias para la selecci\u00f3n argentina: Ger\u00f3nimo Rulli deber\u00e1 ser operado del hombro y no jugar\u00e1 por varios meses\">[Leer m\u00e1s]<\/a><\/p>\n<\/div>","protected":false},"author":8,"featured_media":38164,"comment_status":"open","ping_status":"closed","sticky":false,"template":"","format":"standard","meta":{"_jetpack_newsletter_access":""},"categories":[2],"tags":[],"jetpack_featured_media_url":"http:\/\/dsrmedios.com.ar\/diario\/wp-content\/uploads\/2023\/08\/images-61.jpg","jetpack_sharing_enabled":true,"jetpack_shortlink":"https:\/\/wp.me\/p9fihK-9Vu","_links":{"self":[{"href":"http:\/\/dsrmedios.com.ar\/diario\/wp-json\/wp\/v2\/posts\/38160"}],"collection":[{"href":"http:\/\/dsrmedios.com.ar\/diario\/wp-json\/wp\/v2\/posts"}],"about":[{"href":"http:\/\/dsrmedios.com.ar\/diario\/wp-json\/wp\/v2\/types\/post"}],"author":[{"embeddable":true,"href":"http:\/\/dsrmedios.com.ar\/diario\/wp-json\/wp\/v2\/users\/8"}],"replies":[{"embeddable":true,"href":"http:\/\/dsrmedios.com.ar\/diario\/wp-json\/wp\/v2\/comments?post=38160"}],"version-history":[{"count":1,"href":"http:\/\/dsrmedios.com.ar\/diario\/wp-json\/wp\/v2\/posts\/38160\/revisions"}],"predecessor-version":[{"id":38165,"href":"http:\/\/dsrmedios.com.ar\/diario\/wp-json\/wp\/v2\/posts\/38160\/revisions\/38165"}],"wp:featuredmedia":[{"embeddable":true,"href":"http:\/\/dsrmedios.com.ar\/diario\/wp-json\/wp\/v2\/media\/38164"}],"wp:attachment":[{"href":"http:\/\/dsrmedios.com.ar\/diario\/wp-json\/wp\/v2\/media?parent=38160"}],"wp:term":[{"taxonomy":"category","embeddable":true,"href":"http:\/\/dsrmedios.com.ar\/diario\/wp-json\/wp\/v2\/categories?post=38160"},{"taxonomy":"post_tag","embeddable":true,"href":"http:\/\/dsrmedios.com.ar\/diario\/wp-json\/wp\/v2\/tags?post=38160"}],"curies":[{"name":"wp","href":"https:\/\/api.w.org\/{rel}","templated":true}]}}