{"id":38156,"date":"2023-08-14T10:58:59","date_gmt":"2023-08-14T13:58:59","guid":{"rendered":"http:\/\/dsrmedios.com.ar\/diario\/?p=38156"},"modified":"2023-08-14T10:59:01","modified_gmt":"2023-08-14T13:59:01","slug":"comienzan-70-dias-de-tension-politica-y-economica-efecto-milei-desafio-de-bullrich-y-doble-prueba-para-massa","status":"publish","type":"post","link":"http:\/\/dsrmedios.com.ar\/diario\/archivos\/38156","title":{"rendered":"Comienzan 70 d\u00edas de tensi\u00f3n pol\u00edtica y econ\u00f3mica: efecto Milei, desaf\u00edo de Bullrich y doble prueba para Massa"},"content":{"rendered":"\n<p>El resultado de las PASO acaba de colocar en la superficie una\u00a0<strong>realidad<\/strong>\u00a0que se desesperaban por desentra\u00f1ar consultores y candidatos, en la previa y sin mucho \u00e9xito. Los n\u00fameros\u00a0<strong>impactan por el triunfo de Javier Milei<\/strong>\u00a0y porque\u00a0<strong>desarman el tablero, pero no despejan el panorama<\/strong>. Empieza ahora un\u00a0<strong>muy largo camino de 70 d\u00edas<\/strong>, con previsible e inquietante\u00a0<strong>tensi\u00f3n pol\u00edtica y econ\u00f3mica,<\/strong>\u00a0hasta la primera vuelta electoral, el 22 de octubre. Se combinan la\u00a0<strong>fragmentaci\u00f3n\u00a0<\/strong>-con los tres principales candidatos separados por\u00a0<strong>menos de 3 puntos<\/strong>-, el\u00a0<strong>fracaso<\/strong>\u00a0de los aparatos pol\u00edticos m\u00e1s armados y la\u00a0<strong>disociaci\u00f3n<\/strong>\u00a0entre la se\u00f1al nacional y el mensaje de los triunfos provinciales, ratificada ayer mismo.<a rel=\"noreferrer noopener\" href=\"https:\/\/www.infobae.com\/politica\/2023\/08\/14\/paso-2023-los-triunfos-y-derrotas-imprevistas-en-los-principales-municipios-del-conurbano-bonaerense\/\" target=\"_blank\"><\/a><\/p>\n\n\n\n<p>El resultado representa un&nbsp;<strong>enorme sacud\u00f3n<\/strong>&nbsp;para Juntos por el Cambio y&nbsp;<strong>un muy duro golpe<\/strong>&nbsp;-hist\u00f3rico, realmente- para el peronismo reunido en Uni\u00f3n por la Patria. Se trata adem\u00e1s de porcentajes que la planilla muestra de&nbsp;<strong>manera apretada<\/strong>. Milei redonde\u00f3&nbsp;<strong>un triunfo resonante&nbsp;<\/strong>que rompe el pizarr\u00f3n de los dise\u00f1os de campa\u00f1a, pero lo hizo sumando el&nbsp;<strong>30,04%<\/strong>. Un escal\u00f3n m\u00e1s abajo termin\u00f3 JxC, en una pelea que gan\u00f3&nbsp;<strong>Patricia Bullrich<\/strong>&nbsp;sobre&nbsp;<strong>Horacio Rodr\u00edguez Larreta<\/strong>, con&nbsp;<strong>28,27%&nbsp;<\/strong>en total, y m\u00e1s atr\u00e1s Uni\u00f3n por la Patria, con&nbsp;<strong>27,26%<\/strong>&nbsp;y&nbsp;<strong>Sergio Massa<\/strong>&nbsp;sin la corona de candidato m\u00e1s votado individualmente. El segundo y tercer lugar dicen&nbsp;<strong>mucho m\u00e1s por su significado que por el escaso margen de diferencia<\/strong>.<\/p>\n\n\n\n<p>El panorama dislocado respecto de las expectativas ajustadas a la l\u00f3gica tradicional&nbsp;<strong>super\u00f3 incluso la idea original de los \u201ctercios\u201d<\/strong>, con cifras m\u00e1s o menos cercanas pero que colocaban a Milei en el segundo o tercer escal\u00f3n. La econom\u00eda, y los mercados en particular, pondr\u00e1n a la vista&nbsp;<strong>c\u00f3mo pega el resultado a partir de hoy<\/strong>. Ma\u00f1ana, adem\u00e1s, se conocer\u00e1 el IPC de julio. La inflaci\u00f3n&nbsp;<strong>ya mostraba aceleraci\u00f3n ese mes y m\u00e1s en lo que va de agosto<\/strong>. Es la cuesti\u00f3n m\u00e1s sensible.<\/p>\n\n\n\n<p>La fragmentaci\u00f3n es&nbsp;<strong>un elemento central<\/strong>&nbsp;de la postal que dejan las PASO. El tema es c\u00f3mo sigue la secuencia. No es el \u00fanico dato fuerte, con escasos antecedentes: los representantes de las estructuras m\u00e1s poderosas&nbsp;<strong>cosecharon derrotas<\/strong>, internas o generales. Massa cont\u00f3 con el apoyo de gobernadores, jefes sindicales, movimientos sociales.&nbsp;<strong>Cristina Fern\u00e1ndez de Kirchner&nbsp;<\/strong>expuso aval p\u00fablico apenas coronada la lista, pero luego recurri\u00f3 al silencio. Se impuso ante&nbsp;<strong>Juan Grabois<\/strong>, que jug\u00f3 a contener el voto K duro. Pero en la general, termin\u00f3 tercero detr\u00e1s de Milei y JxC.<\/p>\n\n\n\n<p>En la coalici\u00f3n opositora, Bullrich expuso&nbsp;<strong>una campa\u00f1a austera<\/strong>. Y enfrente, estuvieron el jefe de gobierno porte\u00f1o, buena parte de la UCR, la Coalici\u00f3n C\u00edvica y algunos otros sectores. Jug\u00f3 con una franja del radicalismo y cont\u00f3 con menos despliegue de estructuras. Por supuesto, el tema es ahora&nbsp;<strong>resta\u00f1ar la interna<\/strong>, como primer paso.<\/p>\n\n\n\n<p>Otro elemento significativo es que qued\u00f3 ratificada la&nbsp;<strong>disociaci\u00f3n entre los triunfos a escala provincial -es decir, el poder efectivo en cada distrito- y este resultado nacional<\/strong>&nbsp;de las PASO. Ayer mismo, con mayor o menor margen, se agregaron ejemplos. Milei se impuso como candidato en la mayor\u00eda de los distritos.&nbsp;<strong>Pint\u00f3 el mapa con sus colores<\/strong>. Pero el peronismo se impuso en las PASO por las gobernaciones en&nbsp;<strong>Buenos Aires<\/strong>, sin que le sobre nada, y en&nbsp;<strong>Catamarca<\/strong>, con comodidad. El kirchnerismo&nbsp;<strong>perdi\u00f3 Santa Cruz<\/strong>: golpe tambi\u00e9n simb\u00f3lico, a manos de un tejido opositor local. Y JxC&nbsp;<strong>sum\u00f3 un r\u00e9cord en las primarias porte\u00f1as<\/strong>&nbsp;-casi el 56% entre Jorge Macri y Mart\u00edn Lousteau, en ese orden- y se impuso en&nbsp;<strong>Entre R\u00edos<\/strong>, con&nbsp;<strong>Rogelio Frigerio<\/strong>&nbsp;ganando la interna.<\/p>\n\n\n\n<p><img decoding=\"async\" loading=\"lazy\" alt=\"Sergio Massa, tras el escrutinio. Llam\u00f3 a formar una &quot;nueva mayor\u00eda&quot; para octubre\" height=\"2399\" width=\"3594\" src=\"https:\/\/www.infobae.com\/new-resizer\/eIVv1k4LofocZ3ZkJOFdawZ0Rm4=\/arc-anglerfish-arc2-prod-infobae\/public\/TSQRWD4JUBSO6YSQVECWVLHA5Y.jpg\" srcset=\"https:\/\/www.infobae.com\/new-resizer\/YkOSLz9_q7d6FFYb0q47lsces_M=\/420x280\/filters:format(webp):quality(85)\/cloudfront-us-east-1.images.arcpublishing.com\/infobae\/TSQRWD4JUBSO6YSQVECWVLHA5Y.jpg 420w,https:\/\/www.infobae.com\/new-resizer\/E2A90niTpNdOHq1QRn7enQlciYg=\/768x512\/filters:format(webp):quality(85)\/cloudfront-us-east-1.images.arcpublishing.com\/infobae\/TSQRWD4JUBSO6YSQVECWVLHA5Y.jpg 768w,https:\/\/www.infobae.com\/new-resizer\/9ZEg0pUMCbd2cCYM9i_fA9f-Sk8=\/992x661\/filters:format(webp):quality(85)\/cloudfront-us-east-1.images.arcpublishing.com\/infobae\/TSQRWD4JUBSO6YSQVECWVLHA5Y.jpg 992w,https:\/\/www.infobae.com\/new-resizer\/c-jsFqXGNYIJRNM_yK2jkiPtKyk=\/1200x800\/filters:format(webp):quality(85)\/cloudfront-us-east-1.images.arcpublishing.com\/infobae\/TSQRWD4JUBSO6YSQVECWVLHA5Y.jpg 1200w,https:\/\/www.infobae.com\/new-resizer\/ACs9cvE-ypXNRc-Qg74_6x0RUfU=\/1440x960\/filters:format(webp):quality(85)\/cloudfront-us-east-1.images.arcpublishing.com\/infobae\/TSQRWD4JUBSO6YSQVECWVLHA5Y.jpg 1440w\">Sergio Massa, tras el escrutinio. Llam\u00f3 a formar una &#8220;nueva mayor\u00eda&#8221; para octubre<\/p>\n\n\n\n<p>Se ver\u00e1 si eso entra en juego como parte de la campa\u00f1a. En la enorme mayor\u00eda de las 18 elecciones previas, Milei&nbsp;<strong>busc\u00f3 mostrarse al margen<\/strong>. Se hablaba del arrastre personal del libertario y no de sus socios en cada provincia. Result\u00f3&nbsp;<strong>llamativo<\/strong>, en cambio, que ayer fueron comicios simult\u00e1neos con las PASO nacionales y no se produjo un efecto arrastre determinante.<\/p>\n\n\n\n<p>Como dato m\u00e1s tradicional se a\u00f1adi\u00f3 el corte de boleta, notable en la provincia de Buenos Aires para gobernador y en muchas intendencias. Son todos elementos que entrar\u00e1n en juego en&nbsp;<strong>la extensa batalla<\/strong>&nbsp;que acaba de arrancar camino a octubre. Es&nbsp;<strong>un una disputa reconfigurada<\/strong>. Por lo pronto, los candidatos dieron algunas se\u00f1ales ayer mismo y seguramente dedicar\u00e1n m\u00e1s de un d\u00eda a dise\u00f1ar estrategias para la primera vuelta.<\/p>\n\n\n\n<p>Milei expuso anoche, en el clima de festejo,&nbsp;<strong>un discurso duro contra la \u201ccasta\u201d pol\u00edtica<\/strong>&nbsp;y a\u00f1adi\u00f3 pinceladas sobre sus consignas de gobierno, para&nbsp;<strong>contrarrestar<\/strong>&nbsp;la idea de un voto propio exclusivamente \u201ccontra\u201d, es decir, sin propuesta. Ese es el punto: c\u00f3mo hacer equilibrio o combinar los dos elementos, frente al interrogante que supone tambi\u00e9n el desenganche entre el extendido triunfo nacional y la realidad de las provincias. Parece claro que lo que&nbsp;<strong>estar\u00e1 en juego es el sentido de su cosecha<\/strong>. Dicho de otra manera: si \u00fanicamente canaliz\u00f3 en las PASO el enorme malestar por la crisis de arrastre, como expresi\u00f3n de castigo, o si lo afianza y ampl\u00eda en octubre.<\/p>\n\n\n\n<p>Bullrich&nbsp;<strong>dio el primer paso de campa\u00f1a sobre el escenario del b\u00fanker unificado<\/strong>. Estaba previsto, aunque con un panorama&nbsp;<strong>diferente<\/strong>&nbsp;al esperado, no en la interna sino en la general. Los gestos para rearmar el frente dom\u00e9stico con Rodr\u00edguez Larreta seguir\u00e1n en estos primeros d\u00edas, entre la satisfacci\u00f3n por el triunfo y la visible preocupaci\u00f3n por el efecto Milei. Es probable que se evite ir al choque de calificativos con el l\u00edder de La Libertad Avanza y, en todo caso, se apunte a hacer eje en el \u201cvolumen\u201d para la gesti\u00f3n, con \u201cterritorio\u201d y peso legislativo. Las elecciones de septiembre&nbsp;<strong>toman as\u00ed sentido adicional<\/strong>: se juegan Santa Fe, Chaco y Mendoza.<\/p>\n\n\n\n<p>Massa, en cambio, tiene desaf\u00edo&nbsp;<strong>diferente y doble<\/strong>. La primera se\u00f1al fue el discurso de anoche, con eje en la consigna de crear&nbsp;<strong>una \u201cnueva mayor\u00eda\u201d<\/strong>&nbsp;para polarizar con Milei, cara del espacio m\u00e1s amplio en el que se buscar\u00eda incluir como expresi\u00f3n secundaria a Bullrich. Los d\u00edas y las horas&nbsp;<strong>corren para \u00e9l de un modo diferente<\/strong>&nbsp;por su condici\u00f3n de jefe de Econom\u00eda y casi \u00fanica referencia de la gesti\u00f3n. CFK prolong\u00f3 su distancia. Tambi\u00e9n, Alberto Fern\u00e1ndez, aunque su presencia era eludida expresamente.<\/p>\n\n\n\n<p>Todos coinciden en que este lunes arranca una pelea diferente, otra historia.\u00a0<strong>Un dato cierto en medio de nuevas incertidumbres<\/strong>.<\/p>\n\n\n\n<p>Fuente: Infobae<\/p>\n","protected":false},"excerpt":{"rendered":"<div class=\"mh-excerpt\"><p>El resultado de las PASO acaba de colocar en la superficie una\u00a0realidad\u00a0que se desesperaban por desentra\u00f1ar consultores y candidatos, en la previa y sin mucho \u00e9xito. Los n\u00fameros\u00a0impactan por el triunfo de Javier Milei\u00a0y porque\u00a0desarman el tablero, pero no despejan el panorama. Empieza ahora un\u00a0muy largo camino de 70 d\u00edas, con previsible e inquietante\u00a0tensi\u00f3n pol\u00edtica y econ\u00f3mica,\u00a0hasta la primera vuelta electoral, el 22 de octubre. Se combinan la\u00a0fragmentaci\u00f3n\u00a0-con los tres principales candidatos separados por\u00a0menos de 3 puntos-, el\u00a0fracaso\u00a0de los aparatos pol\u00edticos m\u00e1s armados y la\u00a0disociaci\u00f3n\u00a0entre la se\u00f1al nacional y el mensaje de los triunfos provinciales, ratificada ayer mismo. El resultado <a class=\"mh-excerpt-more\" href=\"http:\/\/dsrmedios.com.ar\/diario\/archivos\/38156\" title=\"Comienzan 70 d\u00edas de tensi\u00f3n pol\u00edtica y econ\u00f3mica: efecto Milei, desaf\u00edo de Bullrich y doble prueba para Massa\">[Leer m\u00e1s]<\/a><\/p>\n<\/div>","protected":false},"author":8,"featured_media":38158,"comment_status":"open","ping_status":"closed","sticky":false,"template":"","format":"standard","meta":{"_jetpack_newsletter_access":""},"categories":[6],"tags":[],"jetpack_featured_media_url":"http:\/\/dsrmedios.com.ar\/diario\/wp-content\/uploads\/2023\/08\/645a706b5a379-scaled.jpg","jetpack_sharing_enabled":true,"jetpack_shortlink":"https:\/\/wp.me\/p9fihK-9Vq","_links":{"self":[{"href":"http:\/\/dsrmedios.com.ar\/diario\/wp-json\/wp\/v2\/posts\/38156"}],"collection":[{"href":"http:\/\/dsrmedios.com.ar\/diario\/wp-json\/wp\/v2\/posts"}],"about":[{"href":"http:\/\/dsrmedios.com.ar\/diario\/wp-json\/wp\/v2\/types\/post"}],"author":[{"embeddable":true,"href":"http:\/\/dsrmedios.com.ar\/diario\/wp-json\/wp\/v2\/users\/8"}],"replies":[{"embeddable":true,"href":"http:\/\/dsrmedios.com.ar\/diario\/wp-json\/wp\/v2\/comments?post=38156"}],"version-history":[{"count":1,"href":"http:\/\/dsrmedios.com.ar\/diario\/wp-json\/wp\/v2\/posts\/38156\/revisions"}],"predecessor-version":[{"id":38159,"href":"http:\/\/dsrmedios.com.ar\/diario\/wp-json\/wp\/v2\/posts\/38156\/revisions\/38159"}],"wp:featuredmedia":[{"embeddable":true,"href":"http:\/\/dsrmedios.com.ar\/diario\/wp-json\/wp\/v2\/media\/38158"}],"wp:attachment":[{"href":"http:\/\/dsrmedios.com.ar\/diario\/wp-json\/wp\/v2\/media?parent=38156"}],"wp:term":[{"taxonomy":"category","embeddable":true,"href":"http:\/\/dsrmedios.com.ar\/diario\/wp-json\/wp\/v2\/categories?post=38156"},{"taxonomy":"post_tag","embeddable":true,"href":"http:\/\/dsrmedios.com.ar\/diario\/wp-json\/wp\/v2\/tags?post=38156"}],"curies":[{"name":"wp","href":"https:\/\/api.w.org\/{rel}","templated":true}]}}