{"id":38151,"date":"2023-08-14T10:53:13","date_gmt":"2023-08-14T13:53:13","guid":{"rendered":"http:\/\/dsrmedios.com.ar\/diario\/?p=38151"},"modified":"2023-08-14T10:53:16","modified_gmt":"2023-08-14T13:53:16","slug":"tras-una-eleccion-inesperada-rodriguez-larreta-inicia-una-nueva-etapa-politica-y-redefine-su-rol-en-jxc","status":"publish","type":"post","link":"http:\/\/dsrmedios.com.ar\/diario\/archivos\/38151","title":{"rendered":"Tras una elecci\u00f3n inesperada, Rodr\u00edguez Larreta inicia una nueva etapa pol\u00edtica y redefine su rol en JxC"},"content":{"rendered":"\n<p>El\u00a0<strong>\u00fanico ganador<\/strong>\u00a0de la elecci\u00f3n de este domingo fue<strong>\u00a0Javier Milei<\/strong>.\u00a0<strong>Juntos por el Cambio<\/strong>\u00a0(JxC) y\u00a0<strong>Uni\u00f3n por la Patria\u00a0<\/strong>(UxP)\u00a0<strong>perdieron votos<\/strong>\u00a0respecto a las elecciones de 2019 y 2021. La Libertad Avanza le \u201ccomi\u00f3\u201d electores a todos los espacios y dio paso a un\u00a0<strong>nuevo ciclo<\/strong>\u00a0en la historia pol\u00edtica de Argentina. El escenario electoral indica\u00a0<strong>tercios casi perfectos<\/strong>, lo cual supone que<strong>\u00a0la contienda est\u00e1 abierta<\/strong>\u00a0y que nadie tiene su boleto asegurado al\u00a0<em>ballotage\u00a0<\/em>o, bien, a un eventual triunfo en primera vuelta. Para sostener el\u00a0<strong>28%\u00a0<\/strong>obtenido en las PASO e intentar ampliarlo, JxC necesita m\u00e1s que nunca de la\u00a0<strong>unidad\u00a0<\/strong>entre\u00a0<strong>Patricia Bullrich<\/strong>\u00a0y<strong>\u00a0Horacio Rodr\u00edguez Larreta<\/strong>.<\/p>\n\n\n\n<p>La ex ministra de Seguridad cosech\u00f3 un&nbsp;<strong>16%<\/strong>&nbsp;y&nbsp;<strong>super\u00f3<\/strong>&nbsp;por casi<strong>&nbsp;6%<\/strong>&nbsp;de los votos totales al Jefe de Gobierno de la Ciudad. Es imperioso que logre retener el&nbsp;<strong>11%<\/strong>&nbsp;que logr\u00f3 el larretismo para posicionarse en octubre. Requerir\u00e1 de un<strong>&nbsp;trabajo fino<\/strong>. Por un lado, porque los dos precandidatos le hablaron a&nbsp;<strong>electorados diferentes&nbsp;<\/strong>durante las PASO. Y, luego, para aplacar las heridas de una<strong>&nbsp;interna ardua<\/strong>, que dej\u00f3&nbsp;<strong>lesiones&nbsp;<\/strong>c\u00edvicas, y generar una&nbsp;<strong>integraci\u00f3n&nbsp;<\/strong>eficaz de los equipos pol\u00edticos de ambos campamentos.<\/p>\n\n\n\n<p>Este escenario inaugura una&nbsp;<strong>nueva etapa<\/strong>&nbsp;en la carrera pol\u00edtica de Rodr\u00edguez Larreta. El alcalde porte\u00f1o hab\u00eda apostado todas sus fichas a este proyecto de poder. \u201c<strong>No hay plan B<\/strong>\u201d, sol\u00eda decir cuando le preguntaban qu\u00e9 pasaba si perd\u00eda con Bullrich. De joven, llen\u00f3 su mochila con el sue\u00f1o de ser Presidente de la Naci\u00f3n y camin\u00f3 hacia ese objetivo hasta anoche, cuando se abrieron las urnas y el anhelo se hizo a\u00f1icos. \u201c<strong>No pienso en perder<\/strong>. Y si sucede, el plan B pasar\u00e1 a ser autom\u00e1ticamente el plan A\u201d.<\/p>\n\n\n\n<p>0 seconds of 4 minutes, 33 secondsVolume 100%PASO 2023 &#8211; Discurso de Horacio Rodr\u00edguez Larreta<\/p>\n\n\n\n<p>Ese es el interrogante que signar\u00e1 los pr\u00f3ximos meses de su vida:&nbsp;<strong>cu\u00e1l ser\u00e1 su nuevo Plan A<\/strong>. Larreta es un hombre de Estado, que estudi\u00f3 econom\u00eda pero construy\u00f3 una carrera y una vida al calor de la pol\u00edtica. En su discurso de anoche sobre el escenario, junto a Bullrich, el Jefe de Gobierno&nbsp;<strong>felicit\u00f3&nbsp;<\/strong>a su contrincante interna y se comprometi\u00f3 a trabajar con ella para lograr el \u201c<strong>triunfo<\/strong>\u201d de JxC en las elecciones generales.<\/p>\n\n\n\n<p>La elecci\u00f3n de anoche puso en disputa el&nbsp;<strong>liderazgo&nbsp;<\/strong>de la coalici\u00f3n. Bullrich emergi\u00f3 como la figura que encabezar\u00e1 el proceso electoral y, acaso, los pr\u00f3ximos a\u00f1os.<strong>&nbsp;Mauricio Macri&nbsp;<\/strong>tambi\u00e9n tendr\u00e1&nbsp;<strong>incidencia&nbsp;<\/strong>pol\u00edtica, aunque en menor medida y sin un lugar institucional. \u00bfY&nbsp;<strong>qu\u00e9 rol ocupar\u00e1 ahora Rodr\u00edguez Larreta<\/strong>? En principio,&nbsp;<strong>garantizar la unidad<\/strong>&nbsp;de JxC e intentar contener a su tropa.<\/p>\n\n\n\n<p>Larreta se pondr\u00e1&nbsp;<strong>a disposici\u00f3n de Bullrich<\/strong>, aunque conversar\u00e1n en qu\u00e9 t\u00e9rminos y con qu\u00e9 rol transitar\u00e1n juntos la campa\u00f1a rumbo al 22 de octubre. En JxC conocen que deber\u00e1n hacer un&nbsp;<strong>an\u00e1lisis fr\u00edo<\/strong>, con lupa, de los n\u00fameros&nbsp;<strong>provincia por provincia<\/strong>&nbsp;y distrito por distrito. Al ser una elecci\u00f3n de tercios, no ser\u00e1 sencillo dar con la<strong>&nbsp;estrategia indicada<\/strong>&nbsp;para buscar los votos que necesitan para imponerse o, bien, asegurarse la entrada a la segunda vuelta.<\/p>\n\n\n\n<p><img decoding=\"async\" loading=\"lazy\" alt=\"Mauricio Macri, Jorge Macri, Patricia Bullrich y Horacio Rodr\u00edguez Larreta (Nicolas Stulberg)\" height=\"1280\" width=\"1920\" src=\"https:\/\/www.infobae.com\/new-resizer\/p0bqUEMHl9it50Ooo10ek9fJ6ps=\/arc-anglerfish-arc2-prod-infobae\/public\/6LA7OX3MCBHOLF6GW73CAASO6Q.jpg\" srcset=\"https:\/\/www.infobae.com\/new-resizer\/8BUlhQxfEexEqlSwWa6tNg93f1c=\/420x280\/filters:format(webp):quality(85)\/cloudfront-us-east-1.images.arcpublishing.com\/infobae\/6LA7OX3MCBHOLF6GW73CAASO6Q.jpg 420w,https:\/\/www.infobae.com\/new-resizer\/pzjKfybpqselwxN2j-wGlHDMQy8=\/768x512\/filters:format(webp):quality(85)\/cloudfront-us-east-1.images.arcpublishing.com\/infobae\/6LA7OX3MCBHOLF6GW73CAASO6Q.jpg 768w,https:\/\/www.infobae.com\/new-resizer\/kxBm4CEcxxeaFp6VS5Wcgj-57nQ=\/992x661\/filters:format(webp):quality(85)\/cloudfront-us-east-1.images.arcpublishing.com\/infobae\/6LA7OX3MCBHOLF6GW73CAASO6Q.jpg 992w,https:\/\/www.infobae.com\/new-resizer\/4w6FxOIagjTkVt5efhcCTLgf7jw=\/1200x800\/filters:format(webp):quality(85)\/cloudfront-us-east-1.images.arcpublishing.com\/infobae\/6LA7OX3MCBHOLF6GW73CAASO6Q.jpg 1200w,https:\/\/www.infobae.com\/new-resizer\/FO6AQuO7P4bQK8Uj7PLPLNZUKJM=\/1440x960\/filters:format(webp):quality(85)\/cloudfront-us-east-1.images.arcpublishing.com\/infobae\/6LA7OX3MCBHOLF6GW73CAASO6Q.jpg 1440w\">Mauricio Macri, Jorge Macri, Patricia Bullrich y Horacio Rodr\u00edguez Larreta (Nicolas Stulberg)<\/p>\n\n\n\n<p>A\u00fan no est\u00e1 definido<strong>&nbsp;cu\u00e1ndo se har\u00e1 una foto<\/strong>, recorrida o encuentro<strong>&nbsp;entre Bullrich y Larreta<\/strong>. Hoy&nbsp;<strong>comienza una nueva etapa<\/strong>. Tambi\u00e9n una nueva elecci\u00f3n, muy distinta a la de anoche. En cualquier caso, la unidad entre ambos referentes ser\u00e1 central para la campa\u00f1a.<\/p>\n\n\n\n<p>En el larretismo vivieron con&nbsp;<strong>desaz\u00f3n&nbsp;<\/strong>la derrota ante Bullrich. Si bien imaginaban una&nbsp;<strong>elecci\u00f3n pareja<\/strong>, incluso algunos deslizaban que pod\u00edan caer \u201c<strong>por poco<\/strong>\u201d, nadie en el laboratorio pol\u00edtico de Uspallata vislumbr\u00f3 que lograr\u00edan obtener apenas el 11% de los sufragios. As\u00ed como tampoco computaban perder por m\u00e1s de 5% ante el bullrichismo.<\/p>\n\n\n\n<p>El Jefe de Gobierno recibi\u00f3 los resultados en su b\u00fanker partidario de la calle Olaz\u00e1bal, en el barrio de Belgrano. All\u00ed estuvo hasta cerca de las 22, junto a sus principales asesores pol\u00edticos y funcionarios. En ese lugar receptaban las planillas que les llegaban de sus mesas testigos. En torno a las&nbsp;<strong>21:30<\/strong>, el larretismo ya conoc\u00eda que Bullrich se impon\u00eda por 6% y que el resultado era&nbsp;<strong>irreversible<\/strong>. \u201c<strong>Hola, Patricia. Felicitaciones<\/strong>\u201d, salud\u00f3 el jefe de Gobierno a su adversaria y reconoci\u00f3 la derrota.<\/p>\n\n\n\n<p><img decoding=\"async\" loading=\"lazy\" alt=\"Patricia Bullrich gan\u00f3 la interna de JxC (REUTERS\/Agustin Marcarian)\" height=\"3333\" width=\"5000\" src=\"https:\/\/www.infobae.com\/new-resizer\/Tv4L_M5Am1Ij3KAfJ9OtbklqgrE=\/arc-anglerfish-arc2-prod-infobae\/public\/VK37J2NDPOADHRHN62VEVRE6TU.jpg\" srcset=\"https:\/\/www.infobae.com\/new-resizer\/Eqve5nV42tp_iaY2Zx60Kk396Pg=\/420x280\/filters:format(webp):quality(85)\/cloudfront-us-east-1.images.arcpublishing.com\/infobae\/VK37J2NDPOADHRHN62VEVRE6TU.jpg 420w,https:\/\/www.infobae.com\/new-resizer\/vtFlMYq4Q-ghrN5wxi3rHoX_r9w=\/768x512\/filters:format(webp):quality(85)\/cloudfront-us-east-1.images.arcpublishing.com\/infobae\/VK37J2NDPOADHRHN62VEVRE6TU.jpg 768w,https:\/\/www.infobae.com\/new-resizer\/qVnCVBxqxYlO8PTHEFzKu-37kDY=\/992x661\/filters:format(webp):quality(85)\/cloudfront-us-east-1.images.arcpublishing.com\/infobae\/VK37J2NDPOADHRHN62VEVRE6TU.jpg 992w,https:\/\/www.infobae.com\/new-resizer\/jex7l7kEk2XRV7h7VRESwa5zFtk=\/1200x800\/filters:format(webp):quality(85)\/cloudfront-us-east-1.images.arcpublishing.com\/infobae\/VK37J2NDPOADHRHN62VEVRE6TU.jpg 1200w,https:\/\/www.infobae.com\/new-resizer\/0J5unQ3TYs1s8CAIU_ytkS8_nOA=\/1440x960\/filters:format(webp):quality(85)\/cloudfront-us-east-1.images.arcpublishing.com\/infobae\/VK37J2NDPOADHRHN62VEVRE6TU.jpg 1440w\">Patricia Bullrich gan\u00f3 la interna de JxC (REUTERS\/Agustin Marcarian)<\/p>\n\n\n\n<p>Ambos&nbsp;<strong>acordaron encontrarse&nbsp;<\/strong>minutos despu\u00e9s en el b\u00fanker com\u00fan de Parque Norte y subir al escenario para dar una foto de unidad. Fue un momento breve. Larreta ten\u00eda la voz aplacada. Aunque la foto result\u00f3 relevante de cara a lo que viene.<\/p>\n\n\n\n<p>Luego, Rodr\u00edguez Larreta se traslad\u00f3 al restaurante<strong>&nbsp;El Mirasol de la Recova<\/strong>, en Recoleta, donde tuvo una cena con sus personas m\u00e1s cercanas para cerrar la jornada electoral y hacer un primer balance. Lo acompa\u00f1aron algunos familiares,&nbsp;<strong>Milagros Mailyn<\/strong>, ex funcionaria porte\u00f1a y pareja del alcalde, y dirigentes \u00edntimos, como<strong>&nbsp;Mar\u00eda Eugenia Vidal<\/strong>,&nbsp;<strong>Augusto Rodr\u00edguez Larreta<\/strong>, hermano y armador larretista,&nbsp;<strong>Emmanuel Ferrario<\/strong>, vicepresidente 1\u00b0 de la Legislatura,&nbsp;<strong>Eduardo Macchiavelli<\/strong>, secretario de Proyecci\u00f3n Federal porte\u00f1o.<\/p>\n\n\n\n<p>Con el calor de la elecci\u00f3n, sin la distancia y la prudencia que exige un an\u00e1lisis pormenorizado, en la mesa pol\u00edtica de Larreta coincidieron en que buena parte de la explicaci\u00f3n al resultado electoral es hubo un \u201c<strong>voto bronca y anti sistema<\/strong>\u201d y que con Milei el electorado encontr\u00f3<strong>&nbsp;nombre y apellido<\/strong>&nbsp;para canalizar esa&nbsp;<strong>insatisfacci\u00f3n&nbsp;<\/strong>pol\u00edtica.<\/p>\n\n\n\n<p><img decoding=\"async\" loading=\"lazy\" alt=\"Mauricio Macri y Horacio Rodr\u00edguez Larreta\" height=\"1081\" width=\"1920\" src=\"https:\/\/www.infobae.com\/new-resizer\/8jrlIME-gWVGkayH89_pn_9f_fw=\/arc-anglerfish-arc2-prod-infobae\/public\/BTSU7BHK4BA63JFW3D73EPYMC4.jpg\" srcset=\"https:\/\/www.infobae.com\/new-resizer\/bbVk_ZCvWdXEEl2xRYyD0tElJ38=\/420x236\/filters:format(webp):quality(85)\/cloudfront-us-east-1.images.arcpublishing.com\/infobae\/BTSU7BHK4BA63JFW3D73EPYMC4.jpg 420w,https:\/\/www.infobae.com\/new-resizer\/rI6RnHfyGyBJ-y_4HIAB9S-wzSw=\/768x432\/filters:format(webp):quality(85)\/cloudfront-us-east-1.images.arcpublishing.com\/infobae\/BTSU7BHK4BA63JFW3D73EPYMC4.jpg 768w,https:\/\/www.infobae.com\/new-resizer\/foBKM8lPfnz67q_9won_Z9TeEvE=\/992x558\/filters:format(webp):quality(85)\/cloudfront-us-east-1.images.arcpublishing.com\/infobae\/BTSU7BHK4BA63JFW3D73EPYMC4.jpg 992w,https:\/\/www.infobae.com\/new-resizer\/lIEF3FwxPj6TAgJIt2H9zeoPLqA=\/1200x675\/filters:format(webp):quality(85)\/cloudfront-us-east-1.images.arcpublishing.com\/infobae\/BTSU7BHK4BA63JFW3D73EPYMC4.jpg 1200w,https:\/\/www.infobae.com\/new-resizer\/QBX4lqmN2YSockM90BX1rA6ngds=\/1440x810\/filters:format(webp):quality(85)\/cloudfront-us-east-1.images.arcpublishing.com\/infobae\/BTSU7BHK4BA63JFW3D73EPYMC4.jpg 1440w\">Mauricio Macri y Horacio Rodr\u00edguez Larreta<\/p>\n\n\n\n<p>\u201c<strong>Mientras todo el sistema dec\u00eda que Milei se cay\u00f3, no sucedi\u00f3<\/strong>\u201d, analiz\u00f3 un dirigente del c\u00edrculo \u00edntimo de Rodr\u00edguez Larreta. \u201cLa \u00faltima semana fue&nbsp;<strong>capitalizada&nbsp;<\/strong>por Milei en el hartazgo de querer terminar con todo\u201d, ampli\u00f3 la misma fuente en di\u00e1logo con Infobae.<\/p>\n\n\n\n<p>Esa situaci\u00f3n produjo un corrimiento del espectro pol\u00edtico hacia la derecha. El larretismo construy\u00f3 su propuesta pol\u00edtica con un&nbsp;<strong>mensaje consensual<\/strong>, de cerrar la grieta y ampliar la coalici\u00f3n. Los resultados de anoche exhibieron de&nbsp;<strong>Rodr\u00edguez Larreta intent\u00f3 pescar votos en una pecera que se qued\u00f3 sin agua<\/strong>.<\/p>\n\n\n\n<p>A partir de la pandemia, la imagen del Jefe de Gobierno creci\u00f3 considerablemente. Y&nbsp;<strong>su figura pol\u00edtica se consolid\u00f3 con las elecciones de 2021<\/strong>, donde impuls\u00f3 una estrategia en contra de la voluntad pol\u00edtica de Mauricio Macri, Bullrich y el ala dura del PRO. Logr\u00f3 salir airoso.&nbsp;<strong>Diego Santilli&nbsp;<\/strong>se impuso en provincia de Buenos Aires y Vidal lo hizo en la Ciudad. El larretismo interpret\u00f3 que ten\u00edan&nbsp;<strong>allanado el camino<\/strong>&nbsp;hacia las presidenciales. No obstante, no imaginaron el<strong>&nbsp;crecimiento vertiginoso que tuvo Bullrich<\/strong>&nbsp;ni la elecci\u00f3n que logr\u00f3 hacer Milei.<\/p>\n\n\n\n<p><img decoding=\"async\" loading=\"lazy\" alt=\"Javier Milei, el gran ganador de las PASO (T\u00e9lam)\" height=\"1080\" width=\"1920\" src=\"https:\/\/www.infobae.com\/new-resizer\/yrNOUPEGDPEECe7qiGFw_5luCYw=\/arc-anglerfish-arc2-prod-infobae\/public\/YRTDBQUMINFUXINUZ5ZRJ3HU7M.jpg\" srcset=\"https:\/\/www.infobae.com\/new-resizer\/HKZp1lHSU5t0mazUPqdGMQEmgPY=\/420x236\/filters:format(webp):quality(85)\/cloudfront-us-east-1.images.arcpublishing.com\/infobae\/YRTDBQUMINFUXINUZ5ZRJ3HU7M.jpg 420w,https:\/\/www.infobae.com\/new-resizer\/Yc6TSWE7ZIamRjpsMzKBAbmLpII=\/768x432\/filters:format(webp):quality(85)\/cloudfront-us-east-1.images.arcpublishing.com\/infobae\/YRTDBQUMINFUXINUZ5ZRJ3HU7M.jpg 768w,https:\/\/www.infobae.com\/new-resizer\/No1u8vsne9pGdj36zYPwXXg3Rz8=\/992x558\/filters:format(webp):quality(85)\/cloudfront-us-east-1.images.arcpublishing.com\/infobae\/YRTDBQUMINFUXINUZ5ZRJ3HU7M.jpg 992w,https:\/\/www.infobae.com\/new-resizer\/JCmKM-7EFebNXxFMxKy_6OYKmWU=\/1200x675\/filters:format(webp):quality(85)\/cloudfront-us-east-1.images.arcpublishing.com\/infobae\/YRTDBQUMINFUXINUZ5ZRJ3HU7M.jpg 1200w,https:\/\/www.infobae.com\/new-resizer\/P8hDhRJX0gLSuJ4ussaXeSUVSSo=\/1440x810\/filters:format(webp):quality(85)\/cloudfront-us-east-1.images.arcpublishing.com\/infobae\/YRTDBQUMINFUXINUZ5ZRJ3HU7M.jpg 1440w\">Javier Milei, el gran ganador de las PASO (T\u00e9lam)<\/p>\n\n\n\n<p>\u201cLa sociedad ha elegido una elecci\u00f3n antisistema. Nosotros&nbsp;<strong>no representamos eso<\/strong>&nbsp;porque no somos eso\u201d, explic\u00f3 un asesor que frecuenta Uspallata, sede del Gobierno porte\u00f1o. \u201c<strong>No es un tema de posicionamiento incorrecto<\/strong>\u201d, continu\u00f3, \u201csi no que Horacio no tiene nada que ver con Milei y no \u00edbamos a forzar su perfil\u201d, sostuvo el dirigente.<\/p>\n\n\n\n<p>\u201cUno gana si tiene lo que la gente quiere escuchar\u201d, coincidi\u00f3 otro referente pol\u00edtico al que Larreta consulta habitualmente. Y concluy\u00f3: \u201c<strong>La gente quer\u00eda un mensaje m\u00e1s duro y eso lo represent\u00f3 Patricia<\/strong>\u201d.<\/p>\n\n\n\n<p>Por otro lado, en el larretismo tambi\u00e9n evaluaron como \u201c<strong>perjudicial<\/strong>\u201d los<strong>&nbsp;roces internos<\/strong>&nbsp;con Bullrich. En ese eje, cerca de Larreta&nbsp;<strong>apuntaron a Macri<\/strong>&nbsp;como uno de los&nbsp;<strong>responsables&nbsp;<\/strong>de la<strong>&nbsp;tensi\u00f3n intestina<\/strong>. \u201cMauricio<strong>&nbsp;hizo todo para exasperar los \u00e1nimos<\/strong>&nbsp;y para que Horacio y Patricia se raspen\u201d, opin\u00f3 uno de los principales armadores pol\u00edticos larretista.<\/p>\n\n\n\n<p><img decoding=\"async\" loading=\"lazy\" alt=\"Jorge Macri se impuso en la interna porte\u00f1a ante Mart\u00edn Lousteau\" height=\"1280\" width=\"1920\" src=\"https:\/\/www.infobae.com\/new-resizer\/virGrZSST6x2vrGKg4WifLnY6dw=\/arc-anglerfish-arc2-prod-infobae\/public\/4E6WHJYL25GVBCIH62KS253Z2E.jpg\" srcset=\"https:\/\/www.infobae.com\/new-resizer\/SI1wFSW0C3CU3jRE91Wh4_UnjSE=\/420x280\/filters:format(webp):quality(85)\/cloudfront-us-east-1.images.arcpublishing.com\/infobae\/4E6WHJYL25GVBCIH62KS253Z2E.jpg 420w,https:\/\/www.infobae.com\/new-resizer\/IvDFJ8v2mOScDH4sQD8Up4FBbD4=\/768x512\/filters:format(webp):quality(85)\/cloudfront-us-east-1.images.arcpublishing.com\/infobae\/4E6WHJYL25GVBCIH62KS253Z2E.jpg 768w,https:\/\/www.infobae.com\/new-resizer\/n6NgwJPPDFYiyF86li0copEON80=\/992x661\/filters:format(webp):quality(85)\/cloudfront-us-east-1.images.arcpublishing.com\/infobae\/4E6WHJYL25GVBCIH62KS253Z2E.jpg 992w,https:\/\/www.infobae.com\/new-resizer\/HqsD-U7_7uXIMfepTYhTKlvT4gI=\/1200x800\/filters:format(webp):quality(85)\/cloudfront-us-east-1.images.arcpublishing.com\/infobae\/4E6WHJYL25GVBCIH62KS253Z2E.jpg 1200w,https:\/\/www.infobae.com\/new-resizer\/aAHHbMf2bDL9XnQt5T4i04IjXtQ=\/1440x960\/filters:format(webp):quality(85)\/cloudfront-us-east-1.images.arcpublishing.com\/infobae\/4E6WHJYL25GVBCIH62KS253Z2E.jpg 1440w\">Jorge Macri se impuso en la interna porte\u00f1a ante Mart\u00edn Lousteau<\/p>\n\n\n\n<p>Otro factor que Larreta identific\u00f3 como clave para la derrota fue&nbsp;<strong>no lograr hacer pie con su candidatura&nbsp;<\/strong>en provincias clave en las que esperaban un mejor resultado. Como en la provincia de Buenos Aires, donde Santilli qued\u00f3 a cent\u00e9simas de&nbsp;<strong>N\u00e9stor Grindetti<\/strong>, precandidato a gobernador bullrichista. \u201cTuvimos un&nbsp;<strong>error&nbsp;<\/strong>en ponderar la encuesta con un&nbsp;<strong>arrastre&nbsp;<\/strong>de Santilli\u201d, sostuvo un operador pol\u00edtico bonaerense de JxC. Larreta dise\u00f1\u00f3 una estrategia con la que imaginaba que podr\u00eda&nbsp;<strong>compensar&nbsp;<\/strong>con un triunfo s\u00f3lido en Buenos Aires la derrota en otros territorios. Tampoco sucedi\u00f3.<\/p>\n\n\n\n<p>Algo similar sucedi\u00f3 en provincias como&nbsp;<strong>Mendoza<\/strong>,&nbsp;<strong>C\u00f3rdoba<\/strong>,<strong>&nbsp;Santa Fe<\/strong>, donde Larreta no computaba caer por una distancia tan significativa ante Bullrich. Incluso, perdi\u00f3 por una diferencia considerable en CABA, el territorio que gobierna. El jefe de Gobierno&nbsp;<strong>cay\u00f3&nbsp;<\/strong>en la interna presidencial en&nbsp;<strong>19 provincias<\/strong>, hizo una elecci\u00f3n pareja en San Luis y Catamarca, y gan\u00f3 en Jujuy, San Juan y La Rioja.<\/p>\n\n\n\n<p>En la Ciudad, Larreta sostuvo una especie de&nbsp;<strong>equilibrio pol\u00edtico<\/strong>&nbsp;entre&nbsp;<strong>Jorge Macri<\/strong>&nbsp;y<strong>&nbsp;Mart\u00edn Lousteau<\/strong>&nbsp;en la competencia por la Jefatura de Gobierno. Esa actitud le vali\u00f3 la<strong>&nbsp;cr\u00edtica del PRO<\/strong>&nbsp;duro y la&nbsp;<strong>ruptura&nbsp;<\/strong>de la relaci\u00f3n pol\u00edtica con el ex Presidente. El macrismo lo acus\u00f3 de querer \u201c<strong>regalarle la Ciudad a Lousteau<\/strong>\u201d. Con el triunfo de anoche de Jorge Macri y la derrota a nivel presidencial de Larreta ante Bullrich, en el bullrichismo consignaron que \u201clos resultados de CABA fueron una derrota en s\u00ed misma para Horacio\u201d.<\/p>\n\n\n\n<p><img decoding=\"async\" loading=\"lazy\" alt=\"N\u00e9stor Grindetti gan\u00f3 la interna bonaerense ante Diego Santilli\" height=\"1080\" width=\"1920\" src=\"https:\/\/www.infobae.com\/new-resizer\/MWEw_SYDHs786_wKI8DRyUh5qMY=\/arc-anglerfish-arc2-prod-infobae\/public\/QCJYUCZKBBEELPY3WXUPYSAHBY.png\" srcset=\"https:\/\/www.infobae.com\/new-resizer\/zebbTiUQ2QI5aFDlQavnER4Nd38=\/420x236\/filters:format(webp):quality(85)\/cloudfront-us-east-1.images.arcpublishing.com\/infobae\/QCJYUCZKBBEELPY3WXUPYSAHBY.png 420w,https:\/\/www.infobae.com\/new-resizer\/rtuS5npo1O0GW_DYQ7XD6WGJpkM=\/768x432\/filters:format(webp):quality(85)\/cloudfront-us-east-1.images.arcpublishing.com\/infobae\/QCJYUCZKBBEELPY3WXUPYSAHBY.png 768w,https:\/\/www.infobae.com\/new-resizer\/pEMBE4s5y76VSb9x8WQGKfd60VE=\/992x558\/filters:format(webp):quality(85)\/cloudfront-us-east-1.images.arcpublishing.com\/infobae\/QCJYUCZKBBEELPY3WXUPYSAHBY.png 992w,https:\/\/www.infobae.com\/new-resizer\/_ozxaMeayXp7vchRbEOVIMGUCWU=\/1200x675\/filters:format(webp):quality(85)\/cloudfront-us-east-1.images.arcpublishing.com\/infobae\/QCJYUCZKBBEELPY3WXUPYSAHBY.png 1200w,https:\/\/www.infobae.com\/new-resizer\/faUN6u3tq2Kx6Qtw3RVsiveDRRo=\/1440x810\/filters:format(webp):quality(85)\/cloudfront-us-east-1.images.arcpublishing.com\/infobae\/QCJYUCZKBBEELPY3WXUPYSAHBY.png 1440w\">N\u00e9stor Grindetti gan\u00f3 la interna bonaerense ante Diego Santilli<\/p>\n\n\n\n<p>El larretismo hab\u00eda trabajado durante los \u00faltimos dos a\u00f1os en la construcci\u00f3n de una estructura territorial en todo el pa\u00eds. No obstante, no fue suficiente. \u201c<strong>El territorio no te respondi\u00f3<\/strong>. Hubo&nbsp;<strong>traiciones&nbsp;<\/strong>y cosas que se manejaron mal\u201d, recrimin\u00f3 un operador pol\u00edtico de la mesa chica de Larreta.<\/p>\n\n\n\n<p>Restan dos meses para las elecciones generales. \u201c<strong>Estamos a nada de quedar afuera del ballotage<\/strong>\u201d, advirti\u00f3 un dirigente larretista. JxC inicia una nueva elecci\u00f3n, con el desaf\u00edo de retener todos los votos obtenidos en las PASO y potenciarlos. Larreta asumir\u00e1 un rol clave en ese sentido.<\/p>\n\n\n\n<p>En relaci\u00f3n con su aspiraci\u00f3n personal, el Jefe de Gobierno se concentrar\u00e1 hasta el 22 de octubre en la elecci\u00f3n general, para empujar el triunfo de JxC. \u201cDespu\u00e9s habr\u00e1 tiempo para ver qu\u00e9 hace \u00e9l, a d\u00f3nde va y cu\u00e1l ser\u00e1 su futuro en la pol\u00edtica\u201d, augur\u00f3 un dirigente que habla semanalmente con Rodr\u00edguez Larreta.<\/p>\n\n\n\n<p>Fuente: Infobae<\/p>\n","protected":false},"excerpt":{"rendered":"<div class=\"mh-excerpt\"><p>El\u00a0\u00fanico ganador\u00a0de la elecci\u00f3n de este domingo fue\u00a0Javier Milei.\u00a0Juntos por el Cambio\u00a0(JxC) y\u00a0Uni\u00f3n por la Patria\u00a0(UxP)\u00a0perdieron votos\u00a0respecto a las elecciones de 2019 y 2021. La Libertad Avanza le \u201ccomi\u00f3\u201d electores a todos los espacios y dio paso a un\u00a0nuevo ciclo\u00a0en la historia pol\u00edtica de Argentina. El escenario electoral indica\u00a0tercios casi perfectos, lo cual supone que\u00a0la contienda est\u00e1 abierta\u00a0y que nadie tiene su boleto asegurado al\u00a0ballotage\u00a0o, bien, a un eventual triunfo en primera vuelta. Para sostener el\u00a028%\u00a0obtenido en las PASO e intentar ampliarlo, JxC necesita m\u00e1s que nunca de la\u00a0unidad\u00a0entre\u00a0Patricia Bullrich\u00a0y\u00a0Horacio Rodr\u00edguez Larreta. La ex ministra de Seguridad cosech\u00f3 un&nbsp;16%&nbsp;y&nbsp;super\u00f3&nbsp;por casi&nbsp;6%&nbsp;de <a class=\"mh-excerpt-more\" href=\"http:\/\/dsrmedios.com.ar\/diario\/archivos\/38151\" title=\"Tras una elecci\u00f3n inesperada, Rodr\u00edguez Larreta inicia una nueva etapa pol\u00edtica y redefine su rol en JxC\">[Leer m\u00e1s]<\/a><\/p>\n<\/div>","protected":false},"author":8,"featured_media":32395,"comment_status":"open","ping_status":"closed","sticky":false,"template":"","format":"standard","meta":{"_jetpack_newsletter_access":""},"categories":[6],"tags":[],"jetpack_featured_media_url":"http:\/\/dsrmedios.com.ar\/diario\/wp-content\/uploads\/2023\/05\/larreta.webp","jetpack_sharing_enabled":true,"jetpack_shortlink":"https:\/\/wp.me\/p9fihK-9Vl","_links":{"self":[{"href":"http:\/\/dsrmedios.com.ar\/diario\/wp-json\/wp\/v2\/posts\/38151"}],"collection":[{"href":"http:\/\/dsrmedios.com.ar\/diario\/wp-json\/wp\/v2\/posts"}],"about":[{"href":"http:\/\/dsrmedios.com.ar\/diario\/wp-json\/wp\/v2\/types\/post"}],"author":[{"embeddable":true,"href":"http:\/\/dsrmedios.com.ar\/diario\/wp-json\/wp\/v2\/users\/8"}],"replies":[{"embeddable":true,"href":"http:\/\/dsrmedios.com.ar\/diario\/wp-json\/wp\/v2\/comments?post=38151"}],"version-history":[{"count":1,"href":"http:\/\/dsrmedios.com.ar\/diario\/wp-json\/wp\/v2\/posts\/38151\/revisions"}],"predecessor-version":[{"id":38152,"href":"http:\/\/dsrmedios.com.ar\/diario\/wp-json\/wp\/v2\/posts\/38151\/revisions\/38152"}],"wp:featuredmedia":[{"embeddable":true,"href":"http:\/\/dsrmedios.com.ar\/diario\/wp-json\/wp\/v2\/media\/32395"}],"wp:attachment":[{"href":"http:\/\/dsrmedios.com.ar\/diario\/wp-json\/wp\/v2\/media?parent=38151"}],"wp:term":[{"taxonomy":"category","embeddable":true,"href":"http:\/\/dsrmedios.com.ar\/diario\/wp-json\/wp\/v2\/categories?post=38151"},{"taxonomy":"post_tag","embeddable":true,"href":"http:\/\/dsrmedios.com.ar\/diario\/wp-json\/wp\/v2\/tags?post=38151"}],"curies":[{"name":"wp","href":"https:\/\/api.w.org\/{rel}","templated":true}]}}