{"id":38148,"date":"2023-08-14T10:56:00","date_gmt":"2023-08-14T13:56:00","guid":{"rendered":"http:\/\/dsrmedios.com.ar\/diario\/?p=38148"},"modified":"2023-08-14T10:56:04","modified_gmt":"2023-08-14T13:56:04","slug":"los-resultados-de-las-intendencias-en-la-provincia-de-buenos-aires-que-pusieron-fin-a-las-internas","status":"publish","type":"post","link":"http:\/\/dsrmedios.com.ar\/diario\/archivos\/38148","title":{"rendered":"Los resultados de las intendencias en la provincia de Buenos Aires que pusieron fin a las internas"},"content":{"rendered":"\n<p>Tras las PASO, el mapa de la provincia de Buenos se ti\u00f1\u00f3 de amarillo, azul y levemente morado. Como si se tratara de una pintura, los tres colores -que representan las fuerzas de\u00a0<strong>Juntos por el Cambio<\/strong>,<strong>\u00a0Uni\u00f3n por la Patria\u00a0<\/strong>y<strong>\u00a0La Libertad Avanza<\/strong>, respectivamente- dan un panorama de c\u00f3mo votaron los bonaerenses en estas elecciones. Si bien desde lejos el panorama parece favorecer a la oposici\u00f3n, las urnas de algunas intendencias revelaron sorpresas como en:\u00a0<strong>Hurlingham, San Isidro y Tigre<\/strong>.<a rel=\"noreferrer noopener\" href=\"https:\/\/www.infobae.com\/politica\/2023\/08\/14\/un-partido-vecinal-gano-la-interna-en-san-isidro-y-los-posse-no-gobernaran-el-municipio-por-primera-vez-en-mas-de-40-anos\/\" target=\"_blank\"><\/a><\/p>\n\n\n\n<p>Con el 36,64% de los votos,&nbsp;<strong>Axel Kicillof<\/strong>&nbsp;result\u00f3ser el candidato m\u00e1s votado de la provincia y le transmiti\u00f3 cierta tranquilidad al oficialismo en una jornada adversa dominada por los libertarios de Javier Milei y los \u201chalcones\u201d encolumnados detr\u00e1s de&nbsp;<strong>Patricia Bullrich<\/strong>. En ese marco, el candidato a intendente de La C\u00e1mpora<strong>&nbsp;Dami\u00e1n Selci&nbsp;<\/strong>se impuso ante<strong>&nbsp;Juan Zabaleta<\/strong>&nbsp;en la interna por el&nbsp;<strong>Municipio de Hurlingham<\/strong>. El pol\u00edtico hab\u00eda sido apoyado, d\u00edas atr\u00e1s, por el actual gobernador de la provincia de Buenos Aires.<\/p>\n\n\n\n<p>El municipio del oeste del conurbano, que cuenta con 200 mil habitantes, fue el escenario donde se libr\u00f3 una de las batallas m\u00e1s encarnizadas entre&nbsp;<strong>La C\u00e1mpora&nbsp;<\/strong>y el&nbsp;<strong>PJ<\/strong>, en la que incluso se involucr\u00f3 de forma personal M\u00e1ximo Kirchner. El camporista Dami\u00e1n Selci hab\u00eda asumido como intendente interino en agosto de 2021 cuando Zabaleta pidi\u00f3 licencia para sumarse al gabinete de&nbsp;<strong>Alberto Fern\u00e1ndez<\/strong>&nbsp;al frente del<strong>&nbsp;Ministerio de Desarrollo Social<\/strong>. En octubre de 2022, Juan Zabaleta volvi\u00f3 a la intendencia y la relaci\u00f3n con el kirchnerismo estall\u00f3 por los aires.<\/p>\n\n\n\n<p><img decoding=\"async\" loading=\"lazy\" height=\"844\" width=\"1920\" srcset=\"https:\/\/www.infobae.com\/new-resizer\/qjs4OkbuQt3FsbyA7ykmVDMRB9U=\/420x187\/filters:format(webp):quality(85)\/cloudfront-us-east-1.images.arcpublishing.com\/infobae\/GHOUFXK6ZNCIXEETY52NV6S64U.jpg 420w,https:\/\/www.infobae.com\/new-resizer\/tFOBAvP83wx6hO0yVaahnZVqWCQ=\/768x341\/filters:format(webp):quality(85)\/cloudfront-us-east-1.images.arcpublishing.com\/infobae\/GHOUFXK6ZNCIXEETY52NV6S64U.jpg 768w,https:\/\/www.infobae.com\/new-resizer\/eB6sbK1QQj0IkbX8uQdBsfM80QU=\/992x441\/filters:format(webp):quality(85)\/cloudfront-us-east-1.images.arcpublishing.com\/infobae\/GHOUFXK6ZNCIXEETY52NV6S64U.jpg 992w,https:\/\/www.infobae.com\/new-resizer\/JxqSOW5op0poliDj5axMJ00ZvaY=\/1200x533\/filters:format(webp):quality(85)\/cloudfront-us-east-1.images.arcpublishing.com\/infobae\/GHOUFXK6ZNCIXEETY52NV6S64U.jpg 1200w\" src=\"https:\/\/www.infobae.com\/new-resizer\/IKqaDM3-7jJS9N3la0xqtHyrs5I=\/arc-anglerfish-arc2-prod-infobae\/public\/GHOUFXK6ZNCIXEETY52NV6S64U.jpg\" alt=\"El tuit de Macarena Posse reconociendo la derrota\">El tuit de Macarena Posse reconociendo la derrota<\/p>\n\n\n\n<p>Sin embargo, no se compara al batacazo que se produjo en San Isidro, donde despu\u00e9s de 40 a\u00f1os, el apellido Posse no estar\u00e1 al frente del municipio. El precandidato de Juntos por el Cambio&nbsp;<strong>Ram\u00f3n Lan\u00fas<\/strong>&nbsp;le gan\u00f3 la interna a<strong>&nbsp;Macarena Posse<\/strong>,hija del actual intendente<strong>&nbsp;Gustavo Posse.&nbsp;<\/strong>La joven felicit\u00f3 a su contrincante y dej\u00f3 un mensaje de unidad: \u201cMis felicitaciones a Pato Bullrichy Ramon Lan\u00fas por la elecci\u00f3n realizada. Y un enorme agradecimiento a todo el equipo que estuvo trabajando para que este domingo haya transcurrido sin problemas. Todos pertenecemos a la misma coalici\u00f3n, y vamos a seguir construyendo juntos un mejor&nbsp;<strong>San Isidro&nbsp;<\/strong>para todos\u201d.<\/p>\n\n\n\n<p>La familia Posse estuvo al frente del distrito antes del \u00faltimo golpe militar, en 1976, con&nbsp;<strong>Melchor Posse<\/strong>. Luego, volvi\u00f3 a triunfar con la vuelta de la democracia en 1983. Por su parte, Gustavo Posse, actual jefe comunal, administraba el municipio desde 1999.<\/p>\n\n\n\n<p>Unos kil\u00f3metros m\u00e1s hacia el norte otro distrito fue sede de otro batacazo. En Tigre,&nbsp;<strong>Malena Galmarini<\/strong>&nbsp;perdi\u00f3 la interna frente al intendente&nbsp;<strong>Julio Zamora<\/strong>. En uno de los conflictos m\u00e1s calientes de Uni\u00f3n por la Patria, la titular de AySA cay\u00f3 por una diferencia de m\u00e1s de 14.000 votos. Tras conocerse la noticia, la funcionaria felicit\u00f3 a Zamora en Twitter: \u201cQuiero felicitar a Julio Zamora por el triunfo en las PASO en&nbsp;<strong>Tigre<\/strong>. A partir de ma\u00f1ana, redoblaremos esfuerzos pues Argentina es un gran pa\u00eds, con un pueblo valiente y resiliente que merece vivir mejor. Lo mismo creo para Tigre, mi lugar en el mundo! Y eso s\u00f3lo es posible con Uni\u00f3n por la Patria. Aprendimos mucho, lo pondremos a disposici\u00f3n de la fuerza pol\u00edtica que nos convoca\u201d.<\/p>\n\n\n\n<p><img decoding=\"async\" loading=\"lazy\" height=\"718\" width=\"1079\" srcset=\"https:\/\/www.infobae.com\/new-resizer\/rDUZwZu98caBpQm-zQVKUsyZR-Y=\/420x280\/filters:format(webp):quality(85)\/cloudfront-us-east-1.images.arcpublishing.com\/infobae\/63BXTQIYZZBM7EODQIDZDTNUXQ.jpg 420w,https:\/\/www.infobae.com\/new-resizer\/eDx8e-YaAODhwwmEgAl0l9bqlH4=\/768x512\/filters:format(webp):quality(85)\/cloudfront-us-east-1.images.arcpublishing.com\/infobae\/63BXTQIYZZBM7EODQIDZDTNUXQ.jpg 768w,https:\/\/www.infobae.com\/new-resizer\/QJHQ_sOlYDCgbNY4EtXfnUFhQTs=\/992x661\/filters:format(webp):quality(85)\/cloudfront-us-east-1.images.arcpublishing.com\/infobae\/63BXTQIYZZBM7EODQIDZDTNUXQ.jpg 992w,https:\/\/www.infobae.com\/new-resizer\/cf-tbQpwNrnR6XnJlm6_aAxUeZo=\/1200x800\/filters:format(webp):quality(85)\/cloudfront-us-east-1.images.arcpublishing.com\/infobae\/63BXTQIYZZBM7EODQIDZDTNUXQ.jpg 1200w,https:\/\/www.infobae.com\/new-resizer\/7943w5uQZby4vDT-VsspV4YKY9s=\/1440x960\/filters:format(webp):quality(85)\/cloudfront-us-east-1.images.arcpublishing.com\/infobae\/63BXTQIYZZBM7EODQIDZDTNUXQ.jpg 1440w\" src=\"https:\/\/www.infobae.com\/new-resizer\/8vmE73GEgBHFV8RLDppUnoZU0xs=\/arc-anglerfish-arc2-prod-infobae\/public\/63BXTQIYZZBM7EODQIDZDTNUXQ.jpg\" alt=\"Juan Zabaleta durante las elecciones\">Juan Zabaleta durante las elecciones<\/p>\n\n\n\n<p>En cuanto al resto del conurbano bonaerense, en Berazategui tambi\u00e9n se dio una lucha particular.<strong>&nbsp;Juan Jos\u00e9 Mussi<\/strong>, el intendente m\u00e1s longevo, logr\u00f3 m\u00e1s del 47% de los votos y se asegur\u00f3 su sexto mandato. \u201cGracias vecinos y vecinas por acompa\u00f1arme una vez m\u00e1s y votar con el coraz\u00f3n la lista de Uni\u00f3n por la Patria!! Sigamos creciendo Unidos\u201d, expres\u00f3 el hombre de Uni\u00f3n por la Patria de 82 a\u00f1os en sus redes sociales luego de la victoria. En segundo lugar se ubic\u00f3 Benito Molver, candidato de Javier Milei, con el&nbsp;<strong>22%<\/strong>, lo que suma&nbsp;<strong>27.000 votos<\/strong>.<\/p>\n\n\n\n<h2>El caso de Lan\u00fas<\/h2>\n\n\n\n<p>El distrito de la tercera secci\u00f3n electoral fue protagonista la semana pasada de un caso que conmovi\u00f3 a la sociedad: la muerte de Morena Dom\u00ednguez. Su actual intendente, N\u00e9stor Grindetti, fue uno de los ganadores de la jornada: super\u00f3 a Diego Santilli en la interna por la Gobernaci\u00f3n.<\/p>\n\n\n\n<p>Diego Kravetz, secretario de Seguridad del Municipio y hombre de confianza de Grindetti, gan\u00f3 la interna amarilla en Lan\u00fas y fue el candidato individual m\u00e1s votado del municipio. El funcionario fue la semana pasada una de las caras visibles que dio explicaciones p\u00fablicas y enfrent\u00f3 las cr\u00edticas luego del triste hecho de inseguridad que enlut\u00f3 a la provincia de Buenos Aires.<\/p>\n\n\n\n<p>Sin embargo, Juntos por el Cambio no fue la fuerza m\u00e1s votada. La numerosa interna de Uni\u00f3n por la Patria, con cuatro listas distintas, sum\u00f3 39,93% frente a los 34,59% que sum\u00f3 la coalici\u00f3n amarilla. El dirigente peronista m\u00e1s votado fue el camporista Juli\u00e1n \u00c1lvarez.<\/p>\n\n\n\n<p>Fuente: Infobae<\/p>\n","protected":false},"excerpt":{"rendered":"<div class=\"mh-excerpt\"><p>Tras las PASO, el mapa de la provincia de Buenos se ti\u00f1\u00f3 de amarillo, azul y levemente morado. Como si se tratara de una pintura, los tres colores -que representan las fuerzas de\u00a0Juntos por el Cambio,\u00a0Uni\u00f3n por la Patria\u00a0y\u00a0La Libertad Avanza, respectivamente- dan un panorama de c\u00f3mo votaron los bonaerenses en estas elecciones. Si bien desde lejos el panorama parece favorecer a la oposici\u00f3n, las urnas de algunas intendencias revelaron sorpresas como en:\u00a0Hurlingham, San Isidro y Tigre. Con el 36,64% de los votos,&nbsp;Axel Kicillof&nbsp;result\u00f3ser el candidato m\u00e1s votado de la provincia y le transmiti\u00f3 cierta tranquilidad al oficialismo en una <a class=\"mh-excerpt-more\" href=\"http:\/\/dsrmedios.com.ar\/diario\/archivos\/38148\" title=\"Los resultados de las intendencias en la provincia de Buenos Aires que pusieron fin a las internas\">[Leer m\u00e1s]<\/a><\/p>\n<\/div>","protected":false},"author":8,"featured_media":38011,"comment_status":"open","ping_status":"closed","sticky":false,"template":"","format":"standard","meta":{"_jetpack_newsletter_access":""},"categories":[6],"tags":[],"jetpack_featured_media_url":"http:\/\/dsrmedios.com.ar\/diario\/wp-content\/uploads\/2023\/08\/I3DJPN2RLNH75ETAOP5CYHNOE4-scaled.jpg","jetpack_sharing_enabled":true,"jetpack_shortlink":"https:\/\/wp.me\/p9fihK-9Vi","_links":{"self":[{"href":"http:\/\/dsrmedios.com.ar\/diario\/wp-json\/wp\/v2\/posts\/38148"}],"collection":[{"href":"http:\/\/dsrmedios.com.ar\/diario\/wp-json\/wp\/v2\/posts"}],"about":[{"href":"http:\/\/dsrmedios.com.ar\/diario\/wp-json\/wp\/v2\/types\/post"}],"author":[{"embeddable":true,"href":"http:\/\/dsrmedios.com.ar\/diario\/wp-json\/wp\/v2\/users\/8"}],"replies":[{"embeddable":true,"href":"http:\/\/dsrmedios.com.ar\/diario\/wp-json\/wp\/v2\/comments?post=38148"}],"version-history":[{"count":1,"href":"http:\/\/dsrmedios.com.ar\/diario\/wp-json\/wp\/v2\/posts\/38148\/revisions"}],"predecessor-version":[{"id":38155,"href":"http:\/\/dsrmedios.com.ar\/diario\/wp-json\/wp\/v2\/posts\/38148\/revisions\/38155"}],"wp:featuredmedia":[{"embeddable":true,"href":"http:\/\/dsrmedios.com.ar\/diario\/wp-json\/wp\/v2\/media\/38011"}],"wp:attachment":[{"href":"http:\/\/dsrmedios.com.ar\/diario\/wp-json\/wp\/v2\/media?parent=38148"}],"wp:term":[{"taxonomy":"category","embeddable":true,"href":"http:\/\/dsrmedios.com.ar\/diario\/wp-json\/wp\/v2\/categories?post=38148"},{"taxonomy":"post_tag","embeddable":true,"href":"http:\/\/dsrmedios.com.ar\/diario\/wp-json\/wp\/v2\/tags?post=38148"}],"curies":[{"name":"wp","href":"https:\/\/api.w.org\/{rel}","templated":true}]}}