{"id":38143,"date":"2023-08-14T10:46:13","date_gmt":"2023-08-14T13:46:13","guid":{"rendered":"http:\/\/dsrmedios.com.ar\/diario\/?p=38143"},"modified":"2023-08-14T10:46:16","modified_gmt":"2023-08-14T13:46:16","slug":"milei-si-aceleramos-a-fondo-en-la-provincia-de-buenos-aires-podriamos-dar-un-batacazo-y-desplazar-al-kirchnerismo","status":"publish","type":"post","link":"http:\/\/dsrmedios.com.ar\/diario\/archivos\/38143","title":{"rendered":"Milei: \u201cSi aceleramos a fondo en la provincia de Buenos Aires podr\u00edamos dar un batacazo y desplazar al kirchnerismo\u201d"},"content":{"rendered":"\n<p>La Libertad Avanza fue el partido m\u00e1s votado de estas PASO, tras superar a Juntos por el Cambio, y donde el kirchnerismo termin\u00f3 en tercer lugar. Estos resultados ilusionan a su l\u00edder:&nbsp;<strong>\u201cEstamos preparados para gobernar hoy si es necesario\u201d,<\/strong>&nbsp;afirm\u00f3 Javier Milei, este lunes, ante las versiones que aseguran que no tiene equipos y le falta estructura.<\/p>\n\n\n\n<p><a href=\"https:\/\/www.infobae.com\/politica\/2023\/05\/24\/javier-milei-anuncio-los-dos-economistas-que-lo-acompanaran-si-gana-las-elecciones-presidenciales\/\" rel=\"noreferrer noopener\" target=\"_blank\"><\/a><\/p>\n\n\n\n<figure class=\"wp-block-image\"><a href=\"https:\/\/www.infobae.com\/politica\/2023\/05\/24\/javier-milei-anuncio-los-dos-economistas-que-lo-acompanaran-si-gana-las-elecciones-presidenciales\/\" target=\"_blank\" rel=\"noreferrer noopener\"><img decoding=\"async\" src=\"https:\/\/www.infobae.com\/new-resizer\/2kiDHdc3F6LrFRmaqq4U-dcD-jc=\/1200x628\/filters:format(webp):quality(85)\/\/cloudfront-us-east-1.images.arcpublishing.com\/infobae\/6IDR7AEDFL7QC5DLFHBV7NUFIM.jpg\" alt=\"Javier Milei anunci\u00f3 los dos economistas que lo acompa\u00f1ar\u00e1n si gana las elecciones presidenciales\"\/><\/a><\/figure>\n\n\n\n<p><a rel=\"noreferrer noopener\" href=\"https:\/\/www.infobae.com\/politica\/2023\/05\/24\/javier-milei-anuncio-los-dos-economistas-que-lo-acompanaran-si-gana-las-elecciones-presidenciales\/\" target=\"_blank\"><\/a><\/p>\n\n\n\n<p><a href=\"https:\/\/www.infobae.com\/politica\/2023\/08\/14\/resultados-de-las-paso-2023-como-quedo-el-mapa-politico-de-argentina-tras-el-sorpresivo-triunfo-de-javier-milei\/\" rel=\"noreferrer noopener\" target=\"_blank\"><\/a><\/p>\n\n\n\n<figure class=\"wp-block-image\"><a href=\"https:\/\/www.infobae.com\/politica\/2023\/08\/14\/resultados-de-las-paso-2023-como-quedo-el-mapa-politico-de-argentina-tras-el-sorpresivo-triunfo-de-javier-milei\/\" target=\"_blank\" rel=\"noreferrer noopener\"><img decoding=\"async\" src=\"https:\/\/www.infobae.com\/new-resizer\/BN5knFS6kgA2VG_J2HG-5gAb1Iw=\/1200x630\/filters:format(webp):quality(85)\/cloudfront-us-east-1.images.arcpublishing.com\/infobae\/DQVGC62V4VAXHNGIIOOK43IHYY.jpg\" alt=\"Resultados de las PASO 2023: c\u00f3mo qued\u00f3 el mapa pol\u00edtico de Argentina tras el sorpresivo triunfo de Javier Milei\"\/><\/a><\/figure>\n\n\n\n<p><a rel=\"noreferrer noopener\" href=\"https:\/\/www.infobae.com\/politica\/2023\/08\/14\/resultados-de-las-paso-2023-como-quedo-el-mapa-politico-de-argentina-tras-el-sorpresivo-triunfo-de-javier-milei\/\" target=\"_blank\"><\/a><\/p>\n\n\n\n<p>Milei se impuso como el candidato presidencial m\u00e1s votado con el 30,28%. En declaraciones radiales<em>,<\/em>&nbsp;asegur\u00f3 que su fuerza pol\u00edtica est\u00e1 listo para afrontar cualquier tipo de escenarios.&nbsp;<strong>\u201cGanamos 16 de los 24 distritos\u201d<\/strong>, enfatiz\u00f3.<\/p>\n\n\n\n<p>Al ser consultado en\u00a0<em>Radio Continental\u00a0<\/em>respecto de c\u00f3mo complican a la siguiente administraci\u00f3n los meses de turbulencias que se temen durante las elecciones, Milei dijo que no implican grandes cambios para La Libertad Avanza. \u201cNosotros estamos preparados para distintos tipos de escenarios. Por lo que eso no es necesariamente un problema,\u00a0<strong>nosotros estamos preparados para gobernar hoy si es necesario<\/strong>\u201d, coment\u00f3.<\/p>\n\n\n\n<p>Despu\u00e9s obtener un 30%, las especulaciones ahora se centran ahora en qu\u00e9 votos extras intentar\u00e1 cosechar de ac\u00e1 a octubre para asegurarle su objetivo: ser presidente. \u201cSi llegamos es porque la gente va a elegir el programa de gobierno libera\u201d, asegur\u00f3, firme en su convicci\u00f3n y volvi\u00f3 a reiterar \u201c<strong>los pol\u00edticos no son la soluci\u00f3n, son el problema\u201d.<\/strong><\/p>\n\n\n\n<p>Sobre la posibilidad de alianzas, admiti\u00f3 que Mauricio Macri fue el \u00fanico que le envi\u00f3 un mensaje tras el triunfo. \u201c<strong>Me felicit\u00f3 por la excelente elecci\u00f3n\u201d<\/strong>, destac\u00f3. Sin embargo, reiter\u00f3 que \u201ces imposible\u201d cualquier tipo de acuerdo con Juntos por el Cambio y principalmente con la ganadora de la interna de espacio, Patricia Bullirch. \u201cEs imposible (un acuerdo) porque tienen elementos dentro de su estructura que son absolutamente inviables como es la UCR, la CC y parte del Pro. Con Macri estamos en un excelente v\u00ednculo.<strong>&nbsp;A Bullrich le di otra oportunidad y me ensuci\u00f3. Es muy dif\u00edcil volver atr\u00e1s y reconstruir la relaci\u00f3n<\/strong>\u201d, dijo en declaraciones a&nbsp;<em>Radio La Red<\/em>.<\/p>\n\n\n\n<p>Los contundentes datos a nivel nacional, que sacudieron al mundo pol\u00edtico y anticipan una transformaci\u00f3n radical del escenario electoral, ilusionan al l\u00edder libertario:&nbsp;<strong>\u201cSi logramos acelerar a fondo en la provincia de Buenos Aires, podr\u00edamos dar un nuevo batacazo y desplazar al kirchnerismo\u201d<\/strong>.<\/p>\n\n\n\n<p><img decoding=\"async\" loading=\"lazy\" alt=\"Si se repiten en octubre esos resultados, Milei podr\u00eda consolidar un bloque con 40 bancas en Diputados\" height=\"5078\" width=\"7617\" src=\"https:\/\/www.infobae.com\/new-resizer\/ymI8DGIMmX4zCgpwy3B7XbvW7dg=\/arc-anglerfish-arc2-prod-infobae\/public\/LAOVI535NGTM76EXJHWJSJLLL4.jpg\" srcset=\"https:\/\/www.infobae.com\/new-resizer\/h0bgC0ecJpqBxYzFo070Pl3wfEk=\/420x280\/filters:format(webp):quality(85)\/cloudfront-us-east-1.images.arcpublishing.com\/infobae\/LAOVI535NGTM76EXJHWJSJLLL4.jpg 420w,https:\/\/www.infobae.com\/new-resizer\/FXyPXk6MSqmSsjf-u96_XveNCDg=\/768x512\/filters:format(webp):quality(85)\/cloudfront-us-east-1.images.arcpublishing.com\/infobae\/LAOVI535NGTM76EXJHWJSJLLL4.jpg 768w,https:\/\/www.infobae.com\/new-resizer\/j24j11TV8gCNilI4Ptcs8kHCHEA=\/992x661\/filters:format(webp):quality(85)\/cloudfront-us-east-1.images.arcpublishing.com\/infobae\/LAOVI535NGTM76EXJHWJSJLLL4.jpg 992w,https:\/\/www.infobae.com\/new-resizer\/XmRqftJNCrzUVNrmaGvSTCRNfJU=\/1200x800\/filters:format(webp):quality(85)\/cloudfront-us-east-1.images.arcpublishing.com\/infobae\/LAOVI535NGTM76EXJHWJSJLLL4.jpg 1200w,https:\/\/www.infobae.com\/new-resizer\/1Zz2iggewJUxxD210zhtZwtgh5M=\/1440x960\/filters:format(webp):quality(85)\/cloudfront-us-east-1.images.arcpublishing.com\/infobae\/LAOVI535NGTM76EXJHWJSJLLL4.jpg 1440w\">Si se repiten en octubre esos resultados, Milei podr\u00eda consolidar un bloque con 40 bancas en Diputados<\/p>\n\n\n\n<p>El l\u00edder de La Libertad Avanza tambi\u00e9n se refiri\u00f3 a la posibilidad de trabajar con el Fondo Monetario Internacional (FMI) y a c\u00f3mo espera la apertura de los mercados. El gran ganador de las PASO presidenciales dijo que puede haber movimientos de corto contradictorios. Primero, porque los inversores internacionales no han recibido buena informaci\u00f3n y, segundo, por la p\u00e9rdida de poder del Gobierno.<\/p>\n\n\n\n<p>\u201cEn realidad hay dos elementos que juegan de un modo contradictorio. Porque, por un lado, hay un resultado de una expresi\u00f3n promercado, [por el otro] la verdad es que muchos de los an\u00e1lisis que est\u00e1n dando vueltas son bastante precarios. Pero claro, lo que pasa es que muchos de los analistas internacionales se nutren de lo que dicen analistas locales que adem\u00e1s juegan pol\u00edticamente. Entonces, imaginate que las cosas que le dicen de m\u00ed no son nada positivas y llegan a una contradicci\u00f3n en los t\u00e9rminos porque,\u00a0<strong>\u00bfqu\u00e9 mejor para el mercado que un economista promercado?<\/strong>\u201d, dijo Milei.<\/p>\n\n\n\n<p>\u201cY, por otro lado, la parte negativa en esto es que el resultado tan malo del Frente de Todos [Uni\u00f3n por la Patria] complica el poder para el ministro de Econom\u00eda,&nbsp;<strong>Sergio Massa&nbsp;<\/strong>y eso puede derivar en que si se derrumba la demanda de dinero, termina directamente con una hiperinflaci\u00f3n\u201d, admiti\u00f3.<\/p>\n\n\n\n<p>Respecto a la relaci\u00f3n con el Fondo Monetario, afirm\u00f3: \u201cEl FMI no deber\u00eda tener problemas con el programa que nosotros hemos planteado porque proponemos un ajuste fiscal mucho m\u00e1s profundo que el de ellos plantean.&nbsp;<strong>No va a ser un problema la relaci\u00f3n con el FMI<\/strong>\u201d, enfatiz\u00f3.<\/p>\n\n\n\n<p><img decoding=\"async\" loading=\"lazy\" alt=\"Milei propone una fuerte baja del gasto y dejar de emitir, pero los mercados ponen en duda su capacidad de gobernar\" height=\"1080\" width=\"1920\" src=\"https:\/\/www.infobae.com\/new-resizer\/DC86PsBpE9q-IatLWFuDRnGNolU=\/arc-anglerfish-arc2-prod-infobae\/public\/EKZCLM2EPVEIRPJLTLMAM3XV5I.jpg\" srcset=\"https:\/\/www.infobae.com\/new-resizer\/29sE3BvQRDxwpMitSA16pZEnS18=\/420x236\/filters:format(webp):quality(85)\/cloudfront-us-east-1.images.arcpublishing.com\/infobae\/EKZCLM2EPVEIRPJLTLMAM3XV5I.jpg 420w,https:\/\/www.infobae.com\/new-resizer\/rWvYP3gT6egMgW5tqj527iSv-dI=\/768x432\/filters:format(webp):quality(85)\/cloudfront-us-east-1.images.arcpublishing.com\/infobae\/EKZCLM2EPVEIRPJLTLMAM3XV5I.jpg 768w,https:\/\/www.infobae.com\/new-resizer\/qGlMGdBqQYMpMCQNVripSoi6z8M=\/992x558\/filters:format(webp):quality(85)\/cloudfront-us-east-1.images.arcpublishing.com\/infobae\/EKZCLM2EPVEIRPJLTLMAM3XV5I.jpg 992w,https:\/\/www.infobae.com\/new-resizer\/otXQuX4SaOSBgySfY9Cy1sLS9lQ=\/1200x675\/filters:format(webp):quality(85)\/cloudfront-us-east-1.images.arcpublishing.com\/infobae\/EKZCLM2EPVEIRPJLTLMAM3XV5I.jpg 1200w,https:\/\/www.infobae.com\/new-resizer\/JmzHLK6askhWRMpK93mfg085cH4=\/1440x810\/filters:format(webp):quality(85)\/cloudfront-us-east-1.images.arcpublishing.com\/infobae\/EKZCLM2EPVEIRPJLTLMAM3XV5I.jpg 1440w\">Milei propone una fuerte baja del gasto y dejar de emitir, pero los mercados ponen en duda su capacidad de gobernar<\/p>\n\n\n\n<p>Al ser consultado sobre c\u00f3mo encarar\u00e1 la campa\u00f1a para las generales del 22 de octubre, Milei asegur\u00f3 que continuar\u00e1n trabajando como hasta ahora, aunque destac\u00f3 el 30% obtenido este domingo: \u201cNosotros creemos que hay que seguir trabajando. Afortunadamente, ahora lo podemos hacer desde un lugar mucho mejor posicionado y con la responsabilidad de que ganamos en 16 de los 24 distritos. Por lo tanto, lo que vamos a hacer ahora es seguir trabajando con la misma pasi\u00f3n que siempre lo venimos haciendo para poner de pie nuevamente a la Argentina\u201d.<\/p>\n\n\n\n<p>\u201cNos estaban diciendo que \u00edbamos a estar por debajo del 20%. Es m\u00e1s, estuvieron circulando bocas de urna que dec\u00edan esas cosas, pero ya conocemos estas artima\u00f1as\u201d, concluy\u00f3.<\/p>\n\n\n\n<p>Fuente: Infobae<\/p>\n","protected":false},"excerpt":{"rendered":"<div class=\"mh-excerpt\"><p>La Libertad Avanza fue el partido m\u00e1s votado de estas PASO, tras superar a Juntos por el Cambio, y donde el kirchnerismo termin\u00f3 en tercer lugar. Estos resultados ilusionan a su l\u00edder:&nbsp;\u201cEstamos preparados para gobernar hoy si es necesario\u201d,&nbsp;afirm\u00f3 Javier Milei, este lunes, ante las versiones que aseguran que no tiene equipos y le falta estructura. Milei se impuso como el candidato presidencial m\u00e1s votado con el 30,28%. En declaraciones radiales,&nbsp;asegur\u00f3 que su fuerza pol\u00edtica est\u00e1 listo para afrontar cualquier tipo de escenarios.&nbsp;\u201cGanamos 16 de los 24 distritos\u201d, enfatiz\u00f3. Al ser consultado en\u00a0Radio Continental\u00a0respecto de c\u00f3mo complican a la siguiente <a class=\"mh-excerpt-more\" href=\"http:\/\/dsrmedios.com.ar\/diario\/archivos\/38143\" title=\"Milei: \u201cSi aceleramos a fondo en la provincia de Buenos Aires podr\u00edamos dar un batacazo y desplazar al kirchnerismo\u201d\">[Leer m\u00e1s]<\/a><\/p>\n<\/div>","protected":false},"author":8,"featured_media":32666,"comment_status":"open","ping_status":"closed","sticky":false,"template":"","format":"standard","meta":{"_jetpack_newsletter_access":""},"categories":[6],"tags":[],"jetpack_featured_media_url":"http:\/\/dsrmedios.com.ar\/diario\/wp-content\/uploads\/2023\/05\/javier-milei.webp","jetpack_sharing_enabled":true,"jetpack_shortlink":"https:\/\/wp.me\/p9fihK-9Vd","_links":{"self":[{"href":"http:\/\/dsrmedios.com.ar\/diario\/wp-json\/wp\/v2\/posts\/38143"}],"collection":[{"href":"http:\/\/dsrmedios.com.ar\/diario\/wp-json\/wp\/v2\/posts"}],"about":[{"href":"http:\/\/dsrmedios.com.ar\/diario\/wp-json\/wp\/v2\/types\/post"}],"author":[{"embeddable":true,"href":"http:\/\/dsrmedios.com.ar\/diario\/wp-json\/wp\/v2\/users\/8"}],"replies":[{"embeddable":true,"href":"http:\/\/dsrmedios.com.ar\/diario\/wp-json\/wp\/v2\/comments?post=38143"}],"version-history":[{"count":1,"href":"http:\/\/dsrmedios.com.ar\/diario\/wp-json\/wp\/v2\/posts\/38143\/revisions"}],"predecessor-version":[{"id":38145,"href":"http:\/\/dsrmedios.com.ar\/diario\/wp-json\/wp\/v2\/posts\/38143\/revisions\/38145"}],"wp:featuredmedia":[{"embeddable":true,"href":"http:\/\/dsrmedios.com.ar\/diario\/wp-json\/wp\/v2\/media\/32666"}],"wp:attachment":[{"href":"http:\/\/dsrmedios.com.ar\/diario\/wp-json\/wp\/v2\/media?parent=38143"}],"wp:term":[{"taxonomy":"category","embeddable":true,"href":"http:\/\/dsrmedios.com.ar\/diario\/wp-json\/wp\/v2\/categories?post=38143"},{"taxonomy":"post_tag","embeddable":true,"href":"http:\/\/dsrmedios.com.ar\/diario\/wp-json\/wp\/v2\/tags?post=38143"}],"curies":[{"name":"wp","href":"https:\/\/api.w.org\/{rel}","templated":true}]}}