{"id":38138,"date":"2023-08-14T11:05:12","date_gmt":"2023-08-14T14:05:12","guid":{"rendered":"http:\/\/dsrmedios.com.ar\/diario\/?p=38138"},"modified":"2023-08-14T11:05:15","modified_gmt":"2023-08-14T14:05:15","slug":"andres-celebro-con-su-equipo-el-triunfo-en-las-paso","status":"publish","type":"post","link":"http:\/\/dsrmedios.com.ar\/diario\/archivos\/38138","title":{"rendered":"Andres celebr\u00f3 con su equipo el triunfo en las PASO"},"content":{"rendered":"\n<p>El actual Jefe comunal Lic. Javier Andres result\u00f3 el candidato m\u00e1s votado en las PASO que se llevaron a cabo en nuestro distrito. <\/p>\n\n\n\n<p>Si bien la elecci\u00f3n no fue ajena a lo ocurrido en el \u00e1mbito nacional, se reflej\u00f3 esto en los resultados obtenidos en Adolfo Alsina por el libertario Javier Milei posicionado en primer lugar como candidato presidencial y llevando a una excelente elecci\u00f3n a su candidato a intendente Silvio Wagner que result\u00f3 el tercero m\u00e1s votado individualmente.<\/p>\n","protected":false},"excerpt":{"rendered":"<div class=\"mh-excerpt\"><p>El actual Jefe comunal Lic. Javier Andres result\u00f3 el candidato m\u00e1s votado en las PASO que se llevaron a cabo en nuestro distrito. Si bien la elecci\u00f3n no fue ajena a lo ocurrido en el \u00e1mbito nacional, se reflej\u00f3 esto en los resultados obtenidos en Adolfo Alsina por el libertario Javier Milei posicionado en primer lugar como candidato presidencial y llevando a una excelente elecci\u00f3n a su candidato a intendente Silvio Wagner que result\u00f3 el tercero m\u00e1s votado individualmente.<\/p>\n<\/div>","protected":false},"author":5,"featured_media":38167,"comment_status":"open","ping_status":"closed","sticky":false,"template":"","format":"standard","meta":{"_jetpack_newsletter_access":""},"categories":[18,31],"tags":[],"jetpack_featured_media_url":"http:\/\/dsrmedios.com.ar\/diario\/wp-content\/uploads\/2023\/08\/ANDRES-FESTEJOS-PASO-2023-2.jpg","jetpack_sharing_enabled":true,"jetpack_shortlink":"https:\/\/wp.me\/p9fihK-9V8","_links":{"self":[{"href":"http:\/\/dsrmedios.com.ar\/diario\/wp-json\/wp\/v2\/posts\/38138"}],"collection":[{"href":"http:\/\/dsrmedios.com.ar\/diario\/wp-json\/wp\/v2\/posts"}],"about":[{"href":"http:\/\/dsrmedios.com.ar\/diario\/wp-json\/wp\/v2\/types\/post"}],"author":[{"embeddable":true,"href":"http:\/\/dsrmedios.com.ar\/diario\/wp-json\/wp\/v2\/users\/5"}],"replies":[{"embeddable":true,"href":"http:\/\/dsrmedios.com.ar\/diario\/wp-json\/wp\/v2\/comments?post=38138"}],"version-history":[{"count":1,"href":"http:\/\/dsrmedios.com.ar\/diario\/wp-json\/wp\/v2\/posts\/38138\/revisions"}],"predecessor-version":[{"id":38168,"href":"http:\/\/dsrmedios.com.ar\/diario\/wp-json\/wp\/v2\/posts\/38138\/revisions\/38168"}],"wp:featuredmedia":[{"embeddable":true,"href":"http:\/\/dsrmedios.com.ar\/diario\/wp-json\/wp\/v2\/media\/38167"}],"wp:attachment":[{"href":"http:\/\/dsrmedios.com.ar\/diario\/wp-json\/wp\/v2\/media?parent=38138"}],"wp:term":[{"taxonomy":"category","embeddable":true,"href":"http:\/\/dsrmedios.com.ar\/diario\/wp-json\/wp\/v2\/categories?post=38138"},{"taxonomy":"post_tag","embeddable":true,"href":"http:\/\/dsrmedios.com.ar\/diario\/wp-json\/wp\/v2\/tags?post=38138"}],"curies":[{"name":"wp","href":"https:\/\/api.w.org\/{rel}","templated":true}]}}