{"id":3812,"date":"2018-01-26T08:55:27","date_gmt":"2018-01-26T11:55:27","guid":{"rendered":"http:\/\/dsrmedios.com.ar\/diario\/?p=3812"},"modified":"2018-01-26T08:55:27","modified_gmt":"2018-01-26T11:55:27","slug":"suteba-responsabiliza-a-la-gobernadora-por-demorar-la-paritaria-docente-en-la-provincia","status":"publish","type":"post","link":"http:\/\/dsrmedios.com.ar\/diario\/archivos\/3812","title":{"rendered":"Suteba responsabiliza a la Gobernadora por demorar la paritaria docente en la Provincia"},"content":{"rendered":"<p>Los gremios docentes bonaerenses siguen sin ser convocados por el Gobierno bonaerense, tras la \u00faltima reuni\u00f3n en Comisi\u00f3n T\u00e9cnica Salarial de noviembre pasado, y desde Suteba responsabilizan a la administraci\u00f3n de Mar\u00eda Eugenia Vidal de llevar el debate a febrero, un mes antes del inicio del ciclo lectivo.<\/p>\n<p>Al d\u00eda de hoy, no existe convocatoria oficial ni negociaciones informales entre los gremios que componen el Frente de Unidad Docente (FUD) y el Gobierno de Vidal.<\/p>\n<p>Desde el sindicato que conduce Roberto Baradel advirtieron que &#8220;paso todo diciembre y no se cumpli\u00f3 con el compromiso por parte del Ministerio de Trabajo&#8221; de llamarlos. &#8220;Estamos a 25 de enero y todav\u00eda no hay convocatoria. Ac\u00e1 hay una responsabilidad de la gobernadora Vidal&#8221;, advirti\u00f3 Mar\u00eda Laura Torre, Secretaria Adjunta de Suteba.<\/p>\n<p>fuente:www.aninoticias.com<\/p>\n","protected":false},"excerpt":{"rendered":"<div class=\"mh-excerpt\"><p>Los gremios docentes bonaerenses siguen sin ser convocados por el Gobierno bonaerense, tras la \u00faltima reuni\u00f3n en Comisi\u00f3n T\u00e9cnica Salarial de noviembre pasado, y desde Suteba responsabilizan a la administraci\u00f3n de Mar\u00eda Eugenia Vidal de llevar el debate a febrero, un mes antes del inicio del ciclo lectivo. Al d\u00eda de hoy, no existe convocatoria oficial ni negociaciones informales entre los gremios que componen el Frente de Unidad Docente (FUD) y el Gobierno de Vidal. Desde el sindicato que conduce Roberto Baradel advirtieron que &#8220;paso todo diciembre y no se cumpli\u00f3 con el compromiso por parte del Ministerio de Trabajo&#8221; <a class=\"mh-excerpt-more\" href=\"http:\/\/dsrmedios.com.ar\/diario\/archivos\/3812\" title=\"Suteba responsabiliza a la Gobernadora por demorar la paritaria docente en la Provincia\">[Leer m\u00e1s]<\/a><\/p>\n<\/div>","protected":false},"author":5,"featured_media":3813,"comment_status":"open","ping_status":"closed","sticky":false,"template":"","format":"standard","meta":{"_jetpack_newsletter_access":""},"categories":[18,7],"tags":[],"jetpack_featured_media_url":"http:\/\/dsrmedios.com.ar\/diario\/wp-content\/uploads\/2018\/01\/suetba-docentes.jpg","jetpack_sharing_enabled":true,"jetpack_shortlink":"https:\/\/wp.me\/p9fihK-Zu","_links":{"self":[{"href":"http:\/\/dsrmedios.com.ar\/diario\/wp-json\/wp\/v2\/posts\/3812"}],"collection":[{"href":"http:\/\/dsrmedios.com.ar\/diario\/wp-json\/wp\/v2\/posts"}],"about":[{"href":"http:\/\/dsrmedios.com.ar\/diario\/wp-json\/wp\/v2\/types\/post"}],"author":[{"embeddable":true,"href":"http:\/\/dsrmedios.com.ar\/diario\/wp-json\/wp\/v2\/users\/5"}],"replies":[{"embeddable":true,"href":"http:\/\/dsrmedios.com.ar\/diario\/wp-json\/wp\/v2\/comments?post=3812"}],"version-history":[{"count":1,"href":"http:\/\/dsrmedios.com.ar\/diario\/wp-json\/wp\/v2\/posts\/3812\/revisions"}],"predecessor-version":[{"id":3814,"href":"http:\/\/dsrmedios.com.ar\/diario\/wp-json\/wp\/v2\/posts\/3812\/revisions\/3814"}],"wp:featuredmedia":[{"embeddable":true,"href":"http:\/\/dsrmedios.com.ar\/diario\/wp-json\/wp\/v2\/media\/3813"}],"wp:attachment":[{"href":"http:\/\/dsrmedios.com.ar\/diario\/wp-json\/wp\/v2\/media?parent=3812"}],"wp:term":[{"taxonomy":"category","embeddable":true,"href":"http:\/\/dsrmedios.com.ar\/diario\/wp-json\/wp\/v2\/categories?post=3812"},{"taxonomy":"post_tag","embeddable":true,"href":"http:\/\/dsrmedios.com.ar\/diario\/wp-json\/wp\/v2\/tags?post=3812"}],"curies":[{"name":"wp","href":"https:\/\/api.w.org\/{rel}","templated":true}]}}