{"id":38083,"date":"2023-08-10T09:57:36","date_gmt":"2023-08-10T12:57:36","guid":{"rendered":"http:\/\/dsrmedios.com.ar\/diario\/?p=38083"},"modified":"2023-08-10T09:57:40","modified_gmt":"2023-08-10T12:57:40","slug":"la-provincia-de-buenos-aires-no-aplica-puntos-clave-de-la-ley-de-etiquetado-frontal","status":"publish","type":"post","link":"http:\/\/dsrmedios.com.ar\/diario\/archivos\/38083","title":{"rendered":"La provincia de Buenos Aires no aplica puntos clave de la Ley de Etiquetado Frontal"},"content":{"rendered":"\n<p><a href=\"https:\/\/infocielo.com\/politica-y-economia\/etiquetado-frontal-el-gobierno-reglamento-la-ley-envases-n733776\" target=\"_blank\" rel=\"noreferrer noopener\">A casi dos a\u00f1os de la sanci\u00f3n de la Ley de Promoci\u00f3n Saludable (PAS)<\/a>&nbsp;dos fundaciones advirtieron que todav\u00eda falta mucho para su implementaci\u00f3n plena. La norma que se hizo conocida por el&nbsp;<strong>etiquetado frontal<\/strong>&nbsp;en alimentos y bebidas incluy\u00f3 otras medidas como la creaci\u00f3n de entornos escolares saludables. Esos aspectos son competencia de los gobiernos provinciales, pero muchos no avanzaron.<\/p>\n\n\n\n<p>De acuerdo al\u00a0<a rel=\"noreferrer noopener\" href=\"https:\/\/www.etiquetadoenargentina.org\/\" target=\"_blank\">Marco Normativo del Etiquetado Frontal en Argentina<\/a>, hay un avance del 63,3% de la Ley PAS y casi todos corresponden a competencias nacionales. De hecho,\u00a0<strong>a la Naci\u00f3n solo le falta crear un registro de infractores para aplicar la norma en su plenitud<\/strong>. A contramano de esto, las provincias tienen dos principales responsabilidades: los entornos escolares saludables y las compras p\u00fablicas.<\/p>\n\n\n\n<figure class=\"wp-block-image\"><a href=\"https:\/\/infocielo.com\/sociedad\/cuatro-mitos-el-etiquetado-frontal-alimentos-n722917\"><img decoding=\"async\" src=\"https:\/\/media.infocielo.com\/p\/aa71bab498e1fcf0c761d16b89cd7bbc\/adjuntos\/299\/imagenes\/001\/311\/0001311165\/350x233\/smart\/etiquetadofrontaljpg.jpg\" alt=\"La Ley de Etiquetado Frontal en alimentos tiene en la actualidad media sanci\u00f3n del Senado.\" title=\"La Ley de Etiquetado Frontal en alimentos tiene en la actualidad media sanci\u00f3n del Senado.\"\/><\/a><\/figure>\n\n\n\n<p>El relevamiento que elaboraron la Fundaci\u00f3n para el Desarrollo de Pol\u00edticas Sustentables (Fundeps) y la Fundaci\u00f3n Sanar concluy\u00f3 que&nbsp;<strong>solo 7 Estados subnacionales adhirieron a la Ley y, de esos, solo 3 avanzaron con alguna de sus competencias<\/strong>. La provincia de Buenos Aires no hizo ni una ni la otra.<\/p>\n\n\n\n<figure class=\"wp-block-image\"><img decoding=\"async\" src=\"https:\/\/media.infocielo.com\/p\/ad428031814fe9fe44001860992fc07c\/adjuntos\/299\/imagenes\/001\/694\/0001694188\/avance-provincial-la-ley-etiquetado-frontalpng.png?2023-08-10-08-09-02\" alt=\"Seg\u00fan el relevamiento de una ONG, la provincia de Buenos Aires no avanz\u00f3 con la implementaci\u00f3n de la Ley de Etiquetado Frontal.\" title=\"Seg\u00fan el relevamiento de una ONG, la provincia de Buenos Aires no avanz\u00f3 con la implementaci\u00f3n de la Ley de Etiquetado Frontal.\"\/><\/figure>\n\n\n\n<p>Seg\u00fan el relevamiento de una ONG, la provincia de Buenos Aires no avanz\u00f3 con la implementaci\u00f3n de la Ley de Etiquetado Frontal.<\/p>\n\n\n\n<p><strong>Eso no significa que en el territorio bonaerense no se aplique el etiquetado frontal<\/strong>, de hecho los oct\u00f3gonos se ven en todas las g\u00f3ndolas. Lo que s\u00ed implica es que las medidas para promover la alimentaci\u00f3n saludable de la Ley PAS que quedaron bajo jurisdicci\u00f3n provincial no se implementen.<\/p>\n\n\n\n<p>Como se ve en la foto de m\u00e1s arriba,&nbsp;<strong>la creaci\u00f3n de entornos escolares saludables, la regulaci\u00f3n de la publicidad en puntos de venta y la v\u00eda p\u00fablica o las compras p\u00fablicas son algunas de las competencias provinciales<\/strong>. Seg\u00fan este estudio, que fue presentado en el 1\u00b0 Congreso de Pol\u00edticas Alimentarias en Argentina, el Estado bonaerense, como la gran mayor\u00eda de las provincias, no tomaron medidas al respecto.<\/p>\n\n\n\n<p>&#8220;Todav\u00eda no hace dos a\u00f1os de la sanci\u00f3n de la Ley.\u00a0<strong>Se avanz\u00f3 un mont\u00f3n pero falta<\/strong>\u00a0y, para que no pase con esta normativa lo que sucede con otras, necesitamos de la ciudadan\u00eda reclamando que se cumpla&#8221;, expres\u00f3 a modo de conclusi\u00f3n la nutricionista\u00a0<strong>Florencia Guma<\/strong>\u00a0durante la presentaci\u00f3n del informe.<\/p>\n\n\n\n<p>Fuente:_ INFOBAE<\/p>\n","protected":false},"excerpt":{"rendered":"<div class=\"mh-excerpt\"><p>A casi dos a\u00f1os de la sanci\u00f3n de la Ley de Promoci\u00f3n Saludable (PAS)&nbsp;dos fundaciones advirtieron que todav\u00eda falta mucho para su implementaci\u00f3n plena. La norma que se hizo conocida por el&nbsp;etiquetado frontal&nbsp;en alimentos y bebidas incluy\u00f3 otras medidas como la creaci\u00f3n de entornos escolares saludables. Esos aspectos son competencia de los gobiernos provinciales, pero muchos no avanzaron. De acuerdo al\u00a0Marco Normativo del Etiquetado Frontal en Argentina, hay un avance del 63,3% de la Ley PAS y casi todos corresponden a competencias nacionales. De hecho,\u00a0a la Naci\u00f3n solo le falta crear un registro de infractores para aplicar la norma en <a class=\"mh-excerpt-more\" href=\"http:\/\/dsrmedios.com.ar\/diario\/archivos\/38083\" title=\"La provincia de Buenos Aires no aplica puntos clave de la Ley de Etiquetado Frontal\">[Leer m\u00e1s]<\/a><\/p>\n<\/div>","protected":false},"author":8,"featured_media":38084,"comment_status":"open","ping_status":"closed","sticky":false,"template":"","format":"standard","meta":{"_jetpack_newsletter_access":""},"categories":[6],"tags":[],"jetpack_featured_media_url":"http:\/\/dsrmedios.com.ar\/diario\/wp-content\/uploads\/2023\/08\/etiquetadofrontaljpg.webp","jetpack_sharing_enabled":true,"jetpack_shortlink":"https:\/\/wp.me\/p9fihK-9Uf","_links":{"self":[{"href":"http:\/\/dsrmedios.com.ar\/diario\/wp-json\/wp\/v2\/posts\/38083"}],"collection":[{"href":"http:\/\/dsrmedios.com.ar\/diario\/wp-json\/wp\/v2\/posts"}],"about":[{"href":"http:\/\/dsrmedios.com.ar\/diario\/wp-json\/wp\/v2\/types\/post"}],"author":[{"embeddable":true,"href":"http:\/\/dsrmedios.com.ar\/diario\/wp-json\/wp\/v2\/users\/8"}],"replies":[{"embeddable":true,"href":"http:\/\/dsrmedios.com.ar\/diario\/wp-json\/wp\/v2\/comments?post=38083"}],"version-history":[{"count":1,"href":"http:\/\/dsrmedios.com.ar\/diario\/wp-json\/wp\/v2\/posts\/38083\/revisions"}],"predecessor-version":[{"id":38085,"href":"http:\/\/dsrmedios.com.ar\/diario\/wp-json\/wp\/v2\/posts\/38083\/revisions\/38085"}],"wp:featuredmedia":[{"embeddable":true,"href":"http:\/\/dsrmedios.com.ar\/diario\/wp-json\/wp\/v2\/media\/38084"}],"wp:attachment":[{"href":"http:\/\/dsrmedios.com.ar\/diario\/wp-json\/wp\/v2\/media?parent=38083"}],"wp:term":[{"taxonomy":"category","embeddable":true,"href":"http:\/\/dsrmedios.com.ar\/diario\/wp-json\/wp\/v2\/categories?post=38083"},{"taxonomy":"post_tag","embeddable":true,"href":"http:\/\/dsrmedios.com.ar\/diario\/wp-json\/wp\/v2\/tags?post=38083"}],"curies":[{"name":"wp","href":"https:\/\/api.w.org\/{rel}","templated":true}]}}