{"id":3802,"date":"2018-01-26T08:46:25","date_gmt":"2018-01-26T11:46:25","guid":{"rendered":"http:\/\/dsrmedios.com.ar\/diario\/?p=3802"},"modified":"2018-01-26T08:46:25","modified_gmt":"2018-01-26T11:46:25","slug":"el-justicialismo-bonaerense-se-reune-hoy-para-aunar-criterios-a-seguir","status":"publish","type":"post","link":"http:\/\/dsrmedios.com.ar\/diario\/archivos\/3802","title":{"rendered":"El Justicialismo Bonaerense se re\u00fane hoy para a\u00fanar criterios a seguir"},"content":{"rendered":"<p>El Partido Justicialista bonaerense se reunir\u00e1 este viernes en San Bernardo, en lo que pretend\u00eda ser una presentaci\u00f3n a toda orquesta de su titular, Gustavo Men\u00e9ndez, pero un sector de \u201clos m\u00fasicos\u201d, los kirchneristas, no se subir\u00e1n al escenario.<\/p>\n<p>A poco m\u00e1s de un mes de elegir autoridades, la anunciada unidad del PJ bonaerense est\u00e1 en crisis, ya que el sector liderado por el matancero Fernando Espinoza se baj\u00f3 de la cumbre partidaria.<\/p>\n<p>Por lo pronto, dirigentes, intendentes y legisladores kirchneristas no asistir\u00e1n al encuentro del Consejo del PJ en disidencia con algunas posturas asumidas por la conducci\u00f3n que encabeza Men\u00e9ndez.<\/p>\n<p>Los propios referentes K dejaron trascender que &#8220;hay malestar&#8221; con el intendente de Merlo por las reuniones que mantuvo con Sergio Massa y Diego Bossio. En ese sentido, desde el kirchnerismo sostienen que &#8220;antes de reunirse con ellos debi\u00f3 existir una reuni\u00f3n con los sectores que estaban alineados dentro del peronismo&#8221;.<\/p>\n<p>Adem\u00e1s, varios jefes comunales alineados con el kirchnerismo sostienen que el propio Men\u00e9ndez &#8220;no defendi\u00f3 los intereses&#8221; de los municipios en cuestiones como el Pacto Fiscal y el Fondo Educativo, iniciativas impulsadas por la administraci\u00f3n que encabeza la gobernadora Mar\u00eda Eugenia Vidal.<\/p>\n<p>fuente:www.aninoticias.com<\/p>\n","protected":false},"excerpt":{"rendered":"<div class=\"mh-excerpt\"><p>El Partido Justicialista bonaerense se reunir\u00e1 este viernes en San Bernardo, en lo que pretend\u00eda ser una presentaci\u00f3n a toda orquesta de su titular, Gustavo Men\u00e9ndez, pero un sector de \u201clos m\u00fasicos\u201d, los kirchneristas, no se subir\u00e1n al escenario. A poco m\u00e1s de un mes de elegir autoridades, la anunciada unidad del PJ bonaerense est\u00e1 en crisis, ya que el sector liderado por el matancero Fernando Espinoza se baj\u00f3 de la cumbre partidaria. Por lo pronto, dirigentes, intendentes y legisladores kirchneristas no asistir\u00e1n al encuentro del Consejo del PJ en disidencia con algunas posturas asumidas por la conducci\u00f3n que encabeza <a class=\"mh-excerpt-more\" href=\"http:\/\/dsrmedios.com.ar\/diario\/archivos\/3802\" title=\"El Justicialismo Bonaerense se re\u00fane hoy para a\u00fanar criterios a seguir\">[Leer m\u00e1s]<\/a><\/p>\n<\/div>","protected":false},"author":5,"featured_media":3803,"comment_status":"open","ping_status":"closed","sticky":false,"template":"","format":"standard","meta":{"_jetpack_newsletter_access":""},"categories":[18,7],"tags":[],"jetpack_featured_media_url":"http:\/\/dsrmedios.com.ar\/diario\/wp-content\/uploads\/2018\/01\/peronismo.jpg","jetpack_sharing_enabled":true,"jetpack_shortlink":"https:\/\/wp.me\/p9fihK-Zk","_links":{"self":[{"href":"http:\/\/dsrmedios.com.ar\/diario\/wp-json\/wp\/v2\/posts\/3802"}],"collection":[{"href":"http:\/\/dsrmedios.com.ar\/diario\/wp-json\/wp\/v2\/posts"}],"about":[{"href":"http:\/\/dsrmedios.com.ar\/diario\/wp-json\/wp\/v2\/types\/post"}],"author":[{"embeddable":true,"href":"http:\/\/dsrmedios.com.ar\/diario\/wp-json\/wp\/v2\/users\/5"}],"replies":[{"embeddable":true,"href":"http:\/\/dsrmedios.com.ar\/diario\/wp-json\/wp\/v2\/comments?post=3802"}],"version-history":[{"count":1,"href":"http:\/\/dsrmedios.com.ar\/diario\/wp-json\/wp\/v2\/posts\/3802\/revisions"}],"predecessor-version":[{"id":3804,"href":"http:\/\/dsrmedios.com.ar\/diario\/wp-json\/wp\/v2\/posts\/3802\/revisions\/3804"}],"wp:featuredmedia":[{"embeddable":true,"href":"http:\/\/dsrmedios.com.ar\/diario\/wp-json\/wp\/v2\/media\/3803"}],"wp:attachment":[{"href":"http:\/\/dsrmedios.com.ar\/diario\/wp-json\/wp\/v2\/media?parent=3802"}],"wp:term":[{"taxonomy":"category","embeddable":true,"href":"http:\/\/dsrmedios.com.ar\/diario\/wp-json\/wp\/v2\/categories?post=3802"},{"taxonomy":"post_tag","embeddable":true,"href":"http:\/\/dsrmedios.com.ar\/diario\/wp-json\/wp\/v2\/tags?post=3802"}],"curies":[{"name":"wp","href":"https:\/\/api.w.org\/{rel}","templated":true}]}}