{"id":38008,"date":"2023-08-09T10:41:25","date_gmt":"2023-08-09T13:41:25","guid":{"rendered":"http:\/\/dsrmedios.com.ar\/diario\/?p=38008"},"modified":"2023-08-09T10:41:29","modified_gmt":"2023-08-09T13:41:29","slug":"el-oficialismo-concentra-la-campana-en-la-figura-de-sergio-massa-y-apunta-a-los-indecisos-para-dar-el-golpe-en-las-paso","status":"publish","type":"post","link":"http:\/\/dsrmedios.com.ar\/diario\/archivos\/38008","title":{"rendered":"El oficialismo concentra la campa\u00f1a en la figura de Sergio Massa y apunta a los indecisos para dar el golpe en las PASO"},"content":{"rendered":"\n<p>Los \u00faltimos resultados de los focus group que hacen en&nbsp;<strong>Uni\u00f3n por la Patria<\/strong>&nbsp;(UP) en forma continua, y que son coordinados por el asesor catal\u00e1n Antoni Guti\u00e9rrez Rub\u00ed, arrojaron un dato clave para planear los \u00faltimos d\u00edas de la campa\u00f1a electoral.&nbsp;<strong>Creci\u00f3 la cantidad de electores que les interesa votar un nombre propio, un candidato a presidente, y no a una fuerza pol\u00edtica.<\/strong>&nbsp;Un sector de la sociedad que, seg\u00fan explican en el b\u00fanker peronista, \u201cvaloran la formaci\u00f3n del candidato y las propuestas que expresa\u201d.<\/p>\n\n\n\n<p>En el oficialismo tienen en claro que en la recta final hacia las&nbsp;<strong>PASO&nbsp;<\/strong>el nivel de indecisos que hay en el pa\u00eds es muy grande y que esa cantidad de electores puede definir la elecci\u00f3n del domingo. Sobre todo porque proyectan unos comicios muy parejos y los c\u00e1lculos que se realizan para darle un sentido estrat\u00e9gico a la campa\u00f1a son milim\u00e9tricos. Las decisiones de hoy pueden no ser las mismas que ma\u00f1ana.<\/p>\n\n\n\n<p>Los \u00faltimos d\u00edas previo a la elecci\u00f3n son determinantes para los votantes que pueden definir los comicios. En UP entienden que ese grupo tiene como caracter\u00edstica que no est\u00e1 ideologizado ni tiene una pertenencia pol\u00edtica a alguna de las coaliciones.&nbsp;<strong>\u201cEs un votante frontera que puede variar. Es una persona de clase media, urbano, con responsabilidades y aspiraciones\u201d,<\/strong>&nbsp;fue la definici\u00f3n que utilizaron para describirlo.<\/p>\n\n\n\n<p>Ese tipo de electorales empiezan a ver, seg\u00fan los an\u00e1lisis que hacen en el b\u00fanker peronista, que el proceso electoral es presidencial y no general<strong>. Lo que se est\u00e1 eligiendo es un presidente y no una fuerza pol\u00edtica<\/strong>, por lo que miran al candidato con mayor atenci\u00f3n y lo hacen pensando exclusivamente en el rol presidencial. Es decir, ese elector entiende en este momento que lo que se pone en juego es qui\u00e9n conduce el gobierno y no el impacto posterior que tiene la fuerza pol\u00edtica en la gesti\u00f3n.<\/p>\n\n\n\n<p><img decoding=\"async\" loading=\"lazy\" alt=\"Alberto Fern\u00e1ndez y Cristina Kirchner no estar\u00e1n presentes en el cierre de campa\u00f1a nacional\" height=\"1279\" width=\"1920\" src=\"https:\/\/www.infobae.com\/new-resizer\/oDMgt4n9Lhmfq7iAKxD6XVBfK94=\/arc-anglerfish-arc2-prod-infobae\/public\/3PYW6UMGOFETJFVDGE34QGS4XU.jpg\" srcset=\"https:\/\/www.infobae.com\/new-resizer\/4JgCCDjmhlOkteOA1_mNBDgYk0o=\/420x280\/filters:format(webp):quality(85)\/cloudfront-us-east-1.images.arcpublishing.com\/infobae\/3PYW6UMGOFETJFVDGE34QGS4XU.jpg 420w,https:\/\/www.infobae.com\/new-resizer\/12r4ZMdbigD08VgmR_cYm2lf7ko=\/768x512\/filters:format(webp):quality(85)\/cloudfront-us-east-1.images.arcpublishing.com\/infobae\/3PYW6UMGOFETJFVDGE34QGS4XU.jpg 768w,https:\/\/www.infobae.com\/new-resizer\/p9l2jjvF0PsZsdUBbYMuXVUXdIc=\/992x661\/filters:format(webp):quality(85)\/cloudfront-us-east-1.images.arcpublishing.com\/infobae\/3PYW6UMGOFETJFVDGE34QGS4XU.jpg 992w,https:\/\/www.infobae.com\/new-resizer\/ORvVduCEyuFBekxhuaOiLfos3_8=\/1200x800\/filters:format(webp):quality(85)\/cloudfront-us-east-1.images.arcpublishing.com\/infobae\/3PYW6UMGOFETJFVDGE34QGS4XU.jpg 1200w,https:\/\/www.infobae.com\/new-resizer\/gaxzFMMLe2HDx3k-_DFTyPrPe1U=\/1440x960\/filters:format(webp):quality(85)\/cloudfront-us-east-1.images.arcpublishing.com\/infobae\/3PYW6UMGOFETJFVDGE34QGS4XU.jpg 1440w\">Alberto Fern\u00e1ndez y Cristina Kirchner no estar\u00e1n presentes en el cierre de campa\u00f1a nacional<\/p>\n\n\n\n<p>Frente a ese escenario y ante los resultados de m\u00faltiples estudios de consultor\u00eda, en el comando unificado que tiene UP en el centro porte\u00f1o se decidi\u00f3 que&nbsp;<strong>el tramo final de concentre en la figura de Sergio Massa.<\/strong>&nbsp;Es decir, que lo que se ponga en valor sean sus condiciones para ser presidente de la Naci\u00f3n, y se deje a un costado la carga pol\u00edtica e ideol\u00f3gica del armado electoral peronista. Y tambi\u00e9n las figuras con peso espec\u00edfico, por poder o por rol institucional, como son Cristina Kirchner y Alberto Fern\u00e1ndez.<\/p>\n\n\n\n<p>El equipo de estrategas y consultores que trabajan en el peronismo entienden que, en gran medida, ese fen\u00f3meno se produce porque<strong>&nbsp;hay un sector de los votantes que interpreta que hubo un vac\u00edo de poder durante la gesti\u00f3n<\/strong>. Es decir, que no hubo una conducci\u00f3n presidencialista del gobierno. Y, en verdad, fue lo que sucedi\u00f3. Porque Alberto Fern\u00e1ndez qued\u00f3 debilitado despu\u00e9s de las elecciones del 2021 y el kirchnerismo lo vaci\u00f3 de poder progresivamente.<\/p>\n\n\n\n<p><strong>En esas proyecciones est\u00e1 la respuesta a la ausencia de Alberto Fern\u00e1ndez y Cristina Kirchner en el acto de cierre de campa\u00f1a.&nbsp;<\/strong>La intenci\u00f3n es que nada ni nadie opaque la figura de Sergio Massa. Ser\u00e1 un hecho at\u00edpico para el proceso electoral. Completamente extra\u00f1o. Porque quienes no van a estar son nada menos que el Presidente y la Vicepresidenta. Pero la decisi\u00f3n se tom\u00f3 en conjunto y fue avalada en todos los campamentos oficialistas.<\/p>\n\n\n\n<p>Durante la campa\u00f1a todos los sectores de UP han dado sobradas muestras de apoyo a Massa. Cerraron filas detr\u00e1s de su candidatura y salieron a pedir el voto por \u00e9l. La gran duda ahora pasa por saber cu\u00e1ntos votos podr\u00e1 juntar Juan Grabois y si el resultado que obtenga puede opacar el objetivo inmediato que tiene el peronismo: lograr que Massa sea el candidato m\u00e1s votado.<\/p>\n\n\n\n<p><img decoding=\"async\" loading=\"lazy\" alt=\"Sergio Massa obtuvo el respaldo de la CGT durante un acto en Malvinas Argentinas (REUTERS\/Agustin Marcarian)\" height=\"2777\" width=\"4166\" src=\"https:\/\/www.infobae.com\/new-resizer\/fVvMnqrlIZ101PuM9e33noeqacs=\/arc-anglerfish-arc2-prod-infobae\/public\/V2W476SDRN76UDLKBVKXKYCYWQ.jpg\" srcset=\"https:\/\/www.infobae.com\/new-resizer\/cWjIfZTRYX2wvPFMjZgzX_1v8DA=\/420x280\/filters:format(webp):quality(85)\/cloudfront-us-east-1.images.arcpublishing.com\/infobae\/V2W476SDRN76UDLKBVKXKYCYWQ.jpg 420w,https:\/\/www.infobae.com\/new-resizer\/zWRwbfEv6a1KVv-FIkSCFngZ0fI=\/768x512\/filters:format(webp):quality(85)\/cloudfront-us-east-1.images.arcpublishing.com\/infobae\/V2W476SDRN76UDLKBVKXKYCYWQ.jpg 768w,https:\/\/www.infobae.com\/new-resizer\/bAdO7bY6Lxpl_UV-bw4cSmHqsrM=\/992x661\/filters:format(webp):quality(85)\/cloudfront-us-east-1.images.arcpublishing.com\/infobae\/V2W476SDRN76UDLKBVKXKYCYWQ.jpg 992w,https:\/\/www.infobae.com\/new-resizer\/iUTCvb0RckSUgX5hXx2AR5_vCE0=\/1200x800\/filters:format(webp):quality(85)\/cloudfront-us-east-1.images.arcpublishing.com\/infobae\/V2W476SDRN76UDLKBVKXKYCYWQ.jpg 1200w,https:\/\/www.infobae.com\/new-resizer\/KYSPXcA3uXStodRAlgDaAbaWIew=\/1440x960\/filters:format(webp):quality(85)\/cloudfront-us-east-1.images.arcpublishing.com\/infobae\/V2W476SDRN76UDLKBVKXKYCYWQ.jpg 1440w\">Sergio Massa obtuvo el respaldo de la CGT durante un acto en Malvinas Argentinas (REUTERS\/Agustin Marcarian)<\/p>\n\n\n\n<p>Quienes todos los d\u00edas recorren los pisos del b\u00fanker aseguran que la campa\u00f1a se organiza en base a \u201coferta y demanda\u201d, y que la demanda de estas \u00faltimas horas es de un dirigente pol\u00edtico que exprese liderazgo, conducci\u00f3n, flexibilidad y determinaci\u00f3n. Y esos valores, aseguran en el peronismo, son reconocidos en la figura de Sergio Massa.&nbsp;<strong>De aqu\u00ed al viernes la campa\u00f1a ser\u00e1 lo m\u00e1s presidencialista posible.<\/strong><\/p>\n\n\n\n<p>El objetivo para el domingo es que Massa sea el m\u00e1s votado y que se logre el mejor resultado como fuerza pol\u00edtica. Si eso sucede, ser\u00e1 la confirmaci\u00f3n de que hay un sector del electorado que vota a un candidato sin importar la coalici\u00f3n en la que est\u00e1 inmerso. M\u00e1s all\u00e1 de las proyecciones, el nivel de incertidumbre que se maneja en las arterias peronistas es muy alto. Nadie sabe c\u00f3mo va a reaccionar la gente en el momento de votar.<\/p>\n\n\n\n<p>En el oficialismo creen que&nbsp;<strong>\u201clos que ten\u00edan que ganar, pueden perder\u201d<\/strong>, en referencia a Juntos por el Cambio, a los que les traspasan la responsabilidad de tener que dar el golpe y correr al peronismo de la Casa Rosada. Adem\u00e1s, creen que es momento de que Massa se muestre como un candidato con capacidad de resolver los problemas, mientras en la oposici\u00f3n sigue el ruido interno por la disputa entre Horacio Rodr\u00edguez Larreta y Patricia Bullrich.<\/p>\n\n\n\n<p><strong>Uno de los objetivos del primer tramo de la campa\u00f1a ha sido que no se transforme en una campa\u00f1a de reelecci\u00f3n.<\/strong>&nbsp;\u00bfEl motivo? Sencillo. El desgaste del Gobierno y de Alberto Fern\u00e1ndez no son una buena marca para presentar de cara a una sociedad que, en su mayor\u00eda, quiere que haya un cambio en la conducci\u00f3n del gobierno. Entonces, desde ese punto de partida, trataron de enfocar la campa\u00f1a en la figura de Massa y en su capacidad de poder ordenar el peronismo y tener el control de gran parte de la gesti\u00f3n en un momento econ\u00f3mico muy dif\u00edcil. Creen que lo lograron.<\/p>\n\n\n\n<p><img decoding=\"async\" loading=\"lazy\" alt=\"En el peronismo le prestan atenci\u00f3n al &quot;votante frontera&quot; y concentran al campa\u00f1a en Sergio Massa \" height=\"1080\" width=\"1920\" src=\"https:\/\/www.infobae.com\/new-resizer\/PwBKFuFEwsdhtd3IEqSXq7E5OaU=\/arc-anglerfish-arc2-prod-infobae\/public\/HOE2DBVK7VCHJDIXH6F3YZYN44.jpg\" srcset=\"https:\/\/www.infobae.com\/new-resizer\/RXkBhMB1h7mjPE6WkPwNEENnIaY=\/420x236\/filters:format(webp):quality(85)\/cloudfront-us-east-1.images.arcpublishing.com\/infobae\/HOE2DBVK7VCHJDIXH6F3YZYN44.jpg 420w,https:\/\/www.infobae.com\/new-resizer\/yD0Xr90-wyl4b_tyDTaiIRzl7EM=\/768x432\/filters:format(webp):quality(85)\/cloudfront-us-east-1.images.arcpublishing.com\/infobae\/HOE2DBVK7VCHJDIXH6F3YZYN44.jpg 768w,https:\/\/www.infobae.com\/new-resizer\/BoiI6vOUp2uv8xOQGXMimHHwjro=\/992x558\/filters:format(webp):quality(85)\/cloudfront-us-east-1.images.arcpublishing.com\/infobae\/HOE2DBVK7VCHJDIXH6F3YZYN44.jpg 992w,https:\/\/www.infobae.com\/new-resizer\/63iBDrVtYWJ_aFmhB-0O41DMt9s=\/1200x675\/filters:format(webp):quality(85)\/cloudfront-us-east-1.images.arcpublishing.com\/infobae\/HOE2DBVK7VCHJDIXH6F3YZYN44.jpg 1200w,https:\/\/www.infobae.com\/new-resizer\/zdA5KnABDW1iFTL80ITpuAlgLdg=\/1440x810\/filters:format(webp):quality(85)\/cloudfront-us-east-1.images.arcpublishing.com\/infobae\/HOE2DBVK7VCHJDIXH6F3YZYN44.jpg 1440w\">En el peronismo le prestan atenci\u00f3n al &#8220;votante frontera&#8221; y concentran al campa\u00f1a en Sergio Massa<\/p>\n\n\n\n<p>En definitiva,&nbsp;<strong>la sensaci\u00f3n que atraviesa a UP es que en las elecciones del domingo se plebiscitar\u00e1 a un presidente y no a un gobierno. Al presidente que puede ser y no al que es.&nbsp;<\/strong>Tal es as\u00ed que entienden que el corrimiento de Alberto Fern\u00e1ndez del escenario electoral se lleva con \u00e9l gran parte de la deteriora gesti\u00f3n del gobierno nacional. Son estrategias y percepciones en medio de una campa\u00f1a fren\u00e9tica que el peronismo ha logrado ordenar despu\u00e9s de vivir dos a\u00f1os de una interna feroz y sin l\u00edmites.<\/p>\n\n\n\n<p>\u201c\u00bfY si el m\u00e9rito es pedir perd\u00f3n? Comprender los reclamos y aceptar que hubo cosas que se hicieron mal. Quiz\u00e1s esos electores que est\u00e1n decidiendo a qui\u00e9n votar valoren esa actitud y vean en Massa a un candidato con capacidad de mantener el equilibrio\u201d, asegur\u00f3 un importante dirigente oficialista que est\u00e1 metido plenamente en la estrat\u00e9gica. Y agreg\u00f3: \u201cTodav\u00eda estamos en carrera\u201d.<\/p>\n\n\n\n<p>Para las elecciones del domingo uno de los temas que m\u00e1s le preocupa es el ausentismo.\u00a0<strong>\u201cAbajo del 70% de presencialidad, los escenarios y los resultados son impredecibles\u201d<\/strong>, se sinceraron en el b\u00fanker de UP. El resultado esperado es la participaci\u00f3n est\u00e9 por encima del 70% y que Massa sea el candidato m\u00e1s votado. Si esa proyecci\u00f3n no se concreta como la tienen estipulada, tendr\u00e1n que barajar y dar de nuevo en el camino hacia la elecci\u00f3n general.<\/p>\n\n\n\n<p>Fuente: Infobae<\/p>\n","protected":false},"excerpt":{"rendered":"<div class=\"mh-excerpt\"><p>Los \u00faltimos resultados de los focus group que hacen en&nbsp;Uni\u00f3n por la Patria&nbsp;(UP) en forma continua, y que son coordinados por el asesor catal\u00e1n Antoni Guti\u00e9rrez Rub\u00ed, arrojaron un dato clave para planear los \u00faltimos d\u00edas de la campa\u00f1a electoral.&nbsp;Creci\u00f3 la cantidad de electores que les interesa votar un nombre propio, un candidato a presidente, y no a una fuerza pol\u00edtica.&nbsp;Un sector de la sociedad que, seg\u00fan explican en el b\u00fanker peronista, \u201cvaloran la formaci\u00f3n del candidato y las propuestas que expresa\u201d. En el oficialismo tienen en claro que en la recta final hacia las&nbsp;PASO&nbsp;el nivel de indecisos que hay <a class=\"mh-excerpt-more\" href=\"http:\/\/dsrmedios.com.ar\/diario\/archivos\/38008\" title=\"El oficialismo concentra la campa\u00f1a en la figura de Sergio Massa y apunta a los indecisos para dar el golpe en las PASO\">[Leer m\u00e1s]<\/a><\/p>\n<\/div>","protected":false},"author":8,"featured_media":31416,"comment_status":"open","ping_status":"closed","sticky":false,"template":"","format":"standard","meta":{"_jetpack_newsletter_access":""},"categories":[6],"tags":[],"jetpack_featured_media_url":"http:\/\/dsrmedios.com.ar\/diario\/wp-content\/uploads\/2023\/04\/CULIKXKBYJ5VYCFKH4L7XKC57Q.jpg","jetpack_sharing_enabled":true,"jetpack_shortlink":"https:\/\/wp.me\/p9fihK-9T2","_links":{"self":[{"href":"http:\/\/dsrmedios.com.ar\/diario\/wp-json\/wp\/v2\/posts\/38008"}],"collection":[{"href":"http:\/\/dsrmedios.com.ar\/diario\/wp-json\/wp\/v2\/posts"}],"about":[{"href":"http:\/\/dsrmedios.com.ar\/diario\/wp-json\/wp\/v2\/types\/post"}],"author":[{"embeddable":true,"href":"http:\/\/dsrmedios.com.ar\/diario\/wp-json\/wp\/v2\/users\/8"}],"replies":[{"embeddable":true,"href":"http:\/\/dsrmedios.com.ar\/diario\/wp-json\/wp\/v2\/comments?post=38008"}],"version-history":[{"count":1,"href":"http:\/\/dsrmedios.com.ar\/diario\/wp-json\/wp\/v2\/posts\/38008\/revisions"}],"predecessor-version":[{"id":38009,"href":"http:\/\/dsrmedios.com.ar\/diario\/wp-json\/wp\/v2\/posts\/38008\/revisions\/38009"}],"wp:featuredmedia":[{"embeddable":true,"href":"http:\/\/dsrmedios.com.ar\/diario\/wp-json\/wp\/v2\/media\/31416"}],"wp:attachment":[{"href":"http:\/\/dsrmedios.com.ar\/diario\/wp-json\/wp\/v2\/media?parent=38008"}],"wp:term":[{"taxonomy":"category","embeddable":true,"href":"http:\/\/dsrmedios.com.ar\/diario\/wp-json\/wp\/v2\/categories?post=38008"},{"taxonomy":"post_tag","embeddable":true,"href":"http:\/\/dsrmedios.com.ar\/diario\/wp-json\/wp\/v2\/tags?post=38008"}],"curies":[{"name":"wp","href":"https:\/\/api.w.org\/{rel}","templated":true}]}}