{"id":37908,"date":"2023-08-07T11:15:35","date_gmt":"2023-08-07T14:15:35","guid":{"rendered":"http:\/\/dsrmedios.com.ar\/diario\/?p=37908"},"modified":"2023-08-07T11:15:37","modified_gmt":"2023-08-07T14:15:37","slug":"plan-estrategico-turistico-taller-sonando-carhue-2030-delineando-la-vision-del-destino-2","status":"publish","type":"post","link":"http:\/\/dsrmedios.com.ar\/diario\/archivos\/37908","title":{"rendered":"<strong>Plan Estrat\u00e9gico Tur\u00edstico: taller \u201cSo\u00f1ando Carhu\u00e9 2030 &#8211; Delineando la visi\u00f3n del destino\u201d<\/strong>"},"content":{"rendered":"\n<p>Hoy, lunes 7 de agosto se llevar\u00e1 a cabo la tercera etapa del plan, que est\u00e1 a cargo&nbsp;del equipo encabezado por Ana Mar\u00eda Biasone. Ser\u00e1 a las 18 hs. en Casa de la Cultura, Mitre y Urquiza de Carhu\u00e9.<\/p>\n\n\n\n<p>\u201cEl objetivo es, desde el primer d\u00eda, que la participaci\u00f3n ciudadana sea la que nutra estas pol\u00edticas de Estado ya que la opini\u00f3n de los residentes locales es central en la confecci\u00f3n de estos planes, por eso esperamos que nos acompa\u00f1en el pr\u00f3ximo lunes, como lo han venido haciendo en los talleres anteriores para que, entre todos, trabajemos para lograr una localidad Tur\u00edstica Ordenada y Planificada\u201d, desatac\u00f3 el Secretario de Turismo, Pablo Ledesma.<\/p>\n\n\n\n<p>El Plan Estrat\u00e9gico Tur\u00edstico sentar\u00e1 las bases para el desarrollo de una pol\u00edtica de Estado, una pol\u00edtica que trascienda los mandatos y permita el desarrollo tur\u00edstico en Adolfo Alsina.<br><br>&nbsp;<\/p>\n\n\n\n<p>En este Taller del Plan de Desarrollo Tur\u00edstico Participativo Carhu\u00e9 2030, la tem\u00e1tica ser\u00e1 &#8220;So\u00f1ando Carhu\u00e9 2030 &#8211; Delineando la visi\u00f3n del destino&#8221;<strong>;<\/strong>se presentar\u00e1n los avances del plan, con resultados y lecturas de c\u00f3mo los carhuenses ven la actividad tur\u00edstica desde los distintos sectores de la comunidad.<\/p>\n","protected":false},"excerpt":{"rendered":"<div class=\"mh-excerpt\"><p>Hoy, lunes 7 de agosto se llevar\u00e1 a cabo la tercera etapa del plan, que est\u00e1 a cargo&nbsp;del equipo encabezado por Ana Mar\u00eda Biasone. Ser\u00e1 a las 18 hs. en Casa de la Cultura, Mitre y Urquiza de Carhu\u00e9. \u201cEl objetivo es, desde el primer d\u00eda, que la participaci\u00f3n ciudadana sea la que nutra estas pol\u00edticas de Estado ya que la opini\u00f3n de los residentes locales es central en la confecci\u00f3n de estos planes, por eso esperamos que nos acompa\u00f1en el pr\u00f3ximo lunes, como lo han venido haciendo en los talleres anteriores para que, entre todos, trabajemos para lograr una <a class=\"mh-excerpt-more\" href=\"http:\/\/dsrmedios.com.ar\/diario\/archivos\/37908\" title=\"Plan Estrat\u00e9gico Tur\u00edstico: taller \u201cSo\u00f1ando Carhu\u00e9 2030 &#8211; Delineando la visi\u00f3n del destino\u201d\">[Leer m\u00e1s]<\/a><\/p>\n<\/div>","protected":false},"author":8,"featured_media":37909,"comment_status":"open","ping_status":"closed","sticky":false,"template":"","format":"standard","meta":{"_jetpack_newsletter_access":""},"categories":[18,31,5],"tags":[],"jetpack_featured_media_url":"http:\/\/dsrmedios.com.ar\/diario\/wp-content\/uploads\/2023\/08\/descarga-42.jpg","jetpack_sharing_enabled":true,"jetpack_shortlink":"https:\/\/wp.me\/p9fihK-9Rq","_links":{"self":[{"href":"http:\/\/dsrmedios.com.ar\/diario\/wp-json\/wp\/v2\/posts\/37908"}],"collection":[{"href":"http:\/\/dsrmedios.com.ar\/diario\/wp-json\/wp\/v2\/posts"}],"about":[{"href":"http:\/\/dsrmedios.com.ar\/diario\/wp-json\/wp\/v2\/types\/post"}],"author":[{"embeddable":true,"href":"http:\/\/dsrmedios.com.ar\/diario\/wp-json\/wp\/v2\/users\/8"}],"replies":[{"embeddable":true,"href":"http:\/\/dsrmedios.com.ar\/diario\/wp-json\/wp\/v2\/comments?post=37908"}],"version-history":[{"count":1,"href":"http:\/\/dsrmedios.com.ar\/diario\/wp-json\/wp\/v2\/posts\/37908\/revisions"}],"predecessor-version":[{"id":37910,"href":"http:\/\/dsrmedios.com.ar\/diario\/wp-json\/wp\/v2\/posts\/37908\/revisions\/37910"}],"wp:featuredmedia":[{"embeddable":true,"href":"http:\/\/dsrmedios.com.ar\/diario\/wp-json\/wp\/v2\/media\/37909"}],"wp:attachment":[{"href":"http:\/\/dsrmedios.com.ar\/diario\/wp-json\/wp\/v2\/media?parent=37908"}],"wp:term":[{"taxonomy":"category","embeddable":true,"href":"http:\/\/dsrmedios.com.ar\/diario\/wp-json\/wp\/v2\/categories?post=37908"},{"taxonomy":"post_tag","embeddable":true,"href":"http:\/\/dsrmedios.com.ar\/diario\/wp-json\/wp\/v2\/tags?post=37908"}],"curies":[{"name":"wp","href":"https:\/\/api.w.org\/{rel}","templated":true}]}}