{"id":37895,"date":"2023-08-06T11:54:33","date_gmt":"2023-08-06T14:54:33","guid":{"rendered":"http:\/\/dsrmedios.com.ar\/diario\/?p=37895"},"modified":"2023-08-06T11:54:36","modified_gmt":"2023-08-06T14:54:36","slug":"la-ucr-reconfigura-su-relacion-con-el-pro-el-rol-de-cornejo-la-definicion-de-manes-y-la-aparicion-de-sanz","status":"publish","type":"post","link":"http:\/\/dsrmedios.com.ar\/diario\/archivos\/37895","title":{"rendered":"La UCR reconfigura su relaci\u00f3n con el PRO: el rol de Cornejo, la definici\u00f3n de Manes y la aparici\u00f3n de Sanz"},"content":{"rendered":"\n<p>En la carrera por ganar las PASO del pr\u00f3ximo 13 de agosto,&nbsp;<strong>Patricia Bullrich<\/strong>&nbsp;y&nbsp;<strong>Horacio Rodr\u00edguez Larreta&nbsp;<\/strong>protagonizaron en los \u00faltimos d\u00edas una guerra por apoyos de dirigentes radicales. En particular, el ala moderada de Juntos por el Cambio sum\u00f3 a<strong>&nbsp;Facundo Manes<\/strong>&nbsp;en un recorrida por la provincia de Buenos Aires, territorio en el que el neur\u00f3logo compiti\u00f3 contra&nbsp;<strong>Diego Santilli<\/strong>&nbsp;en las legislativas del 2021. Pero, adem\u00e1s, el jefe de Gobierno porte\u00f1o se acerc\u00f3 al n\u00facleo del v\u00ednculo de la ex ministra de Seguridad con el partido centenario:&nbsp;<strong>Alfredo Cornejo<\/strong>. Pero su competidora respondi\u00f3 con otro mendocino:&nbsp;<strong>Ernesto Sanz<\/strong>.<\/p>\n\n\n\n<p>Algunos hist\u00f3ricos dirigentes radicales compararon la etapa que vive la UCR con lo que fue Gualeguaych\u00fa 2015. En aquella Convenci\u00f3n, el partido centenario deb\u00eda definir si se aliaba con el PRO o con el Frente Renovador. \u201cEl 80% de la dirigencia estaba con Sergio Massa\u201d, recuerda uno de los protagonistas de esa jornada agitada de discusi\u00f3n, donde observ\u00f3 que en las bases la discusi\u00f3n y las necesidades eran otras. La historia termin\u00f3 con el nacimiento de Cambiemos, con la Coalici\u00f3n C\u00edvica y el partido amarillo.<\/p>\n\n\n\n<p>La comparaci\u00f3n nace a ra\u00edz de las muestras de apoyo que Rodr\u00edguez Larreta acumul\u00f3 en los \u00faltimos d\u00edas, con los que logr\u00f3 sumar musculatura en la pelea por llegar a la Casa Rosada. \u201cHizo una muestra de trofeos\u201d, coinciden todos los halcones quienes, adem\u00e1s, le bajan el precio a esas alianzas y descreen que influyan en los votantes. Pero, si bien todas las miradas estuvieron puestas en la interna que se desat\u00f3 en el PRO por la definici\u00f3n de<strong>&nbsp;Mar\u00eda Eugenia Vidal<\/strong>, en la UCR tambi\u00e9n hubo movimientos que generaron dudas y suspicacias.<\/p>\n\n\n\n<p><img decoding=\"async\" loading=\"lazy\" alt=\"Facundo Manes se sum\u00f3 a una recorrida por Tandil con Diego Santilli y Horacio Rodr\u00edguez Larreta\" height=\"1080\" width=\"1920\" src=\"https:\/\/www.infobae.com\/new-resizer\/cyshHixf2jeM_govydWkIHBrhjQ=\/arc-anglerfish-arc2-prod-infobae\/public\/D6A3I74VYJGAJJ4QO5C4RGXLZU.jpg\" srcset=\"https:\/\/www.infobae.com\/new-resizer\/gm3jY7GTBxCr6kiDGJZDm2lV_80=\/420x236\/filters:format(webp):quality(85)\/cloudfront-us-east-1.images.arcpublishing.com\/infobae\/D6A3I74VYJGAJJ4QO5C4RGXLZU.jpg 420w,https:\/\/www.infobae.com\/new-resizer\/0tAkjjSofeNa_PAHSX6SkBgOYEA=\/768x432\/filters:format(webp):quality(85)\/cloudfront-us-east-1.images.arcpublishing.com\/infobae\/D6A3I74VYJGAJJ4QO5C4RGXLZU.jpg 768w,https:\/\/www.infobae.com\/new-resizer\/MIsMeRr26qBbBE9fmAdlOBisChs=\/992x558\/filters:format(webp):quality(85)\/cloudfront-us-east-1.images.arcpublishing.com\/infobae\/D6A3I74VYJGAJJ4QO5C4RGXLZU.jpg 992w,https:\/\/www.infobae.com\/new-resizer\/8oTu7sq1mihv9WTogCcLZdSq6N8=\/1200x675\/filters:format(webp):quality(85)\/cloudfront-us-east-1.images.arcpublishing.com\/infobae\/D6A3I74VYJGAJJ4QO5C4RGXLZU.jpg 1200w,https:\/\/www.infobae.com\/new-resizer\/PX4juI4tl0UqvvL1_B4U3QDceFI=\/1440x810\/filters:format(webp):quality(85)\/cloudfront-us-east-1.images.arcpublishing.com\/infobae\/D6A3I74VYJGAJJ4QO5C4RGXLZU.jpg 1440w\">Facundo Manes se sum\u00f3 a una recorrida por Tandil con Diego Santilli y Horacio Rodr\u00edguez Larreta<\/p>\n\n\n\n<p>En el Grupo Malbec se encargaron de aclarar que el apoyo de Manes a Rodr\u00edguez Larreta no los sorprendi\u00f3. Es que ya hab\u00eda cerrado filas con los moderados y se hab\u00eda distanciado de sus viejos aliados radicales en las \u00faltimas negociaciones del cierre de listas. Pero los rencores afloraron. Muchos de los correligionarios que estuvieron en el armado de las legislativas del 2021 recuerdan las diferencias y cr\u00edticas que el neur\u00f3logo ten\u00eda para con el jefe de Gobierno porte\u00f1o. \u201cNi siquiera hizo p\u00fablica su decisi\u00f3n de apoyar a Larreta en sus redes sociales\u201d, resaltan.<\/p>\n\n\n\n<p>El ala moderada de Juntos por el Cambio fue un paso m\u00e1s y lleg\u00f3 a Mendoza, la provincia que se ali\u00f3 a Bullrich desde que inici\u00f3 su campa\u00f1a presidencial. All\u00ed el intendente\u00a0<strong>Ulpiano Su\u00e1rez<\/strong>\u00a0-sobrino del actual gobernador -se expres\u00f3 a favor de Rodr\u00edguez Larreta. Pero, adem\u00e1s, el alcalde porte\u00f1o sum\u00f3 una foto con el senador radical que le permiti\u00f3 medirse con Bullrich.<\/p>\n\n\n\n<p>Cornejo busca volver a la Gobernaci\u00f3n de Mendoza, luego de ganar la PASO local contra Luis Petri. Ante la necesidad de cuidar los votos que le permitan mantener el poder, en su provincia recibi\u00f3 en varias oportunidades de Rodr\u00edguez Larreta. Este jueves public\u00f3 en sus redes sociales un mensaje que llam\u00f3 la atenci\u00f3n a propios y ajenos: \u201cCon @horaciorlarreta sabemos que<strong>&nbsp;si a la Argentina le va bien, a Mendoza le va mucho mejor.<\/strong>&nbsp;Por eso necesitamos continuar con sucesivas buenas administraciones en la provincia y cambiar este modelo nacional populista en el pa\u00eds\u201d.<\/p>\n\n\n\n<p><img decoding=\"async\" loading=\"lazy\" alt=\"La publicaci\u00f3n de Alfredo Cornejo con Horacio Rodr\u00edguez Larreta en Mendoza\" height=\"413\" width=\"609\" src=\"https:\/\/www.infobae.com\/new-resizer\/65aE7Fhe8CDvENZwXn_Gd82yifo=\/arc-anglerfish-arc2-prod-infobae\/public\/IA4ST5DY7NBKZAA3RPKF4DQWCM.png\" srcset=\"https:\/\/www.infobae.com\/new-resizer\/B4IaJQoFUQQ-QUUZ_EqGVWwQgX0=\/420x280\/filters:format(webp):quality(85)\/cloudfront-us-east-1.images.arcpublishing.com\/infobae\/IA4ST5DY7NBKZAA3RPKF4DQWCM.png 420w,https:\/\/www.infobae.com\/new-resizer\/Mud_R1_l4SHCbY6DoAtEAxSUMsk=\/768x512\/filters:format(webp):quality(85)\/cloudfront-us-east-1.images.arcpublishing.com\/infobae\/IA4ST5DY7NBKZAA3RPKF4DQWCM.png 768w,https:\/\/www.infobae.com\/new-resizer\/vPq90XpclJ2wG-5Ub05_K9PjfSM=\/992x661\/filters:format(webp):quality(85)\/cloudfront-us-east-1.images.arcpublishing.com\/infobae\/IA4ST5DY7NBKZAA3RPKF4DQWCM.png 992w,https:\/\/www.infobae.com\/new-resizer\/p3Bz6cix8wYJUOchUKfOlwTdyi4=\/1200x800\/filters:format(webp):quality(85)\/cloudfront-us-east-1.images.arcpublishing.com\/infobae\/IA4ST5DY7NBKZAA3RPKF4DQWCM.png 1200w,https:\/\/www.infobae.com\/new-resizer\/u2kJgfHUY8i9lhXVidFqAa5KQAQ=\/1440x960\/filters:format(webp):quality(85)\/cloudfront-us-east-1.images.arcpublishing.com\/infobae\/IA4ST5DY7NBKZAA3RPKF4DQWCM.png 1440w\">La publicaci\u00f3n de Alfredo Cornejo con Horacio Rodr\u00edguez Larreta en Mendoza<\/p>\n\n\n\n<p>En di\u00e1logo con&nbsp;<strong>Infobae<\/strong>, en su entorno ratificaron su apoyo a Bullrich. \u201cNo cambi\u00f3 nada\u201d, repiten. Adem\u00e1s de ser candidato a gobernador, en Mendoza Juntos por el Cambio logr\u00f3 una lista de unidad para diputados, al igual que en Corrientes, Chubut y Entre R\u00edos. Es el armado electoral que justifica sus fotos con los presidenciables del PRO.<\/p>\n\n\n\n<p>Con el r\u00edo revuelto, en el entorno de Bullrich comenzaron a mirar con otros ojos a\u00a0<strong>Maximiliano Abad<\/strong>, uno de los radicales que qued\u00f3 en el camino en la pelea por integrar la f\u00f3rmula del ala dura. Sin embargo, seg\u00fan pudo reconstruir este medio, los halcones comenzaron a valorar su figura dentro de la estructura que armaron para pelearle la interna al jefe de Gobierno porte\u00f1o. Tal es as\u00ed que el presidente de la UCR bonaerense le organiz\u00f3 un acto en Mar del Plata, su ciudad de origen.<\/p>\n\n\n\n<p>El evento en la Plaza del Agua tuvo un condimento especial que fue la aparici\u00f3n en escena de Ernesto Sanz. El cofundador de Cambiemos suele mantener el perfil bajo aunque se mantiene activo en la construcci\u00f3n de poder dentro de la UCR. De hecho, Abad es su m\u00e1ximo aliado en estas elecciones. \u201cHay miles y miles de militantes radicales en todo el pa\u00eds, en toda la Argentina, que est\u00e1n acompa\u00f1ando a Patricia y la&nbsp;<em>Fuerza del Cambio<\/em>. Por eso estoy ac\u00e1 en Mar del Plata. Pero adem\u00e1s, estoy para que recordemos todos que nos tenemos que transformar en militantes de aqu\u00ed al domingo 13, en voceros de la&nbsp;<em>Fuerza del Cambio<\/em>\u201d, expres\u00f3 en su discurso.<\/p>\n\n\n\n<p>Seg\u00fan dejaron trascender a este medio, Bullrich planea cerrar su campa\u00f1a en Mendoza. Es la provincia m\u00e1s cercana a su estructura por su alianza con Sanz, Cornejo y Petri. Post PASO &#8211; en caso de ganar- los radicales del territorio cuyano y bonaerense ser\u00e1n los protagonistas para el armado de la coalici\u00f3n de gobierno. En caso de perder, ese rol lo tendr\u00e1n\u00a0<strong>Gerardo Morales<\/strong>\u00a0y\u00a0<strong>Mart\u00edn Lousteau<\/strong>, quienes se juegan la validaci\u00f3n de su liderazgo como autoridades del Comit\u00e9 Nacional.<\/p>\n\n\n\n<p>Fuente: Infobae<\/p>\n","protected":false},"excerpt":{"rendered":"<div class=\"mh-excerpt\"><p>En la carrera por ganar las PASO del pr\u00f3ximo 13 de agosto,&nbsp;Patricia Bullrich&nbsp;y&nbsp;Horacio Rodr\u00edguez Larreta&nbsp;protagonizaron en los \u00faltimos d\u00edas una guerra por apoyos de dirigentes radicales. En particular, el ala moderada de Juntos por el Cambio sum\u00f3 a&nbsp;Facundo Manes&nbsp;en un recorrida por la provincia de Buenos Aires, territorio en el que el neur\u00f3logo compiti\u00f3 contra&nbsp;Diego Santilli&nbsp;en las legislativas del 2021. Pero, adem\u00e1s, el jefe de Gobierno porte\u00f1o se acerc\u00f3 al n\u00facleo del v\u00ednculo de la ex ministra de Seguridad con el partido centenario:&nbsp;Alfredo Cornejo. Pero su competidora respondi\u00f3 con otro mendocino:&nbsp;Ernesto Sanz. Algunos hist\u00f3ricos dirigentes radicales compararon la etapa que <a class=\"mh-excerpt-more\" href=\"http:\/\/dsrmedios.com.ar\/diario\/archivos\/37895\" title=\"La UCR reconfigura su relaci\u00f3n con el PRO: el rol de Cornejo, la definici\u00f3n de Manes y la aparici\u00f3n de Sanz\">[Leer m\u00e1s]<\/a><\/p>\n<\/div>","protected":false},"author":8,"featured_media":37896,"comment_status":"open","ping_status":"closed","sticky":false,"template":"","format":"standard","meta":{"_jetpack_newsletter_access":""},"categories":[6],"tags":[],"jetpack_featured_media_url":"http:\/\/dsrmedios.com.ar\/diario\/wp-content\/uploads\/2023\/08\/6QM7GQ4PHJAZVE4UCZFLFQSHIE.webp","jetpack_sharing_enabled":true,"jetpack_shortlink":"https:\/\/wp.me\/p9fihK-9Rd","_links":{"self":[{"href":"http:\/\/dsrmedios.com.ar\/diario\/wp-json\/wp\/v2\/posts\/37895"}],"collection":[{"href":"http:\/\/dsrmedios.com.ar\/diario\/wp-json\/wp\/v2\/posts"}],"about":[{"href":"http:\/\/dsrmedios.com.ar\/diario\/wp-json\/wp\/v2\/types\/post"}],"author":[{"embeddable":true,"href":"http:\/\/dsrmedios.com.ar\/diario\/wp-json\/wp\/v2\/users\/8"}],"replies":[{"embeddable":true,"href":"http:\/\/dsrmedios.com.ar\/diario\/wp-json\/wp\/v2\/comments?post=37895"}],"version-history":[{"count":1,"href":"http:\/\/dsrmedios.com.ar\/diario\/wp-json\/wp\/v2\/posts\/37895\/revisions"}],"predecessor-version":[{"id":37897,"href":"http:\/\/dsrmedios.com.ar\/diario\/wp-json\/wp\/v2\/posts\/37895\/revisions\/37897"}],"wp:featuredmedia":[{"embeddable":true,"href":"http:\/\/dsrmedios.com.ar\/diario\/wp-json\/wp\/v2\/media\/37896"}],"wp:attachment":[{"href":"http:\/\/dsrmedios.com.ar\/diario\/wp-json\/wp\/v2\/media?parent=37895"}],"wp:term":[{"taxonomy":"category","embeddable":true,"href":"http:\/\/dsrmedios.com.ar\/diario\/wp-json\/wp\/v2\/categories?post=37895"},{"taxonomy":"post_tag","embeddable":true,"href":"http:\/\/dsrmedios.com.ar\/diario\/wp-json\/wp\/v2\/tags?post=37895"}],"curies":[{"name":"wp","href":"https:\/\/api.w.org\/{rel}","templated":true}]}}