{"id":37871,"date":"2023-08-05T20:04:59","date_gmt":"2023-08-05T23:04:59","guid":{"rendered":"http:\/\/dsrmedios.com.ar\/diario\/?p=37871"},"modified":"2023-08-05T20:05:03","modified_gmt":"2023-08-05T23:05:03","slug":"los-movimientos-sociales-realizaran-un-acto-de-apoyo-a-sergio-massa-el-ministro-cerrara-el-encuentro","status":"publish","type":"post","link":"http:\/\/dsrmedios.com.ar\/diario\/archivos\/37871","title":{"rendered":"Los movimientos sociales realizar\u00e1n un acto de apoyo a Sergio Massa: el ministro cerrar\u00e1 el encuentro"},"content":{"rendered":"\n<p>La mayor\u00eda de los movimientos sociales que integran Uni\u00f3n por la Patria se mostrar\u00e1n por primera vez de manera conjunta y p\u00fablica, alineados con el precandidato presidencial&nbsp;<strong>Sergio Massa<\/strong>. Ser\u00e1 el domingo a las 18, en el Club Atl\u00e9tico Ferrocarril Oeste, ubicado en el barrio porte\u00f1o de Caballito. De esa manera, el ministro de Econom\u00eda compartir\u00e1 escenario con los principales dirigentes populares: Emilio P\u00e9rsico y Fernando \u201cChino\u201d Navarro, referentes del Movimiento Evita; Daniel Men\u00e9ndez, coordinador nacional de Somos Barrios de Pie (los tres funcionarios); y el diputado nacional Juan Carlos Alderete, l\u00edder de la Corriente Clasista y Combativa (CCC). El lema del encuentro ser\u00e1: \u201cPor una Argentina con tierra, techo y trabajo\u201d.<\/p>\n\n\n\n<p>Entre otros, tambi\u00e9n estar\u00e1n presentes las dirigentes del Evita&nbsp;<strong>Mariel Fern\u00e1ndez, la intendenta de Moreno que busca su reelecci\u00f3n; y Patricia \u201cColo\u201d Cubr\u00eda<\/strong>, que enfrentar\u00e1 en elecciones internas a Fernando Espinoza, el alcalde peronista de La Matanza.&nbsp;<strong>Natalia Souto<\/strong>,&nbsp;<strong>Leonardo Grosso<\/strong>,&nbsp;<strong>Agust\u00edn Balladares<\/strong>,&nbsp;<strong>Daniel Yuse<\/strong>&nbsp;y&nbsp;<strong>Joaqu\u00edn Noya.<\/strong><\/p>\n\n\n\n<p>La militancia de los movimientos sociales a favor de Massa le asegura al ministro volumen en el conurbano bonaerense y una red de fiscales y log\u00edstica para la contienda electoral. En los \u00faltimos d\u00edas, el titular del Palacio de Hacienda se mostr\u00f3 junto a l\u00edderes sociales recorriendo barrios populares y cooperativas, junto a dirigentes e intendentes.<\/p>\n\n\n\n<p>Est\u00e1 previsto que unos dos mil dirigentes y militantes colmen las instalaciones contiguas al microestadio cubierto. El encuentro ser\u00e1 una se\u00f1al muy fuerte hacia adentro del oficialismo y de las propias organizaciones sociales, que dar\u00e1n una muestra de unidad y compromiso con la precandidatura del ministro de Alberto Fern\u00e1ndez.<\/p>\n\n\n\n<p><img decoding=\"async\" loading=\"lazy\" alt=\"Sergio Massa junto al intendente de Avellaneda Jorge Ferraresi y Daniel Men\u00e9ndez. El jueves recorrieron una cooperativa de zapatillas de Somos Barrios de Pie\" height=\"1080\" width=\"1920\" src=\"https:\/\/www.infobae.com\/new-resizer\/Iys8HWRtuRXGqtlMHmkVpkrsfyI=\/arc-anglerfish-arc2-prod-infobae\/public\/W72BCOGVVZHW5FC2CXSRXH3YZA.jpg\" srcset=\"https:\/\/www.infobae.com\/new-resizer\/2MZ81gAtRGNW7UiY3RRQWuJIQPE=\/420x236\/filters:format(webp):quality(85)\/cloudfront-us-east-1.images.arcpublishing.com\/infobae\/W72BCOGVVZHW5FC2CXSRXH3YZA.jpg 420w,https:\/\/www.infobae.com\/new-resizer\/028oTpIibknlNhyF2GEV45kdhBc=\/768x432\/filters:format(webp):quality(85)\/cloudfront-us-east-1.images.arcpublishing.com\/infobae\/W72BCOGVVZHW5FC2CXSRXH3YZA.jpg 768w,https:\/\/www.infobae.com\/new-resizer\/wcIORr9jq4fYx3C-hCPxUfoQ_qY=\/992x558\/filters:format(webp):quality(85)\/cloudfront-us-east-1.images.arcpublishing.com\/infobae\/W72BCOGVVZHW5FC2CXSRXH3YZA.jpg 992w,https:\/\/www.infobae.com\/new-resizer\/Nb7PFT2FhSbvxewHcRU3qbwjRqM=\/1200x675\/filters:format(webp):quality(85)\/cloudfront-us-east-1.images.arcpublishing.com\/infobae\/W72BCOGVVZHW5FC2CXSRXH3YZA.jpg 1200w,https:\/\/www.infobae.com\/new-resizer\/UzSDlZyC2STzAXHxw1QU1h8NaFk=\/1440x810\/filters:format(webp):quality(85)\/cloudfront-us-east-1.images.arcpublishing.com\/infobae\/W72BCOGVVZHW5FC2CXSRXH3YZA.jpg 1440w\">Sergio Massa junto al intendente de Avellaneda Jorge Ferraresi y Daniel Men\u00e9ndez. El jueves recorrieron una cooperativa de zapatillas de Somos Barrios de Pie<\/p>\n\n\n\n<p>De las organizaciones sociales oficialistas m\u00e1s importantes, solo quedan afuera el Movimiento de Trabajadores Excluidos, liderado por&nbsp;<strong>Juan Grabois<\/strong>, quien compite contra Massa en la interna de Uni\u00f3n por la Patria, y el Frente Popular Dar\u00edo Santill\u00e1n, liderado por&nbsp;<strong>Dina S\u00e1nchez<\/strong>, que integra el Frente Patria Grande, tambi\u00e9n liderado por el abogado y soci\u00f3logo.<\/p>\n\n\n\n<p>Hasta el momento, Men\u00e9ndez se hab\u00eda mostrado, al menos p\u00fablicamente, como el impulsor m\u00e1s activo del precandidato. Lo acompa\u00f1\u00f3 en parte de la gira federal que el ex presidente de la C\u00e1mara de Diputados realiz\u00f3 por varias provincias del norte, y compartieron varias actividades en cooperativas de Somos Barrios de Pie, como la f\u00e1brica de zapatillas Calzados del Sud, ubicada en la localidad de Avellaneda.<\/p>\n\n\n\n<p>\u201cNosotros creemos que Sergio va a ganar, y por eso militamos con fuerza su propuesta de unidad y la continuidad de un plan econ\u00f3mico que ya est\u00e1 implementando desde el Ministerio para sacar al pa\u00eds adelante\u201d, justific\u00f3 Men\u00e9ndez al ser consultado por&nbsp;<strong>Infobae.<\/strong><\/p>\n\n\n\n<p><img decoding=\"async\" loading=\"lazy\" alt=\"Emilio P\u00e9rsico y Fernando &quot;Chino&quot; Navarro&quot;, dos de los organizadores del acto de apoyo a Sergio Massa en Ferrocarril Oeste\" height=\"1029\" width=\"1830\" src=\"https:\/\/www.infobae.com\/new-resizer\/OtRQn1j7XYH0HGIdTm-IZsDO6Kw=\/arc-anglerfish-arc2-prod-infobae\/public\/FCUTOYHN2JBDJNHHUZVFGSBQK4.jpg\" srcset=\"https:\/\/www.infobae.com\/new-resizer\/XG7hzoVv2ATtwP7_Q8_2XIyr-hE=\/420x236\/filters:format(webp):quality(85)\/cloudfront-us-east-1.images.arcpublishing.com\/infobae\/FCUTOYHN2JBDJNHHUZVFGSBQK4.jpg 420w,https:\/\/www.infobae.com\/new-resizer\/Acr60EahKZNSPpD-pAMGFr9L0HU=\/768x432\/filters:format(webp):quality(85)\/cloudfront-us-east-1.images.arcpublishing.com\/infobae\/FCUTOYHN2JBDJNHHUZVFGSBQK4.jpg 768w,https:\/\/www.infobae.com\/new-resizer\/0DhYIjkjaamaJq2Np_Sur9_I6jQ=\/992x558\/filters:format(webp):quality(85)\/cloudfront-us-east-1.images.arcpublishing.com\/infobae\/FCUTOYHN2JBDJNHHUZVFGSBQK4.jpg 992w,https:\/\/www.infobae.com\/new-resizer\/x9xrUDp8l3H0XZXm3X_lWW7QPCE=\/1200x675\/filters:format(webp):quality(85)\/cloudfront-us-east-1.images.arcpublishing.com\/infobae\/FCUTOYHN2JBDJNHHUZVFGSBQK4.jpg 1200w,https:\/\/www.infobae.com\/new-resizer\/DSvpXsWIWp8cTJjZWD6cZvlxkG4=\/1440x810\/filters:format(webp):quality(85)\/cloudfront-us-east-1.images.arcpublishing.com\/infobae\/FCUTOYHN2JBDJNHHUZVFGSBQK4.jpg 1440w\">Emilio P\u00e9rsico y Fernando &#8220;Chino&#8221; Navarro&#8221;, dos de los organizadores del acto de apoyo a Sergio Massa en Ferrocarril Oeste<\/p>\n\n\n\n<p>P\u00e9rsico, por su parte, opin\u00f3:&nbsp;<strong>\u201cSergio Massa me parece una estrategia que nos da una posibilidad para ganar\u201d.<\/strong>&nbsp;En ese contexto, destac\u00f3 su relaci\u00f3n con Juan Grabois, a quien defini\u00f3 como un hermano, pero consider\u00f3 que el ministro de Econom\u00eda \u201ces una esperanza de que el peronismo puede ganar\u201d. Tambi\u00e9n sostuvo: \u201cEl peronismo siempre es mejor que cualquier gobierno neoliberal. Es el peronismo o la miseria\u201d.<\/p>\n\n\n\n<p>Massa saldr\u00e1 fortalecido con el alineamiento de los dirigentes sociales que fueron un sost\u00e9n incondicional de Alberto Fern\u00e1ndez e incluso salieron a \u201cbancarlo\u201d cuando Cristina Fern\u00e1ndez de Kirchner lo criticaba en p\u00fablico o a trav\u00e9s de cartas abiertas en las que hac\u00eda hincapi\u00e9 en los \u201cfuncionarios que no funcionan\u201d; o por dejar en manos de P\u00e9rsico y el Evita la pol\u00edtica social.<\/p>\n\n\n\n<p>\u201cEn las v\u00edsperas de San Cayetano, el precandidato a presidente de Uni\u00f3n por la Patria, Sergio Massa, compartir\u00e1 con los movimientos sociales un acto a 7 d\u00edas de las PASO\u201d, remarca el comunicado elaborado por los organizadores del encuentro con Massa en Ferrocarril Oeste. Adem\u00e1s, destaca: \u201cLos movimientos sociales vienen impulsando en esta campa\u00f1a una agenda y propuestas por una Argentina con Tierra, Techo y Trabajo que resuelva las problem\u00e1ticas vigentes de los sectores m\u00e1s humildes del pa\u00eds. Una agenda que promueva mejores derechos para los trabajadores de la econom\u00eda popular, la mejora de los ingresos, la urbanizaci\u00f3n de los barrios populares y las demandas ambientales\u201d.<\/p>\n\n\n\n<p><img decoding=\"async\" loading=\"lazy\" alt=\"Los movimientos sociales le presentaron un paquete de 9 medidas a Sergio Massa por si llega a la Casa Rosada (Nicol\u00e1s Stulberg)\" height=\"1078\" width=\"1920\" src=\"https:\/\/www.infobae.com\/new-resizer\/5F8BxGg_-G9HqqUXkkmpSTi9X4A=\/arc-anglerfish-arc2-prod-infobae\/public\/IOJUIJQUKRHTJHMZ6SGT3U5IEM.jpg\" srcset=\"https:\/\/www.infobae.com\/new-resizer\/X8OZc1DAjgLrmDggGz6wCBLUySc=\/420x236\/filters:format(webp):quality(85)\/cloudfront-us-east-1.images.arcpublishing.com\/infobae\/IOJUIJQUKRHTJHMZ6SGT3U5IEM.jpg 420w,https:\/\/www.infobae.com\/new-resizer\/dITJZmp1_IywoqE7Fs7Eqlah2z0=\/768x432\/filters:format(webp):quality(85)\/cloudfront-us-east-1.images.arcpublishing.com\/infobae\/IOJUIJQUKRHTJHMZ6SGT3U5IEM.jpg 768w,https:\/\/www.infobae.com\/new-resizer\/6HKZiBWMOH4fbyAUu2erYXoyRSs=\/992x558\/filters:format(webp):quality(85)\/cloudfront-us-east-1.images.arcpublishing.com\/infobae\/IOJUIJQUKRHTJHMZ6SGT3U5IEM.jpg 992w,https:\/\/www.infobae.com\/new-resizer\/CulS6BKGhj0jw9dYYE-H-7VKQeg=\/1200x675\/filters:format(webp):quality(85)\/cloudfront-us-east-1.images.arcpublishing.com\/infobae\/IOJUIJQUKRHTJHMZ6SGT3U5IEM.jpg 1200w,https:\/\/www.infobae.com\/new-resizer\/hiNz7C7f10DWAlH7hapu78taoi8=\/1440x810\/filters:format(webp):quality(85)\/cloudfront-us-east-1.images.arcpublishing.com\/infobae\/IOJUIJQUKRHTJHMZ6SGT3U5IEM.jpg 1440w\">Los movimientos sociales le presentaron un paquete de 9 medidas a Sergio Massa por si llega a la Casa Rosada (Nicol\u00e1s Stulberg)<\/p>\n\n\n\n<p>La semana pasada, durante la recorrida del ministro de Econom\u00eda por varias provincias, entre ellas San Juan y Tucum\u00e1n, Men\u00e9ndez fue el encargado de entregarle a Massa un paquete de nueve medidas para favorecer a la econom\u00eda popular e implementar si llega a la Casa Rosada.<\/p>\n\n\n\n<p>El t\u00edtulo de la iniciativa es similar a la convocatoria del domingo en Ferrocarril Oeste, \u201cPor una Argentina con Tierra, Techo y Trabajo\u201d, e incluye algunos reclamos que ya le hab\u00edan hecho a Alberto Fern\u00e1ndez y que el mandatario no impuls\u00f3, como, por ejemplo,&nbsp;<strong>el cr\u00e9dito no bancario para emprendimientos o el acompa\u00f1amiento integral de salud mental comunitaria.<\/strong><\/p>\n\n\n\n<p>Massa se comprometi\u00f3 a evaluar las propuestas e incluso afirm\u00f3 que alguna de ellas podr\u00eda comenzar a implementarse despu\u00e9s de las elecciones PASO del 13 de agosto.<\/p>\n\n\n\n<p>El primer punto del \u201cpaquete de medidas\u201d es la implementaci\u00f3n de un \u201cprograma de viviendas populares\u201d a largo plazo para dar \u201csoluci\u00f3n al d\u00e9ficit habitacional de nuestro pa\u00eds\u201d.<\/p>\n\n\n\n<p>Entre otros reclamos, destaca la implementaci\u00f3n de \u201ccupo para cooperativas en la obra p\u00fablica\u201d para \u201cimpulsar la mano de obra en todo el pa\u00eds\u201d. Entre sus argumentos, los l\u00edderes sociales resaltaron: \u201cConsideramos la necesidad de que un treinta por ciento de la obra p\u00fablica inferior a 300 millones de pesos sea ejecutada por cooperativas de trabajo, con la finalidad de impulsar la mano de obra en todo el pa\u00eds\u201d, se\u00f1alaron.<\/p>\n\n\n\n<p>El jueves pasado, durante la visita del ministro de Econom\u00eda a la f\u00e1brica de Zapatillas de Gerli, de la cual tambi\u00e9n particip\u00f3 el intendente local, Jorge Ferraresi, Massa valor\u00f3 el cooperativismo como una manera de \u201cdistribuir las ganancias de forma equitativa entre los trabajadores\u201d. Tambi\u00e9n manifest\u00f3 que \u201cel plan Potenciar Trabajo tiene que ser la base de un proceso productivo\u201d, al tiempo que subray\u00f3 la importancia de \u201ccapacitarse en oficios\u201d y potenciar estos proyectos productivos para acceder a m\u00e1s derechos.<\/p>\n\n\n\n<p>Por otro lado, anunci\u00f3 lo que ya le hab\u00eda prometido a Men\u00e9ndez cuando este le entreg\u00f3 el paquete de nueve medidas, la implementaci\u00f3n del monotributo productivo.<\/p>\n\n\n\n<p>El domingo se espera que el precandidato presidencial, adem\u00e1s de recibir el apoyo y alineamiento de las organizaciones sociales, destaque, como ya lo hizo, la importancia de la econom\u00eda popular como un nuevo actor social que no solo irrumpi\u00f3 con fuerza en la Argentina sino en el mundo. Tanto es as\u00ed que el Papa Francisco llama a sus dirigentes \u201cpoetas sociales\u201d y propuso \u201cpensar un salario universal\u201d para los trabajadores de la econom\u00eda popular que luchan por \u201ctierra, techo y trabajo\u201d y encarar un proyecto \u201ccentrado en el protagonismo de los pueblos\u201d. Ese es el esp\u00edritu que rodea el encuentro de Massa con la dirigencia social que decidi\u00f3 apoyar a Massa en la interna del oficialismo.<\/p>\n\n\n\n<p>Fuente: Infobae<\/p>\n","protected":false},"excerpt":{"rendered":"<div class=\"mh-excerpt\"><p>La mayor\u00eda de los movimientos sociales que integran Uni\u00f3n por la Patria se mostrar\u00e1n por primera vez de manera conjunta y p\u00fablica, alineados con el precandidato presidencial&nbsp;Sergio Massa. Ser\u00e1 el domingo a las 18, en el Club Atl\u00e9tico Ferrocarril Oeste, ubicado en el barrio porte\u00f1o de Caballito. De esa manera, el ministro de Econom\u00eda compartir\u00e1 escenario con los principales dirigentes populares: Emilio P\u00e9rsico y Fernando \u201cChino\u201d Navarro, referentes del Movimiento Evita; Daniel Men\u00e9ndez, coordinador nacional de Somos Barrios de Pie (los tres funcionarios); y el diputado nacional Juan Carlos Alderete, l\u00edder de la Corriente Clasista y Combativa (CCC). El lema <a class=\"mh-excerpt-more\" href=\"http:\/\/dsrmedios.com.ar\/diario\/archivos\/37871\" title=\"Los movimientos sociales realizar\u00e1n un acto de apoyo a Sergio Massa: el ministro cerrar\u00e1 el encuentro\">[Leer m\u00e1s]<\/a><\/p>\n<\/div>","protected":false},"author":8,"featured_media":37872,"comment_status":"open","ping_status":"closed","sticky":false,"template":"","format":"standard","meta":{"_jetpack_newsletter_access":""},"categories":[6],"tags":[],"jetpack_featured_media_url":"http:\/\/dsrmedios.com.ar\/diario\/wp-content\/uploads\/2023\/08\/images-49.jpg","jetpack_sharing_enabled":true,"jetpack_shortlink":"https:\/\/wp.me\/p9fihK-9QP","_links":{"self":[{"href":"http:\/\/dsrmedios.com.ar\/diario\/wp-json\/wp\/v2\/posts\/37871"}],"collection":[{"href":"http:\/\/dsrmedios.com.ar\/diario\/wp-json\/wp\/v2\/posts"}],"about":[{"href":"http:\/\/dsrmedios.com.ar\/diario\/wp-json\/wp\/v2\/types\/post"}],"author":[{"embeddable":true,"href":"http:\/\/dsrmedios.com.ar\/diario\/wp-json\/wp\/v2\/users\/8"}],"replies":[{"embeddable":true,"href":"http:\/\/dsrmedios.com.ar\/diario\/wp-json\/wp\/v2\/comments?post=37871"}],"version-history":[{"count":1,"href":"http:\/\/dsrmedios.com.ar\/diario\/wp-json\/wp\/v2\/posts\/37871\/revisions"}],"predecessor-version":[{"id":37873,"href":"http:\/\/dsrmedios.com.ar\/diario\/wp-json\/wp\/v2\/posts\/37871\/revisions\/37873"}],"wp:featuredmedia":[{"embeddable":true,"href":"http:\/\/dsrmedios.com.ar\/diario\/wp-json\/wp\/v2\/media\/37872"}],"wp:attachment":[{"href":"http:\/\/dsrmedios.com.ar\/diario\/wp-json\/wp\/v2\/media?parent=37871"}],"wp:term":[{"taxonomy":"category","embeddable":true,"href":"http:\/\/dsrmedios.com.ar\/diario\/wp-json\/wp\/v2\/categories?post=37871"},{"taxonomy":"post_tag","embeddable":true,"href":"http:\/\/dsrmedios.com.ar\/diario\/wp-json\/wp\/v2\/tags?post=37871"}],"curies":[{"name":"wp","href":"https:\/\/api.w.org\/{rel}","templated":true}]}}