{"id":37773,"date":"2023-08-02T10:05:57","date_gmt":"2023-08-02T13:05:57","guid":{"rendered":"http:\/\/dsrmedios.com.ar\/diario\/?p=37773"},"modified":"2023-08-02T10:06:00","modified_gmt":"2023-08-02T13:06:00","slug":"una-historica-de-las-leonas-vuelve-del-retiro-a-los-49-anos-para-evitar-el-descenso-de-su-equipo-me-costo-tomar-una-decision","status":"publish","type":"post","link":"http:\/\/dsrmedios.com.ar\/diario\/archivos\/37773","title":{"rendered":"Una hist\u00f3rica de Las Leonas vuelve del retiro a los 49 a\u00f1os para evitar el descenso de su equipo: \u201cMe cost\u00f3 tomar una decisi\u00f3n\u201d"},"content":{"rendered":"\n<p><strong>Magui Aicega<\/strong>&nbsp;fue parte de la&nbsp;<em>Generaci\u00f3n Dorada<\/em>&nbsp;del hockey argentino a trav\u00e9s de una Selecci\u00f3n con baluartes de peso como&nbsp;<strong>Luciana Aymar<\/strong>,&nbsp;<strong>Mercedes Margalot<\/strong>&nbsp;y&nbsp;<strong>Bel\u00e9n Succi<\/strong>&nbsp;que llevaron al pa\u00eds a lo m\u00e1s alto de la disciplina. Su partida del conjunto nacional en los&nbsp;<strong>Juegos Ol\u00edmpicos de Beijing<\/strong>&nbsp;le puso fin a m\u00e1s de una d\u00e9cada ligada a esa camiseta aunque su retir\u00f3 definitivo se dio en 2020, pero la ex capitana de&nbsp;<em>Las Leonas<\/em>&nbsp;volver\u00e1 al ruedo a sus 49 a\u00f1os.<\/p>\n\n\n\n<p>La ganadora de dos medallas de bronce en los Juegos Ol\u00edmpicos de 2004 y 2008 ser\u00e1 el refuerzo estrella de&nbsp;<strong>Belgrano Athletic<\/strong>, donde marc\u00f3 sus primeros inicios en el deporte y debut\u00f3 en Primera a los 14 abriles, para disputar el&nbsp;<strong>Torneo Reubicaci\u00f3n<\/strong>&nbsp;con la ilusi\u00f3n de mantener a su club en la m\u00e1xima categor\u00eda del&nbsp;<strong>Torneo Metropolitano de Hockey<\/strong>. \u201c<strong>Vuelvo a jugar. \u00bfLeonas? No, no. Vuelvo a jugar en el club en Belgrano. Me entreno para jugar en Primera<\/strong>\u201d, oficializ\u00f3&nbsp;<strong>Aicega<\/strong>&nbsp;en la emisi\u00f3n del programa&nbsp;<em>Qui\u00e9n paga la fiesta<\/em>, que sale por la radio&nbsp;<em>Rock &amp; Pop<\/em>.<\/p>\n\n\n\n<p>A m\u00e1s de 15 a\u00f1os de su alejamiento de la&nbsp;<em>Celeste y Blanca<\/em>, sigui\u00f3 vinculada a la instituci\u00f3n hasta su retiro definitivo al final de la d\u00e9cada pasada. Tres a\u00f1os m\u00e1s tarde, descolgar\u00e1 el palo para volver a la cancha. \u201c<strong>Te la ten\u00edas bien guardada&#8230;<\/strong>\u201d, coment\u00f3 el conductor del ciclo&nbsp;<strong>Mart\u00edn Ciccioli<\/strong>&nbsp;en una frase que motiv\u00f3 la explicaci\u00f3n de c\u00f3mo surgi\u00f3 esa posibilidad en la palabra de la protagonista: \u201c<strong>S\u00ed, pero se dio la idea porque hay un torneo en esta segunda etapa que son doce equipos y los cuatro primeros clasifican para la A<\/strong>\u201d.<\/p>\n\n\n\n<p>La entidad creada en 1908 es una de las escuadras hist\u00f3ricas del Metro con campeonatos cosechados en 1942, 1946, 1949 y 1974, pero&nbsp;<strong>march\u00f3 ante\u00faltimo en la primera fase de la A con 2 victorias en 15 partidos<\/strong>. Esta mala actuaci\u00f3n la obliga a jugar un certamen con los 5 equipos restantes que finalizaron entre las \u00faltimas plazas (Ciudad, V\u00e9lez, Banco Provincia, San Lorenzo y San Mart\u00edn) junto a Liceo Naval, CASI, Ducilo, Hacoaj, Ferro y Olivos, los seis primeros de la B.&nbsp;<strong>Solamente los cuatro primeros de la tabla jugar\u00e1n en Primera durante 2024<\/strong>.<\/p>\n\n\n\n<p><img decoding=\"async\" loading=\"lazy\" alt=\"Magui Aicega fue capitana de Las Leonas de 2003 a 2008\" height=\"1080\" width=\"1920\" src=\"https:\/\/www.infobae.com\/new-resizer\/yacRwHqBK9LmR-3-6HTCxyLkubg=\/arc-anglerfish-arc2-prod-infobae\/public\/YNQP2PGLKVHGDFLIMKHJK5UEGM.jpg\" srcset=\"https:\/\/www.infobae.com\/new-resizer\/9CFZPqUwqftAh6ItOFQZlEwikPs=\/420x236\/filters:format(webp):quality(85)\/cloudfront-us-east-1.images.arcpublishing.com\/infobae\/YNQP2PGLKVHGDFLIMKHJK5UEGM.jpg 420w,https:\/\/www.infobae.com\/new-resizer\/x2lUmZ0NXf8BEXUAd60ZfxuJlBE=\/768x432\/filters:format(webp):quality(85)\/cloudfront-us-east-1.images.arcpublishing.com\/infobae\/YNQP2PGLKVHGDFLIMKHJK5UEGM.jpg 768w,https:\/\/www.infobae.com\/new-resizer\/_XxdttCdH2irmIoHKxZBpkE8PQs=\/992x558\/filters:format(webp):quality(85)\/cloudfront-us-east-1.images.arcpublishing.com\/infobae\/YNQP2PGLKVHGDFLIMKHJK5UEGM.jpg 992w,https:\/\/www.infobae.com\/new-resizer\/a4K3ZElIlZfVdN4W18EN2tB2y2o=\/1200x675\/filters:format(webp):quality(85)\/cloudfront-us-east-1.images.arcpublishing.com\/infobae\/YNQP2PGLKVHGDFLIMKHJK5UEGM.jpg 1200w,https:\/\/www.infobae.com\/new-resizer\/LRljvx6mNZM_iYqnhlZI_lBSaGk=\/1440x810\/filters:format(webp):quality(85)\/cloudfront-us-east-1.images.arcpublishing.com\/infobae\/YNQP2PGLKVHGDFLIMKHJK5UEGM.jpg 1440w\">Magui Aicega fue capitana de Las Leonas de 2003 a 2008<\/p>\n\n\n\n<p>\u201c<strong>Me propusieron solo para aportar experiencia porque tenemos un equipo que juega muy bien, pero es joven. Es un torneo muy dif\u00edcil, que dura hasta noviembre<\/strong>\u201d, explic\u00f3 frente a la sorpresa de sus compa\u00f1eros. La competici\u00f3n se desarrolla en formato todos contra todos a una sola vuelta. La primera fecha se disputar\u00e1 este s\u00e1bado y podr\u00eda tener a la&nbsp;<em>Leona<\/em>&nbsp;en el debut ante&nbsp;<strong>San Lorenzo<\/strong>.<\/p>\n\n\n\n<p>M\u00e1s all\u00e1 de su oficio como nutricionista, su labor se desarrolla en el periodismo a trav\u00e9s de distintas coberturas de la&nbsp;<strong>Liga Profesional<\/strong>&nbsp;para&nbsp;<em>TNT Sports<\/em>. Estas obligaciones fueron una cuesti\u00f3n imposible de apartar en la determinaci\u00f3n final: \u201c<strong>Al principio, me cost\u00f3 tomar una decisi\u00f3n porque yo no estaba preparada. No f\u00edsicamente, sino desde la cabeza y con el trabajo<\/strong>\u201d.<\/p>\n\n\n\n<p>Una de las m\u00e1ximas personalidades que salieron del semillero con la camiseta marr\u00f3n y amarilla no dej\u00f3 lugar a dudas cuando le preguntaron si exist\u00eda alguna posibilidad de que&nbsp;<strong>Fernando Ferrara<\/strong>&nbsp;analice su presencia en una n\u00f3mina de la Selecci\u00f3n: \u201c<strong>No, no estoy para Las Leonas. No estoy ni para Primera, chicos. Soy realista<\/strong>\u201d.<\/p>\n\n\n\n<p>Magdalena Aicega fue&nbsp;<strong>campeona del Mundial Sub 21&nbsp;<\/strong>de Barcelona en 1993 y, al a\u00f1o siguiente, fue subcampeona del&nbsp;<strong>Mundial de Dubl\u00edn<\/strong>. En 2002 se tom\u00f3 revancha en la ciudad australiana de Perth para levantar el t\u00edtulo despu\u00e9s de haberse colgado la&nbsp;<strong>medalla de plata en los JJ.OO. de Sidney 2000<\/strong>. Desde 2003 a 2008 fue la capitana y, luego de su experiencia en la cita ol\u00edmpica de China, la defensora anunci\u00f3 su alejamiento: \u201c<strong>El choque por el bronce fue mi \u00faltimo partido y estoy feliz de haber jugado con este equipo. Retirarme de esta manera, tan alegre, fue lo mejor, m\u00e1s all\u00e1 de haber conseguido una medalla<\/strong>\u201d.<\/p>\n\n\n\n<p>La madre de Rocco, Indiana y Lucca sigui\u00f3 vinculada al club de sus amores hasta que dijo basta en medio de una pretemporada a principios de 2020: \u201cTom\u00e9 una decisi\u00f3n totalmente pensada. Jugu\u00e9 33 a\u00f1os en la Primera del club. Pero lleg\u00f3 un momento en el que dije \u2018Yo le di todo al hockey y el hockey me dio todo\u2019. Me exprim\u00ed totalmente\u201d. En esa misma entrevista para el sitio oficial de&nbsp;<strong>Belgrano Athletic<\/strong>&nbsp;ya hab\u00eda dejado la puerta abierta para un posible regreso: \u201cEse \u00faltimo partido de 2019 que jugu\u00e9&nbsp;<strong>no lo pienso como un \u00faltimo partido<\/strong>, porque s\u00e9 que si en alg\u00fan momento me pinta ir a jugar a alguna divisi\u00f3n, por ah\u00ed tengo la chance de hacerlo\u201d.<\/p>\n\n\n\n<p>Una leyenda viviente del hockey nacional buscar\u00e1 dejar en la Primera a su querida instituci\u00f3n en un torneo que finalizar\u00e1 el 4 de noviembre, tres d\u00edas despu\u00e9s de su cumplea\u00f1os n\u00famero 50. El deseo, claro est\u00e1, ser\u00e1 abrochar la permanencia y evitar el descenso a la segunda categor\u00eda.<\/p>\n\n\n\n<p>Fuente: Infobae<\/p>\n","protected":false},"excerpt":{"rendered":"<div class=\"mh-excerpt\"><p>Magui Aicega&nbsp;fue parte de la&nbsp;Generaci\u00f3n Dorada&nbsp;del hockey argentino a trav\u00e9s de una Selecci\u00f3n con baluartes de peso como&nbsp;Luciana Aymar,&nbsp;Mercedes Margalot&nbsp;y&nbsp;Bel\u00e9n Succi&nbsp;que llevaron al pa\u00eds a lo m\u00e1s alto de la disciplina. Su partida del conjunto nacional en los&nbsp;Juegos Ol\u00edmpicos de Beijing&nbsp;le puso fin a m\u00e1s de una d\u00e9cada ligada a esa camiseta aunque su retir\u00f3 definitivo se dio en 2020, pero la ex capitana de&nbsp;Las Leonas&nbsp;volver\u00e1 al ruedo a sus 49 a\u00f1os. La ganadora de dos medallas de bronce en los Juegos Ol\u00edmpicos de 2004 y 2008 ser\u00e1 el refuerzo estrella de&nbsp;Belgrano Athletic, donde marc\u00f3 sus primeros inicios en el <a class=\"mh-excerpt-more\" href=\"http:\/\/dsrmedios.com.ar\/diario\/archivos\/37773\" title=\"Una hist\u00f3rica de Las Leonas vuelve del retiro a los 49 a\u00f1os para evitar el descenso de su equipo: \u201cMe cost\u00f3 tomar una decisi\u00f3n\u201d\">[Leer m\u00e1s]<\/a><\/p>\n<\/div>","protected":false},"author":8,"featured_media":37774,"comment_status":"open","ping_status":"closed","sticky":false,"template":"","format":"standard","meta":{"_jetpack_newsletter_access":""},"categories":[2],"tags":[],"jetpack_featured_media_url":"http:\/\/dsrmedios.com.ar\/diario\/wp-content\/uploads\/2023\/08\/images-40.jpg","jetpack_sharing_enabled":true,"jetpack_shortlink":"https:\/\/wp.me\/p9fihK-9Pf","_links":{"self":[{"href":"http:\/\/dsrmedios.com.ar\/diario\/wp-json\/wp\/v2\/posts\/37773"}],"collection":[{"href":"http:\/\/dsrmedios.com.ar\/diario\/wp-json\/wp\/v2\/posts"}],"about":[{"href":"http:\/\/dsrmedios.com.ar\/diario\/wp-json\/wp\/v2\/types\/post"}],"author":[{"embeddable":true,"href":"http:\/\/dsrmedios.com.ar\/diario\/wp-json\/wp\/v2\/users\/8"}],"replies":[{"embeddable":true,"href":"http:\/\/dsrmedios.com.ar\/diario\/wp-json\/wp\/v2\/comments?post=37773"}],"version-history":[{"count":1,"href":"http:\/\/dsrmedios.com.ar\/diario\/wp-json\/wp\/v2\/posts\/37773\/revisions"}],"predecessor-version":[{"id":37775,"href":"http:\/\/dsrmedios.com.ar\/diario\/wp-json\/wp\/v2\/posts\/37773\/revisions\/37775"}],"wp:featuredmedia":[{"embeddable":true,"href":"http:\/\/dsrmedios.com.ar\/diario\/wp-json\/wp\/v2\/media\/37774"}],"wp:attachment":[{"href":"http:\/\/dsrmedios.com.ar\/diario\/wp-json\/wp\/v2\/media?parent=37773"}],"wp:term":[{"taxonomy":"category","embeddable":true,"href":"http:\/\/dsrmedios.com.ar\/diario\/wp-json\/wp\/v2\/categories?post=37773"},{"taxonomy":"post_tag","embeddable":true,"href":"http:\/\/dsrmedios.com.ar\/diario\/wp-json\/wp\/v2\/tags?post=37773"}],"curies":[{"name":"wp","href":"https:\/\/api.w.org\/{rel}","templated":true}]}}