{"id":37729,"date":"2023-08-01T17:01:47","date_gmt":"2023-08-01T20:01:47","guid":{"rendered":"http:\/\/dsrmedios.com.ar\/diario\/?p=37729"},"modified":"2023-08-02T11:48:42","modified_gmt":"2023-08-02T14:48:42","slug":"entrevista-al-candidato-a-vicegobernador-miguel-fernandez-por-la-lista-de-bullrich","status":"publish","type":"post","link":"http:\/\/dsrmedios.com.ar\/diario\/archivos\/37729","title":{"rendered":"Entrevista al candidato a vicegobernador Miguel Fern\u00e1ndez por la lista de Bullrich"},"content":{"rendered":"\n<p>El intendente de Trenque Lauquen desde el a\u00f1o 2015 se presenta en la lista que encabeza N\u00e9stor Grindetti para la gobernaci\u00f3n de Buenos Aires. Visit\u00f3 nuestra radio para conversar sobre las propuestas electorales de esa agrupaci\u00f3n<\/p>\n\n\n\n<figure class=\"wp-block-embed is-type-video is-provider-youtube wp-block-embed-youtube wp-embed-aspect-16-9 wp-has-aspect-ratio\"><div class=\"wp-block-embed__wrapper\">\n<span class=\"embed-youtube\" style=\"text-align:center; display: block;\"><iframe loading=\"lazy\" class=\"youtube-player\" width=\"640\" height=\"360\" src=\"https:\/\/www.youtube.com\/embed\/0AGIFj6nLeU?version=3&#038;rel=1&#038;showsearch=0&#038;showinfo=1&#038;iv_load_policy=1&#038;fs=1&#038;hl=es-ES&#038;autohide=2&#038;wmode=transparent\" allowfullscreen=\"true\" style=\"border:0;\" sandbox=\"allow-scripts allow-same-origin allow-popups allow-presentation\"><\/iframe><\/span>\n<\/div><\/figure>\n","protected":false},"excerpt":{"rendered":"<div class=\"mh-excerpt\"><p>El intendente de Trenque Lauquen desde el a\u00f1o 2015 se presenta en la lista que encabeza N\u00e9stor Grindetti para la gobernaci\u00f3n de Buenos Aires. Visit\u00f3 nuestra radio para conversar sobre las propuestas electorales de esa agrupaci\u00f3n<\/p>\n<\/div>","protected":false},"author":5,"featured_media":37781,"comment_status":"open","ping_status":"closed","sticky":false,"template":"","format":"standard","meta":{"_jetpack_newsletter_access":""},"categories":[47],"tags":[],"jetpack_featured_media_url":"http:\/\/dsrmedios.com.ar\/diario\/wp-content\/uploads\/2023\/08\/Miguel-Fernandez-candidato-a-vicegobernador.jpeg","jetpack_sharing_enabled":true,"jetpack_shortlink":"https:\/\/wp.me\/p9fihK-9Ox","_links":{"self":[{"href":"http:\/\/dsrmedios.com.ar\/diario\/wp-json\/wp\/v2\/posts\/37729"}],"collection":[{"href":"http:\/\/dsrmedios.com.ar\/diario\/wp-json\/wp\/v2\/posts"}],"about":[{"href":"http:\/\/dsrmedios.com.ar\/diario\/wp-json\/wp\/v2\/types\/post"}],"author":[{"embeddable":true,"href":"http:\/\/dsrmedios.com.ar\/diario\/wp-json\/wp\/v2\/users\/5"}],"replies":[{"embeddable":true,"href":"http:\/\/dsrmedios.com.ar\/diario\/wp-json\/wp\/v2\/comments?post=37729"}],"version-history":[{"count":1,"href":"http:\/\/dsrmedios.com.ar\/diario\/wp-json\/wp\/v2\/posts\/37729\/revisions"}],"predecessor-version":[{"id":37730,"href":"http:\/\/dsrmedios.com.ar\/diario\/wp-json\/wp\/v2\/posts\/37729\/revisions\/37730"}],"wp:featuredmedia":[{"embeddable":true,"href":"http:\/\/dsrmedios.com.ar\/diario\/wp-json\/wp\/v2\/media\/37781"}],"wp:attachment":[{"href":"http:\/\/dsrmedios.com.ar\/diario\/wp-json\/wp\/v2\/media?parent=37729"}],"wp:term":[{"taxonomy":"category","embeddable":true,"href":"http:\/\/dsrmedios.com.ar\/diario\/wp-json\/wp\/v2\/categories?post=37729"},{"taxonomy":"post_tag","embeddable":true,"href":"http:\/\/dsrmedios.com.ar\/diario\/wp-json\/wp\/v2\/tags?post=37729"}],"curies":[{"name":"wp","href":"https:\/\/api.w.org\/{rel}","templated":true}]}}