{"id":37721,"date":"2023-08-01T11:13:16","date_gmt":"2023-08-01T14:13:16","guid":{"rendered":"http:\/\/dsrmedios.com.ar\/diario\/?p=37721"},"modified":"2023-08-01T11:13:20","modified_gmt":"2023-08-01T14:13:20","slug":"pablo-moyano-marca-la-cancha-y-advierte-a-juntos-por-el-cambio-vamos-a-reaccionar","status":"publish","type":"post","link":"http:\/\/dsrmedios.com.ar\/diario\/archivos\/37721","title":{"rendered":"Pablo Moyano marca la cancha y advierte a Juntos por el Cambio: \u00abVamos a reaccionar\u00bb"},"content":{"rendered":"\n<p><strong><a href=\"https:\/\/elintransigente.com\/tag\/pablo-moyano\/\" target=\"_blank\" rel=\"noreferrer noopener\"><br>Pablo Moyano<\/a><\/strong>, dirigente del sindicato de Camioneros, asegur\u00f3 que si&nbsp;<strong><a href=\"https:\/\/elintransigente.com\/tag\/juntos-por-el-cambio\/\" target=\"_blank\" rel=\"noreferrer noopener\">Juntos por el Cambio<\/a><\/strong>&nbsp;gana las elecciones presidenciales, no le van a permitir recortar los derechos laborales como el aguinaldo, las indemnizaciones, las vacaciones pagas y los bonos de suma fija. En ese marco, Moyano apoy\u00f3 la candidatura de&nbsp;<strong><a href=\"https:\/\/twitter.com\/SergioMassa\" target=\"_blank\" rel=\"noreferrer noopener\">Sergio Massa<\/a><\/strong>.<\/p>\n\n\n\n<p>\u00abEstamos acompa\u00f1ando la precandidatura de Sergio Massa y estamos viendo mes a mes que de a poquito va bajando la inflaci\u00f3n, a pesar de todo ese ataque que han hecho los supermercados con las remarcaciones de precios permanentes. Vemos que muchos gremios han podido superar o empatar a la inflaci\u00f3n con las paritarias y las sumas fijas. El Gobierno ha priorizado el salario de los trabajadores, pero ahora pedimos una suma fija para aquellas organizaciones gremiales que no pudieron empatarle a la inflaci\u00f3n\u00bb, insisti\u00f3 Moyano en una entrevista para la radio Futurock.<\/p>\n\n\n\n<p>\u00abSe est\u00e1 haciendo un esfuerzo importante, ojal\u00e1, que nos podamos saltear la porquer\u00eda del Fondo Monetario Internacional, que es lo que permanente aprieta a trav\u00e9s del d\u00f3lar o a trav\u00e9s de la remarcaci\u00f3n de precios, ojal\u00e1 que sea un acuerdo definitivo. Nadie le gusta acordar con el Fondo, pero los responsables de ese escandaloso pr\u00e9stamo de los 45.000 millones de d\u00f3lares, miran para otro lado y hoy no dan las soluciones sobre c\u00f3mo sacar al pa\u00eds adelante\u00bb, expres\u00f3 el gremialista.<\/p>\n\n\n\n<p>\u00abLo que nos dijo Massa es que no se van a tocar los derechos de los trabajadores a diferencia de la derecha que viene por las indemnizaciones, por la ca\u00edda de los convenios colectivos de trabajo, por la precarizaci\u00f3n laboral, etc. La tranquilidad que tenemos es que el modelo sindical argentino, va a mantener los convenios colectivos de trabajo, las indemnizaciones, las vacaciones pagas, el aguinaldo y cada trabajador va a mantener su premio\u00bb, remarc\u00f3 el sindicalista.<\/p>\n\n\n\n<p>\u00abConstantemente vienen provocando desde la derecha contra los derechos laborales y ahora piden bala a los que cortan una ruta. Nos dicen que nos van a sacar las indemnizaciones, los convenios de colectivo de trabajo, bueno, por supuesto&nbsp;<strong>habr\u00e1 una reacci\u00f3n<\/strong>&nbsp;<strong>de nosotros<\/strong>. Todo gremio ha tenido dirigentes desaparecidos, que lucharon en otros tiempos para lograr un convenio colectivo para su trabajador,&nbsp;<strong>\u00bfQui\u00e9n va a resignar hoy una letra del convenio colectivo de trabajo? Nadie<\/strong>\u00ab, sentenci\u00f3 Moyano que tambi\u00e9n es presidente del Club Atl\u00e9tico Social y Deportivo Camioneros.<\/p>\n\n\n\n<h2 id=\"h-pablo-moyano-prepara-una-manifestacion-masiva-en-caso-de-un-brutal-ajuste\">Pablo Moyano prepara una manifestaci\u00f3n masiva en caso de un brutal ajuste<\/h2>\n\n\n\n<p>\u00abAc\u00e1 hay una provocaci\u00f3n y obsesi\u00f3n con los laburantes donde constantemente los dirigentes de la derecha est\u00e1n viendo qui\u00e9n es m\u00e1s duro contra los trabajadores, ese mensaje no es para los laburantes, es para sus mandantes, la Embajada de Estados Unidos, los empresarios, los del campos, los bancos.&nbsp;<strong>Cualquier derecho que toquen de los laburantes, vamos a estar nosotros como siempre<\/strong>\u00ab, enfatiz\u00f3 Moyano.<\/p>\n\n\n\n<p>\u00abSon los mismos personajes (los de JxC) que provocaron la cantidad de compatriotas muertos, el saqueo, el robo de los ahorros y la violencia en 2001 y se tuvieron que rajar en el helic\u00f3ptero. Yo creo que despu\u00e9s de 22 a\u00f1os vienen a querer dar las soluciones de c\u00f3mo sacar el pa\u00eds adelante, y son los mismos que lo destruyeron. Son todos esl\u00f3ganes y despu\u00e9s no demuestran c\u00f3mo van a tratar de solucionar el caos econ\u00f3mico que ellos mismos provocaron\u00bb, concluy\u00f3.<\/p>\n\n\n\n<p>Fuente: EL INTRANSIGENTE<\/p>\n","protected":false},"excerpt":{"rendered":"<div class=\"mh-excerpt\"><p>Pablo Moyano, dirigente del sindicato de Camioneros, asegur\u00f3 que si&nbsp;Juntos por el Cambio&nbsp;gana las elecciones presidenciales, no le van a permitir recortar los derechos laborales como el aguinaldo, las indemnizaciones, las vacaciones pagas y los bonos de suma fija. En ese marco, Moyano apoy\u00f3 la candidatura de&nbsp;Sergio Massa. \u00abEstamos acompa\u00f1ando la precandidatura de Sergio Massa y estamos viendo mes a mes que de a poquito va bajando la inflaci\u00f3n, a pesar de todo ese ataque que han hecho los supermercados con las remarcaciones de precios permanentes. Vemos que muchos gremios han podido superar o empatar a la inflaci\u00f3n con las <a class=\"mh-excerpt-more\" href=\"http:\/\/dsrmedios.com.ar\/diario\/archivos\/37721\" title=\"Pablo Moyano marca la cancha y advierte a Juntos por el Cambio: \u00abVamos a reaccionar\u00bb\">[Leer m\u00e1s]<\/a><\/p>\n<\/div>","protected":false},"author":8,"featured_media":6227,"comment_status":"open","ping_status":"closed","sticky":false,"template":"","format":"standard","meta":{"_jetpack_newsletter_access":""},"categories":[6],"tags":[],"jetpack_featured_media_url":"http:\/\/dsrmedios.com.ar\/diario\/wp-content\/uploads\/2018\/06\/moyano-habla-1.jpg","jetpack_sharing_enabled":true,"jetpack_shortlink":"https:\/\/wp.me\/p9fihK-9Op","_links":{"self":[{"href":"http:\/\/dsrmedios.com.ar\/diario\/wp-json\/wp\/v2\/posts\/37721"}],"collection":[{"href":"http:\/\/dsrmedios.com.ar\/diario\/wp-json\/wp\/v2\/posts"}],"about":[{"href":"http:\/\/dsrmedios.com.ar\/diario\/wp-json\/wp\/v2\/types\/post"}],"author":[{"embeddable":true,"href":"http:\/\/dsrmedios.com.ar\/diario\/wp-json\/wp\/v2\/users\/8"}],"replies":[{"embeddable":true,"href":"http:\/\/dsrmedios.com.ar\/diario\/wp-json\/wp\/v2\/comments?post=37721"}],"version-history":[{"count":1,"href":"http:\/\/dsrmedios.com.ar\/diario\/wp-json\/wp\/v2\/posts\/37721\/revisions"}],"predecessor-version":[{"id":37722,"href":"http:\/\/dsrmedios.com.ar\/diario\/wp-json\/wp\/v2\/posts\/37721\/revisions\/37722"}],"wp:featuredmedia":[{"embeddable":true,"href":"http:\/\/dsrmedios.com.ar\/diario\/wp-json\/wp\/v2\/media\/6227"}],"wp:attachment":[{"href":"http:\/\/dsrmedios.com.ar\/diario\/wp-json\/wp\/v2\/media?parent=37721"}],"wp:term":[{"taxonomy":"category","embeddable":true,"href":"http:\/\/dsrmedios.com.ar\/diario\/wp-json\/wp\/v2\/categories?post=37721"},{"taxonomy":"post_tag","embeddable":true,"href":"http:\/\/dsrmedios.com.ar\/diario\/wp-json\/wp\/v2\/tags?post=37721"}],"curies":[{"name":"wp","href":"https:\/\/api.w.org\/{rel}","templated":true}]}}