{"id":37719,"date":"2023-08-01T11:11:48","date_gmt":"2023-08-01T14:11:48","guid":{"rendered":"http:\/\/dsrmedios.com.ar\/diario\/?p=37719"},"modified":"2023-08-01T11:11:51","modified_gmt":"2023-08-01T14:11:51","slug":"facundo-manes-reaparecio-y-acompanara-a-horacio-rodriguez-larreta-en-un-acto-de-campana","status":"publish","type":"post","link":"http:\/\/dsrmedios.com.ar\/diario\/archivos\/37719","title":{"rendered":"Facundo Manes reapareci\u00f3 y acompa\u00f1ar\u00e1 a Horacio Rodr\u00edguez Larreta en un acto de campa\u00f1a"},"content":{"rendered":"\n<p><strong><a href=\"http:\/\/elintransigente.com\/tag\/facundo-manes\/\" target=\"_blank\" rel=\"noreferrer noopener\">Facundo Manes<\/a><\/strong>&nbsp;volvi\u00f3 a la escena pol\u00edtica despu\u00e9s de su trunca precandidatura a presidente. Tras el cierre de listas, el diputado decidi\u00f3 alejarse alg\u00fan tiempo de las luces de la pol\u00edtica. Ya con pocos d\u00edas por delante para las&nbsp;<strong><a href=\"http:\/\/elintransigente.com\/tag\/paso\/\" target=\"_blank\" rel=\"noreferrer noopener\">PASO<\/a><\/strong>, decidi\u00f3 participar en el tramo final de las campa\u00f1as electorales. En este caso se mostrar\u00e1 junto a&nbsp;<strong><a href=\"http:\/\/twitter.com\/horaciorlarreta\" target=\"_blank\" rel=\"noreferrer noopener\">Horacio Rodr\u00edguez Larreta<\/a><\/strong>.<\/p>\n\n\n\n<p>El m\u00e9dico neur\u00f3logo ten\u00eda una fuerte convicci\u00f3n de que el radicalismo deb\u00eda liderar una f\u00f3rmula presidencial. Igual de convencido estaba en que el radicalismo pod\u00eda vencer a dirigentes del PRO en una interna. El problema que tuvo es que no encontr\u00f3 una cantidad de adherentes que lo impulsaran para ser un candidato con serias aspiraciones.<\/p>\n\n\n\n<p>Pese a que en un momento se le ofreci\u00f3 candidatearse en la provincia de Buenos Aires, Facundo Manes no quer\u00eda que el partido centenario sea el que acompa\u00f1e a nivel nacional. Aunque lo intent\u00f3 hasta \u00faltimo momento, decidi\u00f3 bajar su precandidatura y acompa\u00f1ar a sus compa\u00f1eros de espacio. Tras largas semanas de campa\u00f1a, se sum\u00f3 sobre el final.<\/p>\n\n\n\n<p>Hace algunos d\u00edas, Facundo Manes acompa\u00f1\u00f3 en una recorrida a Mart\u00edn Lousteau y le brind\u00f3 su apoyo de cara a las elecciones en la Ciudad de Buenos Aires. Esto aconteci\u00f3 horas despu\u00e9s de que Jorge Macri oficializara la llegada de Roberto Garc\u00eda Morit\u00e1n a su espacio. Quiz\u00e1 Mart\u00edn Lousteau quiso contragolpear con \u00e9l diputado nacional.<\/p>\n\n\n\n<p>Esta vez, Facundo Manes se encuentra en Tandil, donde brind\u00f3 una charla sobre el conocimiento y la importancia que tiene el cerebro. Aprovechando su estad\u00eda en la localidad se juntar\u00e1 con Horacio Rodr\u00edguez Larreta. El jefe de Gobierno porte\u00f1o dar\u00e1 un paquete de medidas para hacer de Argentina un pa\u00eds federal y cada argentino viva donde crea m\u00e1s conveniente.<\/p>\n\n\n\n<p>Inform\u00f3 NA que la presentaci\u00f3n se har\u00e1\u00a0<strong>en la ciudad bonaerense de Tandil<\/strong>\u00a0y ser\u00e1 un paquete de cien medidas que se suma a las propuestas ya detalladas durante las \u00faltimas semanas relacionadas a la \u00abRevoluci\u00f3n del Trabajo\u00bb; \u00abFin de los privilegios\u00bb; la \u00abRevoluci\u00f3n\u00a0de la Educaci\u00f3n\u00bb; \u00abAl campo lo que es del campo\u00bb; \u00abUna Argentina sin Inflaci\u00f3n\u00bb; \u00abTransformaci\u00f3n de la matriz energ\u00e9tica\u00bb; la\u00a0\u00abRevoluci\u00f3n de la Seguridad\u00bb, la \u00abVuelta del Cr\u00e9dito Hipotecario\u00bb, y medidas para la industria argentina.<\/p>\n\n\n\n<p>Fuente: EL INTRANSIGENTE<\/p>\n","protected":false},"excerpt":{"rendered":"<div class=\"mh-excerpt\"><p>Facundo Manes&nbsp;volvi\u00f3 a la escena pol\u00edtica despu\u00e9s de su trunca precandidatura a presidente. Tras el cierre de listas, el diputado decidi\u00f3 alejarse alg\u00fan tiempo de las luces de la pol\u00edtica. Ya con pocos d\u00edas por delante para las&nbsp;PASO, decidi\u00f3 participar en el tramo final de las campa\u00f1as electorales. En este caso se mostrar\u00e1 junto a&nbsp;Horacio Rodr\u00edguez Larreta. El m\u00e9dico neur\u00f3logo ten\u00eda una fuerte convicci\u00f3n de que el radicalismo deb\u00eda liderar una f\u00f3rmula presidencial. Igual de convencido estaba en que el radicalismo pod\u00eda vencer a dirigentes del PRO en una interna. El problema que tuvo es que no encontr\u00f3 una cantidad <a class=\"mh-excerpt-more\" href=\"http:\/\/dsrmedios.com.ar\/diario\/archivos\/37719\" title=\"Facundo Manes reapareci\u00f3 y acompa\u00f1ar\u00e1 a Horacio Rodr\u00edguez Larreta en un acto de campa\u00f1a\">[Leer m\u00e1s]<\/a><\/p>\n<\/div>","protected":false},"author":8,"featured_media":24087,"comment_status":"open","ping_status":"closed","sticky":false,"template":"","format":"standard","meta":{"_jetpack_newsletter_access":""},"categories":[6],"tags":[],"jetpack_featured_media_url":"http:\/\/dsrmedios.com.ar\/diario\/wp-content\/uploads\/2021\/06\/Facundo-Manes.jpg","jetpack_sharing_enabled":true,"jetpack_shortlink":"https:\/\/wp.me\/p9fihK-9On","_links":{"self":[{"href":"http:\/\/dsrmedios.com.ar\/diario\/wp-json\/wp\/v2\/posts\/37719"}],"collection":[{"href":"http:\/\/dsrmedios.com.ar\/diario\/wp-json\/wp\/v2\/posts"}],"about":[{"href":"http:\/\/dsrmedios.com.ar\/diario\/wp-json\/wp\/v2\/types\/post"}],"author":[{"embeddable":true,"href":"http:\/\/dsrmedios.com.ar\/diario\/wp-json\/wp\/v2\/users\/8"}],"replies":[{"embeddable":true,"href":"http:\/\/dsrmedios.com.ar\/diario\/wp-json\/wp\/v2\/comments?post=37719"}],"version-history":[{"count":1,"href":"http:\/\/dsrmedios.com.ar\/diario\/wp-json\/wp\/v2\/posts\/37719\/revisions"}],"predecessor-version":[{"id":37720,"href":"http:\/\/dsrmedios.com.ar\/diario\/wp-json\/wp\/v2\/posts\/37719\/revisions\/37720"}],"wp:featuredmedia":[{"embeddable":true,"href":"http:\/\/dsrmedios.com.ar\/diario\/wp-json\/wp\/v2\/media\/24087"}],"wp:attachment":[{"href":"http:\/\/dsrmedios.com.ar\/diario\/wp-json\/wp\/v2\/media?parent=37719"}],"wp:term":[{"taxonomy":"category","embeddable":true,"href":"http:\/\/dsrmedios.com.ar\/diario\/wp-json\/wp\/v2\/categories?post=37719"},{"taxonomy":"post_tag","embeddable":true,"href":"http:\/\/dsrmedios.com.ar\/diario\/wp-json\/wp\/v2\/tags?post=37719"}],"curies":[{"name":"wp","href":"https:\/\/api.w.org\/{rel}","templated":true}]}}