{"id":37713,"date":"2023-08-01T11:07:59","date_gmt":"2023-08-01T14:07:59","guid":{"rendered":"http:\/\/dsrmedios.com.ar\/diario\/?p=37713"},"modified":"2023-08-01T11:08:02","modified_gmt":"2023-08-01T14:08:02","slug":"finalizo-la-obra-de-asfalto-en-calle-25-de-mayo-de-carhue","status":"publish","type":"post","link":"http:\/\/dsrmedios.com.ar\/diario\/archivos\/37713","title":{"rendered":"<strong>Finaliz\u00f3 la obra de asfalto en calle 25 de Mayo de Carhu\u00e9<\/strong>"},"content":{"rendered":"\n<h3>La Municipalidad de Adolfo Alsina concluy\u00f3 la obra de asfaltado de la calle 25 de Mayo de Carhu\u00e9.<\/h3>\n\n\n\n<h3>En tanto que, contin\u00faa la construcci\u00f3n de cord\u00f3n cuneta en calle Mitre para la posterior colocaci\u00f3n de suelo cemento.<\/h3>\n\n\n\n<h3>Las obras fueron recorridas por el Intendente Javier Andres y el Secretario de Obras y Servicios P\u00fablicos, Juan Fino.<\/h3>\n","protected":false},"excerpt":{"rendered":"<div class=\"mh-excerpt\"><p>La Municipalidad de Adolfo Alsina concluy\u00f3 la obra de asfaltado de la calle 25 de Mayo de Carhu\u00e9. En tanto que, contin\u00faa la construcci\u00f3n de cord\u00f3n cuneta en calle Mitre para la posterior colocaci\u00f3n de suelo cemento. Las obras fueron recorridas por el Intendente Javier Andres y el Secretario de Obras y Servicios P\u00fablicos, Juan Fino.<\/p>\n<\/div>","protected":false},"author":8,"featured_media":37714,"comment_status":"open","ping_status":"closed","sticky":false,"template":"","format":"standard","meta":{"_jetpack_newsletter_access":""},"categories":[18,31,5],"tags":[],"jetpack_featured_media_url":"http:\/\/dsrmedios.com.ar\/diario\/wp-content\/uploads\/2023\/08\/66.jpg","jetpack_sharing_enabled":true,"jetpack_shortlink":"https:\/\/wp.me\/p9fihK-9Oh","_links":{"self":[{"href":"http:\/\/dsrmedios.com.ar\/diario\/wp-json\/wp\/v2\/posts\/37713"}],"collection":[{"href":"http:\/\/dsrmedios.com.ar\/diario\/wp-json\/wp\/v2\/posts"}],"about":[{"href":"http:\/\/dsrmedios.com.ar\/diario\/wp-json\/wp\/v2\/types\/post"}],"author":[{"embeddable":true,"href":"http:\/\/dsrmedios.com.ar\/diario\/wp-json\/wp\/v2\/users\/8"}],"replies":[{"embeddable":true,"href":"http:\/\/dsrmedios.com.ar\/diario\/wp-json\/wp\/v2\/comments?post=37713"}],"version-history":[{"count":1,"href":"http:\/\/dsrmedios.com.ar\/diario\/wp-json\/wp\/v2\/posts\/37713\/revisions"}],"predecessor-version":[{"id":37715,"href":"http:\/\/dsrmedios.com.ar\/diario\/wp-json\/wp\/v2\/posts\/37713\/revisions\/37715"}],"wp:featuredmedia":[{"embeddable":true,"href":"http:\/\/dsrmedios.com.ar\/diario\/wp-json\/wp\/v2\/media\/37714"}],"wp:attachment":[{"href":"http:\/\/dsrmedios.com.ar\/diario\/wp-json\/wp\/v2\/media?parent=37713"}],"wp:term":[{"taxonomy":"category","embeddable":true,"href":"http:\/\/dsrmedios.com.ar\/diario\/wp-json\/wp\/v2\/categories?post=37713"},{"taxonomy":"post_tag","embeddable":true,"href":"http:\/\/dsrmedios.com.ar\/diario\/wp-json\/wp\/v2\/tags?post=37713"}],"curies":[{"name":"wp","href":"https:\/\/api.w.org\/{rel}","templated":true}]}}