{"id":37709,"date":"2023-08-01T10:10:07","date_gmt":"2023-08-01T13:10:07","guid":{"rendered":"http:\/\/dsrmedios.com.ar\/diario\/?p=37709"},"modified":"2023-08-01T10:10:11","modified_gmt":"2023-08-01T13:10:11","slug":"kicillof-apoyo-el-acuerdo-con-el-fmi-y-destaco-el-pago-con-yuanes","status":"publish","type":"post","link":"http:\/\/dsrmedios.com.ar\/diario\/archivos\/37709","title":{"rendered":"Kicillof apoy\u00f3 el acuerdo con el FMI y destac\u00f3 el pago con yuanes"},"content":{"rendered":"\n<p>El gobernador bonaerense, Axel Kicillof, respald\u00f3 el acuerdo con el Fondo Monetario Internacional que alcanz\u00f3 el ministro de Econom\u00eda y precandidato presidencial, Sergio Massa. El mandatario destac\u00f3 el hecho de que la Argentina haya utilizado el swap de yuanes con China para pagar el vencimiento con el FMI. \u201cEs una novedad hist\u00f3rica del nuevo escenario geopol\u00edtico\u201d, enfatiz\u00f3, y acus\u00f3 a la oposici\u00f3n de \u201cno hacer propuestas sino amenazas\u201d contra la clase trabajadora y los sectores m\u00e1s desprotegidos.<\/p>\n\n\n\n<p>\u201cAl anuncio del canje con China hay que valorarlo\u201d, indic\u00f3 el tambi\u00e9n candidato a renovar su mandato en la provincia, quien durante una entrevista radial resalt\u00f3 que el \u00e9xito de esta operaci\u00f3n echa por tierra los pron\u00f3sticos de la oposici\u00f3n, \u201cque durante todo este tiempo pregonaron que no \u00edbamos a poder pagar\u201d los compromisos de este mes, y \u201cque todo iba a explotar\u201d.<\/p>\n\n\n\n<p>\u201cLo que Sergio est\u00e1 poniendo en revisi\u00f3n son los condicionamientos\u201d del FMI aceptados por Mauricio Macri cuando fue presidente, dijo. Y lo que exige el organismo como acreedor de la Argentina son pol\u00edticas devaluatorias y de ajuste, indic\u00f3. Por qu\u00e9 el Fondo pide devaluar y ajustar, se pregunt\u00f3 el gobernador. Porque \u201cdevaluar encarece el d\u00f3lar, que es la moneda con que ten\u00e9s que pagarle a ellos (\u2026) Y ajustar es para que el Estado tenga recursos excedentes para comprar esos d\u00f3lares\u201d, explic\u00f3.<\/p>\n\n\n\n<p>En este sentido, rescat\u00f3 que \u201cel vencimiento se est\u00e1 pagando sin comprometer las reservas netas, l\u00edquidas\u201d del Estado y sostuvo que esto va a contramano de lo que pregona la oposici\u00f3n, \u201cque con bombos y vinchas ven\u00eda diciendo \u2018no van a poder pagar\u2019. Bueno, se pag\u00f3, as\u00ed que guarden el bombo y la vincha\u201d, dijo el titular del Ejecutivo provincial.<\/p>\n\n\n\n<h2>Contra Bullrich y Larreta<\/h2>\n\n\n\n<p>De la misma manera, Kicillof acus\u00f3 a los dirigentes de Juntos por el Cambio de ser los responsables de la \u201cp\u00e9rdida de soberan\u00eda\u201d del Estado nacional. \u201cLo que hay que reprocharle a Mauricio Macri es que perdimos soberan\u00eda por culpa de \u00e9l, por culpa de Bullrich, por culpa de Larreta, por culpa de Ritondo, por culpa de Grindetti y por culpa de Santilli\u201d.<\/p>\n\n\n\n<p>Tambi\u00e9n advirti\u00f3 que, a diferencias de otras campa\u00f1as electorales, la oposici\u00f3n de derecha \u201cya no viene disfrazado de Caperucita y dice lo que va a hacer\u201d, que es un ajuste y una devaluaci\u00f3n brutales, acompa\u00f1adas por la \u201cp\u00e9rdida de derechos\u201d contra la clase trabajadora y \u201crecortes\u201d a los sectores m\u00e1s desprotegidos. \u201cLo que hacen no son propuestas sino amenazas\u201d, sentenci\u00f3.<\/p>\n\n\n\n<p>En cambio, lo que propone el Gobierno \u201ces todo lo contrario\u201d a esa mirada pol\u00edtica y econ\u00f3mica. Adem\u00e1s, sostuvo, \u201cel peronismo no sigue una l\u00ednea hist\u00f3rica e ideol\u00f3gica en contra del mercado o lo privado. Es al rev\u00e9s, quiere el desarrollo donde lo econ\u00f3mico se complemente con el mercado\u201d, remarc\u00f3.<\/p>\n\n\n\n<h2>De Mendiguren: \u201d Mesa de negociaci\u00f3n con el FMI y no de concesi\u00f3n\u201d<\/h2>\n\n\n\n<p>Por su parte, el secretario de Industria, Jos\u00e9 de Mendiguren, afirm\u00f3 que la Argentina est\u00e1 \u201cen una mesa de negociaci\u00f3n con el FMI y no de concesi\u00f3n\u201d, y destac\u00f3 que el ministro Massa \u201cest\u00e1 haciendo un gran esfuerzo en una situaci\u00f3n compleja para evitar la devaluaci\u00f3n que muchos quieren\u201d.<\/p>\n\n\n\n<p>\u201cLo que hay con el Fondo es una mesa de negociaci\u00f3n, lo que es distinto a una mesa de concesi\u00f3n como muchas veces tuvo Argentina con el Fondo\u201d, sostuvo De Mendiguren, y subray\u00f3 que \u201cel FMI sabe que nos estamos haciendo cargo de una decisi\u00f3n pol\u00edtica anterior de haber pedido el cr\u00e9dito m\u00e1s grande de su historia que a todas luces no se pod\u00eda cumplir\u201d.<\/p>\n\n\n\n<p>En esa l\u00ednea, cuestion\u00f3 que no funcionan \u201clas recetas tradicionales del Fondo\u201d, y dijo que el equipo econ\u00f3mico est\u00e1 \u201cen una negociaci\u00f3n firme donde lo que no queremos resignar es crecimiento econ\u00f3mico ni negociar desempleo\u201d. Adem\u00e1s, el funcionario destac\u00f3 que \u201cel esfuerzo que est\u00e1 haciendo el ministro en una situaci\u00f3n tan compleja para evitar la devaluaci\u00f3n que muchos quieren, cuesta mucho pero se va a lograr\u201d.<\/p>\n\n\n\n<p>\u201cNosotros hoy tenemos la dif\u00edcil situaci\u00f3n de la inflaci\u00f3n que lic\u00faa salarios, pero tambi\u00e9n sabemos lo que es el drama de la desocupaci\u00f3n, donde no hay ning\u00fan salario ni cobertura social\u201d, indic\u00f3 De Mendiguren. Al respecto, acot\u00f3 que \u201choy tenemos el \u00edndice de desocupaci\u00f3n m\u00e1s bajo de los \u00faltimos diez a\u00f1os a pesar de todo lo que nos cay\u00f3, la guerra de Ucrania, la sequ\u00eda, y sin embargo la econom\u00eda sigue creciendo\u201d.<\/p>\n\n\n\n<p>\u201cClaro que las negociaciones son tensas, pero es la forma en que hay que tenerlas\u201d, se\u00f1al\u00f3 De Mendiguren, quien afirm\u00f3 que \u201choy una devaluaci\u00f3n brusca ser\u00eda un verdadero drama social, lo que hicimos en cambio fue trazar un sendero fiscal, fuimos ordenando las cosas, no fuimos al default como quer\u00edan\u201d.<\/p>\n\n\n\n<p>Fuente: labrujula24<\/p>\n","protected":false},"excerpt":{"rendered":"<div class=\"mh-excerpt\"><p>El gobernador bonaerense, Axel Kicillof, respald\u00f3 el acuerdo con el Fondo Monetario Internacional que alcanz\u00f3 el ministro de Econom\u00eda y precandidato presidencial, Sergio Massa. El mandatario destac\u00f3 el hecho de que la Argentina haya utilizado el swap de yuanes con China para pagar el vencimiento con el FMI. \u201cEs una novedad hist\u00f3rica del nuevo escenario geopol\u00edtico\u201d, enfatiz\u00f3, y acus\u00f3 a la oposici\u00f3n de \u201cno hacer propuestas sino amenazas\u201d contra la clase trabajadora y los sectores m\u00e1s desprotegidos. \u201cAl anuncio del canje con China hay que valorarlo\u201d, indic\u00f3 el tambi\u00e9n candidato a renovar su mandato en la provincia, quien durante una <a class=\"mh-excerpt-more\" href=\"http:\/\/dsrmedios.com.ar\/diario\/archivos\/37709\" title=\"Kicillof apoy\u00f3 el acuerdo con el FMI y destac\u00f3 el pago con yuanes\">[Leer m\u00e1s]<\/a><\/p>\n<\/div>","protected":false},"author":8,"featured_media":33910,"comment_status":"open","ping_status":"closed","sticky":false,"template":"","format":"standard","meta":{"_jetpack_newsletter_access":""},"categories":[7],"tags":[],"jetpack_featured_media_url":"http:\/\/dsrmedios.com.ar\/diario\/wp-content\/uploads\/2023\/05\/p14-axel-kicillof-n_optjpeg.jpeg","jetpack_sharing_enabled":true,"jetpack_shortlink":"https:\/\/wp.me\/p9fihK-9Od","_links":{"self":[{"href":"http:\/\/dsrmedios.com.ar\/diario\/wp-json\/wp\/v2\/posts\/37709"}],"collection":[{"href":"http:\/\/dsrmedios.com.ar\/diario\/wp-json\/wp\/v2\/posts"}],"about":[{"href":"http:\/\/dsrmedios.com.ar\/diario\/wp-json\/wp\/v2\/types\/post"}],"author":[{"embeddable":true,"href":"http:\/\/dsrmedios.com.ar\/diario\/wp-json\/wp\/v2\/users\/8"}],"replies":[{"embeddable":true,"href":"http:\/\/dsrmedios.com.ar\/diario\/wp-json\/wp\/v2\/comments?post=37709"}],"version-history":[{"count":1,"href":"http:\/\/dsrmedios.com.ar\/diario\/wp-json\/wp\/v2\/posts\/37709\/revisions"}],"predecessor-version":[{"id":37710,"href":"http:\/\/dsrmedios.com.ar\/diario\/wp-json\/wp\/v2\/posts\/37709\/revisions\/37710"}],"wp:featuredmedia":[{"embeddable":true,"href":"http:\/\/dsrmedios.com.ar\/diario\/wp-json\/wp\/v2\/media\/33910"}],"wp:attachment":[{"href":"http:\/\/dsrmedios.com.ar\/diario\/wp-json\/wp\/v2\/media?parent=37709"}],"wp:term":[{"taxonomy":"category","embeddable":true,"href":"http:\/\/dsrmedios.com.ar\/diario\/wp-json\/wp\/v2\/categories?post=37709"},{"taxonomy":"post_tag","embeddable":true,"href":"http:\/\/dsrmedios.com.ar\/diario\/wp-json\/wp\/v2\/tags?post=37709"}],"curies":[{"name":"wp","href":"https:\/\/api.w.org\/{rel}","templated":true}]}}