{"id":37707,"date":"2023-08-01T10:06:55","date_gmt":"2023-08-01T13:06:55","guid":{"rendered":"http:\/\/dsrmedios.com.ar\/diario\/?p=37707"},"modified":"2023-08-01T10:06:59","modified_gmt":"2023-08-01T13:06:59","slug":"vuelven-a-aumentar-los-combustibles-empezo-shell-y-seguiran-las-ypf","status":"publish","type":"post","link":"http:\/\/dsrmedios.com.ar\/diario\/archivos\/37707","title":{"rendered":"Vuelven a aumentar los combustibles: empez\u00f3 Shell y seguir\u00e1n las YPF"},"content":{"rendered":"\n<p>La empresa Shell actualiz\u00f3 sus precios anoche en todo el pa\u00eds en l\u00ednea con&nbsp;<a target=\"_blank\" href=\"https:\/\/www.lanueva.com\/nota\/2023-6-16-21-2-0-massa-advirtio-a-las-petroleras-que-no-pueden-aumentar-mas-de-4-5-los-combustibles\" rel=\"noreferrer noopener\">el tope de 4,5 %<\/a>&nbsp;promedio de aumento que marc\u00f3 el ministro de Econom\u00eda, Sergio Massa.<\/p>\n\n\n\n<p>Este incremento \u2014del 4,3 %\u2014&nbsp;se da en el marco del acuerdo, que se hab\u00eda llevado a cabo con el Gobierno,&nbsp;de subir&nbsp;los precios el 15 de cada mes, entre abril y agosto.<\/p>\n\n\n\n<p>No obstante, el adelanto de&nbsp;la fecha del incremento responder\u00eda a que a mitad del mes en curso (domingo 13) est\u00e1n previstas las elecciones primarias en la Argentina.<\/p>\n\n\n\n<p>Recib\u00ed los Newsletters de La Nueva&nbsp;sin costoRegistrar<\/p>\n\n\n\n<figure class=\"wp-block-image\"><img decoding=\"async\" src=\"https:\/\/px.cdn.lanueva.com\/082023\/1690893531568\/WhatsApp%20Image%202023-08-01%20at%2009.35.18%20(1).jpeg?cw=807\" alt=\"\" title=\"\"\/><\/figure>\n\n\n\n<p>En ese sentido, los precios en las estaciones de servicio Shell de la ciudad quedaron as\u00ed: Super, $ 278,80; V-Power, $ 343,90;&nbsp;Evolux Diesel, $ 299,90; y V-Power Diesel, $ 373,20.<\/p>\n\n\n\n<p>De acuerdo a lo informado por la&nbsp;C\u00e1mara de Operadores de Combustible de Bah\u00eda Blanca, el resto de las compa\u00f1\u00edas aumentar\u00e1 sus precios en el transcurso del d\u00eda.<\/p>\n\n\n\n<p>Hasta esta ma\u00f1ana, los precios en las YPF eran los siguientes: S\u00faper, $ 252,10; Infinia,&nbsp;$ 318;&nbsp;Diesel 500, $&nbsp;264,10; e Infinia Diesel,&nbsp;$ 344,10.<\/p>\n\n\n\n<h2>El acuerdo de precios<\/h2>\n\n\n\n<p>El Gobierno nacional renov\u00f3 hace cuatro meses el acuerdo de precios con el sector de los combustibles para estabilizar los precios, con incrementos del 4 % mensual, en un convenio que rige hasta el mes en curso, inform\u00f3 en ese momento el Ministerio de Econom\u00eda.<\/p>\n\n\n\n<p>En un comunicado, el Palacio de Hacienda indic\u00f3 que el acuerdo se enmarca dentro del programa Precios Justos con el sector petrolero, para estabilizar los precios de los combustibles y proteger a los consumidores.<\/p>\n\n\n\n<p>&#8220;Entendemos que esto requiere esfuerzo de las empresas, el Estado ya est\u00e1 haciendo un esfuerzo de manera de contener los precios y anclar la expectativa inflacionaria para que esto no tenga un efecto en los precios y en el bolsillo de la gente&#8221;, sostuvo Roy\u00f3n en aquel entonces.<\/p>\n\n\n\n<p>No obstante, en junio las petroleras amenazaron con hacer un aumento mayor de lo acordado y el ministro de Econom\u00eda, Sergio Massa, sali\u00f3 a cruzar a las empresas y les advirti\u00f3 que no pueden subir los precios m\u00e1s de 4,5 %.&nbsp;El acuerdo fue rubricado por las empresas YPF, PAE (Axion), Ra\u00edzen (Shell) y Trafigura (Puma).<\/p>\n\n\n\n<p>Por las compa\u00f1\u00edas estuvieron en la firma Alejandro Cervi\u00f1o (gerente de Relaciones Externas y Gubernamentales de Ra\u00edzen Argentina S.A), Agust\u00edn Agraz (vicepresidente de Relaciones Institucionales de Operaciones Downstream de Pan American Energy), Alejandro Fern\u00e1ndez (vicepresidente comercial de YPF) y Mart\u00edn Urdapilleta (gerente general de Trafigura).\u00a0<\/p>\n\n\n\n<p>Fuente: LANUEVA<\/p>\n\n\n\n<p><a href=\"https:\/\/news.google.com\/publications\/CAAqBwgKML6w_wow0NT4Ag\"><\/a><\/p>\n","protected":false},"excerpt":{"rendered":"<div class=\"mh-excerpt\"><p>La empresa Shell actualiz\u00f3 sus precios anoche en todo el pa\u00eds en l\u00ednea con&nbsp;el tope de 4,5 %&nbsp;promedio de aumento que marc\u00f3 el ministro de Econom\u00eda, Sergio Massa. Este incremento \u2014del 4,3 %\u2014&nbsp;se da en el marco del acuerdo, que se hab\u00eda llevado a cabo con el Gobierno,&nbsp;de subir&nbsp;los precios el 15 de cada mes, entre abril y agosto. No obstante, el adelanto de&nbsp;la fecha del incremento responder\u00eda a que a mitad del mes en curso (domingo 13) est\u00e1n previstas las elecciones primarias en la Argentina. Recib\u00ed los Newsletters de La Nueva&nbsp;sin costoRegistrar En ese sentido, los precios en las <a class=\"mh-excerpt-more\" href=\"http:\/\/dsrmedios.com.ar\/diario\/archivos\/37707\" title=\"Vuelven a aumentar los combustibles: empez\u00f3 Shell y seguir\u00e1n las YPF\">[Leer m\u00e1s]<\/a><\/p>\n<\/div>","protected":false},"author":8,"featured_media":1659,"comment_status":"open","ping_status":"closed","sticky":false,"template":"","format":"standard","meta":{"_jetpack_newsletter_access":""},"categories":[6],"tags":[],"jetpack_featured_media_url":"http:\/\/dsrmedios.com.ar\/diario\/wp-content\/uploads\/2017\/10\/naftas_0.jpg","jetpack_sharing_enabled":true,"jetpack_shortlink":"https:\/\/wp.me\/p9fihK-9Ob","_links":{"self":[{"href":"http:\/\/dsrmedios.com.ar\/diario\/wp-json\/wp\/v2\/posts\/37707"}],"collection":[{"href":"http:\/\/dsrmedios.com.ar\/diario\/wp-json\/wp\/v2\/posts"}],"about":[{"href":"http:\/\/dsrmedios.com.ar\/diario\/wp-json\/wp\/v2\/types\/post"}],"author":[{"embeddable":true,"href":"http:\/\/dsrmedios.com.ar\/diario\/wp-json\/wp\/v2\/users\/8"}],"replies":[{"embeddable":true,"href":"http:\/\/dsrmedios.com.ar\/diario\/wp-json\/wp\/v2\/comments?post=37707"}],"version-history":[{"count":1,"href":"http:\/\/dsrmedios.com.ar\/diario\/wp-json\/wp\/v2\/posts\/37707\/revisions"}],"predecessor-version":[{"id":37708,"href":"http:\/\/dsrmedios.com.ar\/diario\/wp-json\/wp\/v2\/posts\/37707\/revisions\/37708"}],"wp:featuredmedia":[{"embeddable":true,"href":"http:\/\/dsrmedios.com.ar\/diario\/wp-json\/wp\/v2\/media\/1659"}],"wp:attachment":[{"href":"http:\/\/dsrmedios.com.ar\/diario\/wp-json\/wp\/v2\/media?parent=37707"}],"wp:term":[{"taxonomy":"category","embeddable":true,"href":"http:\/\/dsrmedios.com.ar\/diario\/wp-json\/wp\/v2\/categories?post=37707"},{"taxonomy":"post_tag","embeddable":true,"href":"http:\/\/dsrmedios.com.ar\/diario\/wp-json\/wp\/v2\/tags?post=37707"}],"curies":[{"name":"wp","href":"https:\/\/api.w.org\/{rel}","templated":true}]}}