{"id":37704,"date":"2023-08-01T10:05:43","date_gmt":"2023-08-01T13:05:43","guid":{"rendered":"http:\/\/dsrmedios.com.ar\/diario\/?p=37704"},"modified":"2023-08-01T10:05:46","modified_gmt":"2023-08-01T13:05:46","slug":"el-congreso-retoma-la-actividad-con-una-negociacion-clave-para-cfk-y-suma-tension-por-el-juicio-a-la-corte","status":"publish","type":"post","link":"http:\/\/dsrmedios.com.ar\/diario\/archivos\/37704","title":{"rendered":"El Congreso retoma la actividad con una negociaci\u00f3n clave para CFK y suma tensi\u00f3n por el juicio a la Corte"},"content":{"rendered":"\n<p>Este martes 1\u00b0 de agosto, luego de dos semanas de casi nula actividad parlamentaria por el \u201creceso invernal\u201d, el Congreso deber\u00eda volver a funcionar. En el&nbsp;<strong>Senado, el kirchnerismo sigue sin conseguir el quorum<\/strong>&nbsp;para sesionar y aprobar m\u00e1s de 70 pliegos judiciales, se le acaba el tiempo y la C\u00e1mara Alta no tiene actividad agendada para los pr\u00f3ximos d\u00edas. En la&nbsp;<a href=\"https:\/\/tn.com.ar\/politica\/2023\/07\/28\/termina-el-receso-invernal-en-el-congreso-y-diputados-retoma-las-actividades-con-la-embestida-contra-la-corte\/\" target=\"_blank\" rel=\"noreferrer noopener\">C\u00e1mara de Diputados el oficialismo reactiva la comisi\u00f3n de Juicio Pol\u00edtico<\/a>&nbsp;para avanzar contra la Corte Suprema y&nbsp;<strong>regresan los cruces<\/strong>&nbsp;con la oposici\u00f3n.<\/p>\n\n\n\n<p>A media tarde de este lunes, hab\u00eda en el Senado solo 5 legisladores. Hay un dato que refleja las dificultades para que la C\u00e1mara Alta funcione: de todas las comisiones, la\u00a0<strong>\u00fanica que ten\u00eda prevista actividad era Banca de la Mujer<\/strong>, que iba a reunirse este martes a las 15. El fin de semana se\u00a0<strong>decidi\u00f3 suspender<\/strong>\u00a0el encuentro.<\/p>\n\n\n\n<p>Seg\u00fan indicaron fuentes parlamentarias a este medio, no estaba garantizado el quorum siquiera para la comisi\u00f3n. No<strong>&nbsp;hab\u00eda m\u00e1s actividad parlamentaria formal prevista<\/strong>&nbsp;para la semana. En la agenda solo hay para los pr\u00f3ximos d\u00edas un acto gremial, una presentaci\u00f3n de proyecto del radical Eduardo Vischi y una presentaci\u00f3n de un libro solicitada por el opositor Juan Carlos Romero.<\/p>\n\n\n\n<p>El oficialismo no abandon\u00f3 la<strong>&nbsp;intenci\u00f3n de&nbsp;<\/strong><a href=\"https:\/\/tn.com.ar\/politica\/2023\/07\/26\/una-fecha-y-3-nombres-en-la-mira-el-oficialismo-cuenta-dias-y-votos-para-sostener-a-una-jueza-clave-para-cfk\/\" target=\"_blank\" rel=\"noreferrer noopener\"><strong>convocar a una sesi\u00f3n&nbsp;<\/strong>antes de las PASO<\/a>&nbsp;pero, pese a las negociaciones, sigue&nbsp;<strong>sin tener garantizado el n\u00famero necesario<\/strong>&nbsp;para reactivar el recinto. C\u00f3mo cont\u00f3 este medio, entre senadores propios y aliados recurrentes el Frente de Todos tiene 34 legisladores \u201ccasi\u201d asegurados: casi, porque en pleno a\u00f1o electoral y con los n\u00fameros tan ajustados tampoco es sencillo asegurar la presencia de todos ellos.<\/p>\n\n\n\n<figure class=\"wp-block-image\"><img decoding=\"async\" src=\"https:\/\/tn.com.ar\/resizer\/UhB1jPaRqSSNnsnZJ411KuWq_gI=\/767x0\/smart\/filters:format(webp)\/cloudfront-us-east-1.images.arcpublishing.com\/artear\/ASCDHGZLRRDKXNRGWCKHSDQVTA.jpg\" alt=\"Los senadores oficialistas Jos\u00e9 Luis Mayans y Anabel Fern\u00e1ndez Sagasti en el inicio de una sesi\u00f3n p\u00fablica especial que se realiz\u00f3 en el senado de la Naci\u00f3n. (Foto NA: JUAN VARGAS)\"\/><figcaption class=\"wp-element-caption\">Los senadores oficialistas Jos\u00e9 Luis Mayans y Anabel Fern\u00e1ndez Sagasti en el inicio de una sesi\u00f3n p\u00fablica especial que se realiz\u00f3 en el senado de la Naci\u00f3n. (Foto NA: JUAN VARGAS)<\/figcaption><\/figure>\n\n\n\n<p>Pero hay tres senadores que son determinantes y hasta ahora siguen sin garantizar que acompa\u00f1ar\u00e1n.&nbsp;<strong>Guillermo Snopek y Edgardo Kueider<\/strong>, que forman parte de Unidad Federal (senadores que rompieron con el bloque oficialista en febrero) y&nbsp;<strong>Alberto Weretilneck<\/strong>, de la fuerza provincial Juntos Somos R\u00edo Negro, que suele tener buena relaci\u00f3n con el Gobierno nacional, independientemente del color pol\u00edtico.<\/p>\n\n\n\n<p><strong>Snopek<\/strong>&nbsp;recibi\u00f3 una&nbsp;<strong>parte de lo que ped\u00eda<\/strong>: ser\u00e1 candidato a diputado nacional en Jujuy de Uni\u00f3n por la Patria, y su lista acompa\u00f1ar\u00e1 la boleta presidencial de Sergio Massa.<\/p>\n\n\n\n<p>Al menos hasta este lunes y aunque tuvo charlas con el jefe oficialista Jos\u00e9 Mayans, el entrerriano&nbsp;<strong>Kueider no tuvo respuesta satisfactoria<\/strong>&nbsp;a su pedido de avanzar en el dictamen de un proyecto para reducir tarifas el\u00e9ctricas por medio de una baja impositiva. Un dictamen no es una ley y en caso de que Kueider exigiera llevarla al recinto igual deber\u00eda pasar luego a Diputados. No hubo, por ahora, ni siquiera convocatoria a la comisi\u00f3n de Miner\u00eda, Energ\u00eda y Combustibles, que es donde est\u00e1 la iniciativa.<\/p>\n\n\n\n<p>Por otra parte, cerca de&nbsp;<strong>Weretilneck<\/strong>, que ya fue electo gobernador de R\u00edo Negro y asumir\u00e1 en diciembre, dejaron&nbsp;<strong>trascender que no estar\u00eda dispuesto<\/strong>&nbsp;a dar quorum para una sesi\u00f3n que se limite a la aprobaci\u00f3n de pliegos judiciales. \u201cBien podr\u00eda estar haci\u00e9ndose el duro para&nbsp;<strong>negociar algo m\u00e1s grande<\/strong>, pero no es claro\u201d, interpretaba un hombre de experiencia en la C\u00e1mara.<\/p>\n\n\n\n<figure class=\"wp-block-image\"><img decoding=\"async\" src=\"https:\/\/tn.com.ar\/resizer\/ZoLwK_IbMbChMs_V0STN_hG3CE8=\/767x0\/smart\/filters:format(webp)\/cloudfront-us-east-1.images.arcpublishing.com\/artear\/O3VL4JMJIFFBLBLBGVBBAFTTMY.jpg\" alt=\"Ana Mar\u00eda Figueroa, la jueza de la C\u00e1mara Federal de Casaci\u00f3n Penal que debe resolver el sobreseimiento a Cristina Kirchner en la causa Hotesur (Foto: Prensa Senado).\"\/><figcaption class=\"wp-element-caption\">Ana Mar\u00eda Figueroa, la jueza de la C\u00e1mara Federal de Casaci\u00f3n Penal que debe resolver el sobreseimiento a Cristina Kirchner en la causa Hotesur (Foto: Prensa Senado).<\/figcaption><\/figure>\n\n\n\n<p>El oficialismo tiene dos fechas que mira con preocupaci\u00f3n: el<a href=\"https:\/\/tn.com.ar\/opinion\/2023\/07\/13\/los-escenarios-que-se-abren-para-cristina-kirchner-y-la-jueza-maria-figueroa-justo-antes-de-las-paso\/\" target=\"_blank\" rel=\"noreferrer noopener\">&nbsp;9 de agosto la jueza Ana Mar\u00eda Figueroa<\/a>&nbsp;-camarista clave para el futuro judicial de Cristina Kirchner- cumple 75 a\u00f1os y deber\u00e1 jubilarse. El&nbsp;<strong>13 de agosto son las PASO<\/strong>&nbsp;y dependiendo del resultado podr\u00eda modificarse la forma en que se negocie en la C\u00e1mara Alta.<\/p>\n\n\n\n<p>En Juntos por el Cambio hay quienes creen que el kirchnerismo est\u00e1 m\u00e1s preocupado por la fecha de la elecci\u00f3n que por la del cumplea\u00f1os de la jueza.<strong>&nbsp;No es el \u00fanico pliego bajo la lupa opositora<\/strong>. Entre otros est\u00e1 el de Juan Rafael Stinco, un abogado ligado a Axel Kicillof.<\/p>\n\n\n\n<p>\u201cHay que ver la pel\u00edcula, no son solo los nombres. El 90% de los nombramientos tienen una afinidad con la Lista Celeste de la Asociaci\u00f3n de Magistrados, cercana al peronismo y a los K. Pesa en la elecci\u00f3n de miembros de la Magistratura. El kirchnerismo est\u00e1 buscando&nbsp;<strong>refugiarse en Diputados, el Senado y la Magistratura<\/strong>. Cristina&nbsp;<strong>no est\u00e1 viendo el 9 de agosto, est\u00e1 viendo el 13<\/strong>&nbsp;y no sabe qu\u00e9 puede pasar despu\u00e9s de la elecci\u00f3n\u201d, analizaba un senador de JxC.<\/p>\n\n\n\n<h2>Diputados<\/h2>\n\n\n\n<p>Aunque a priori en&nbsp;<strong>Diputados reci\u00e9n prev\u00e9n una sesi\u00f3n para despu\u00e9s de las PASO<\/strong>&nbsp;-la oposici\u00f3n ya convoc\u00f3 para el 23 de agosto tratarla las reformas de la Ley de Alquileres, a pesar de que nadie tiene garantizado los n\u00fameros-, ya hay actividad prevista para esta semana. Y&nbsp;<strong>se esperan cruces<\/strong>.<\/p>\n\n\n\n<p>Este martes volver\u00e1 a reunirse la&nbsp;<strong>comisi\u00f3n de Juicio Pol\u00edtico<\/strong>, en la que el oficialismo avanza contra los miembros de la Corte Suprema, aunque sabe que no tendr\u00e1 los n\u00fameros para llevar la acusaci\u00f3n al recinto. Los convocados para la primera reuni\u00f3n tras el receso invernal son de&nbsp;<strong>alto perfil<\/strong>.<\/p>\n\n\n\n<figure class=\"wp-block-image\"><img decoding=\"async\" src=\"https:\/\/tn.com.ar\/resizer\/h0Aonbg-7BIY9-8oVvjfRV5g__I=\/767x0\/smart\/filters:format(webp)\/cloudfront-us-east-1.images.arcpublishing.com\/artear\/7WJKKW3QRBFTZEZGBFWLNEVAH4.jpg\" alt=\"Fuertes cruces entre el oficialismo y la oposici\u00f3n en la comisi\u00f3n de Juicio Pol\u00edtico por el proceso contra la Corte Suprema (Foto: T\u00e9lam).\"\/><figcaption class=\"wp-element-caption\">Fuertes cruces entre el oficialismo y la oposici\u00f3n en la comisi\u00f3n de Juicio Pol\u00edtico por el proceso contra la Corte Suprema (Foto: T\u00e9lam).<\/figcaption><\/figure>\n\n\n\n<p>Uno de los citados es&nbsp;<strong>Silvio Robles<\/strong>, director general de la vocal\u00eda del presidente de la Corte, Horacio Rosatti. El otro es&nbsp;<strong>Marcelo D\u2019Alessandro<\/strong>, exministro de Justicia y Seguridad del gobierno de Horacio Rodr\u00edguez Larreta en CABA. El kirchnerismo los acusa de&nbsp;<a href=\"https:\/\/tn.com.ar\/politica\/2022\/12\/21\/coparticipacion-la-corte-firmara-hoy-un-fallo-a-favor-de-caba-en-la-pelea-c\" target=\"_blank\" rel=\"noreferrer noopener\"><strong>negociar el fallo a favor de la Ciudad<\/strong><\/a>&nbsp;en la disputa por la coparticipaci\u00f3n con el Ejecutivo nacional.<\/p>\n\n\n\n<p>En el Frente de Todos cre\u00edan este lunes que Robles asistir\u00eda a contestar las preguntas de los diputados. En el Palacio de Tribunales no hab\u00eda, sin embargo, confirmaci\u00f3n. No se esperaba, por otra parte, la presencia de D\u2019Alessandro que, seg\u00fan indicaron en su entorno, pidi\u00f3 reprogramar la fecha. El oficialismo podr\u00eda reclamar en ese caso a la Justicia que lo obligue a comparecer. En cualquier caso,&nbsp;<strong>se prev\u00e9 tensi\u00f3n y cruces<\/strong>&nbsp;en el encuentro de este martes.<\/p>\n\n\n\n<p>Por otra parte, el mi\u00e9rcoles se reunir\u00e1 las comisiones de Asuntos Constitucionales y de Legislaci\u00f3n General, donde el oficialismo busca avanzar con una\u00a0<strong>modificaci\u00f3n de la ley de protecci\u00f3n de datos personales<\/strong>. Tambi\u00e9n se producir\u00e1n choques: JxC acusa al Frente de Todos de apurar una norma clave, a solo 5 meses del cambio de gobierno y buscar complicar el acceso a la informaci\u00f3n de funcionarios.<\/p>\n\n\n\n<p>Fuente: TN<\/p>\n","protected":false},"excerpt":{"rendered":"<div class=\"mh-excerpt\"><p>Este martes 1\u00b0 de agosto, luego de dos semanas de casi nula actividad parlamentaria por el \u201creceso invernal\u201d, el Congreso deber\u00eda volver a funcionar. En el&nbsp;Senado, el kirchnerismo sigue sin conseguir el quorum&nbsp;para sesionar y aprobar m\u00e1s de 70 pliegos judiciales, se le acaba el tiempo y la C\u00e1mara Alta no tiene actividad agendada para los pr\u00f3ximos d\u00edas. En la&nbsp;C\u00e1mara de Diputados el oficialismo reactiva la comisi\u00f3n de Juicio Pol\u00edtico&nbsp;para avanzar contra la Corte Suprema y&nbsp;regresan los cruces&nbsp;con la oposici\u00f3n. A media tarde de este lunes, hab\u00eda en el Senado solo 5 legisladores. Hay un dato que refleja las dificultades <a class=\"mh-excerpt-more\" href=\"http:\/\/dsrmedios.com.ar\/diario\/archivos\/37704\" title=\"El Congreso retoma la actividad con una negociaci\u00f3n clave para CFK y suma tensi\u00f3n por el juicio a la Corte\">[Leer m\u00e1s]<\/a><\/p>\n<\/div>","protected":false},"author":8,"featured_media":37705,"comment_status":"open","ping_status":"closed","sticky":false,"template":"","format":"standard","meta":{"_jetpack_newsletter_access":""},"categories":[6],"tags":[],"jetpack_featured_media_url":"http:\/\/dsrmedios.com.ar\/diario\/wp-content\/uploads\/2023\/08\/MF6UUVZBVFHHVFCN3Z54CBMNWU.webp","jetpack_sharing_enabled":true,"jetpack_shortlink":"https:\/\/wp.me\/p9fihK-9O8","_links":{"self":[{"href":"http:\/\/dsrmedios.com.ar\/diario\/wp-json\/wp\/v2\/posts\/37704"}],"collection":[{"href":"http:\/\/dsrmedios.com.ar\/diario\/wp-json\/wp\/v2\/posts"}],"about":[{"href":"http:\/\/dsrmedios.com.ar\/diario\/wp-json\/wp\/v2\/types\/post"}],"author":[{"embeddable":true,"href":"http:\/\/dsrmedios.com.ar\/diario\/wp-json\/wp\/v2\/users\/8"}],"replies":[{"embeddable":true,"href":"http:\/\/dsrmedios.com.ar\/diario\/wp-json\/wp\/v2\/comments?post=37704"}],"version-history":[{"count":1,"href":"http:\/\/dsrmedios.com.ar\/diario\/wp-json\/wp\/v2\/posts\/37704\/revisions"}],"predecessor-version":[{"id":37706,"href":"http:\/\/dsrmedios.com.ar\/diario\/wp-json\/wp\/v2\/posts\/37704\/revisions\/37706"}],"wp:featuredmedia":[{"embeddable":true,"href":"http:\/\/dsrmedios.com.ar\/diario\/wp-json\/wp\/v2\/media\/37705"}],"wp:attachment":[{"href":"http:\/\/dsrmedios.com.ar\/diario\/wp-json\/wp\/v2\/media?parent=37704"}],"wp:term":[{"taxonomy":"category","embeddable":true,"href":"http:\/\/dsrmedios.com.ar\/diario\/wp-json\/wp\/v2\/categories?post=37704"},{"taxonomy":"post_tag","embeddable":true,"href":"http:\/\/dsrmedios.com.ar\/diario\/wp-json\/wp\/v2\/tags?post=37704"}],"curies":[{"name":"wp","href":"https:\/\/api.w.org\/{rel}","templated":true}]}}