{"id":37668,"date":"2023-08-01T09:40:09","date_gmt":"2023-08-01T12:40:09","guid":{"rendered":"http:\/\/dsrmedios.com.ar\/diario\/?p=37668"},"modified":"2023-08-01T09:40:13","modified_gmt":"2023-08-01T12:40:13","slug":"emotiva-anecdota-de-nino-el-hit-que-le-robo-a-palermo-y-burla-a-river-plate-5-perlitas-de-la-presentacion-de-cavani-en-boca-juniors","status":"publish","type":"post","link":"http:\/\/dsrmedios.com.ar\/diario\/archivos\/37668","title":{"rendered":"Emotiva an\u00e9cdota de ni\u00f1o, el hit que \u201cle rob\u00f3\u201d a Palermo y burla a River Plate: 5 perlitas de la presentaci\u00f3n de Cavani en Boca Juniors"},"content":{"rendered":"\n<p>Fue una verdadera fiesta. La&nbsp;<a rel=\"noreferrer noopener\" href=\"https:\/\/www.infobae.com\/deportes\/2023\/07\/31\/la-presentacion-de-cavani-en-boca-juniors-en-vivo-todo-lo-que-hay-que-saber-del-acto-en-la-bombonera\/\" target=\"_blank\"><strong>presentaci\u00f3n de Edinson Cavani en La Bombonera<\/strong><\/a>&nbsp;se llev\u00f3 a cabo ante una multitud y el estreno en sociedad del delantero uruguayo dej\u00f3 varios temas. Entre notas de color, algunas canciones, su gesto con su compatriota e \u00eddolo&nbsp;<em>Xeneize<\/em>,&nbsp;<strong>Sergio Mart\u00ednez<\/strong>, y hasta un halago que recibi\u00f3 de la hinchada azul y oro con un hit especial que no se escuchaba desde la \u00e9poca de&nbsp;<strong>Mart\u00edn Palermo<\/strong>. El calor que se vivi\u00f3 en el escenario azul y oro pudo m\u00e1s que la fr\u00eda tarde de lunes en la que el&nbsp;<em>Matador<\/em>&nbsp;sell\u00f3 su llegada al club y se gener\u00f3 una enorme expectativa.<\/p>\n\n\n\n<figure class=\"wp-block-image\"><img decoding=\"async\" src=\"https:\/\/www.infobae.com\/new-resizer\/nwOAQoRy_Htcr_wHQCSo_lsD2JU=\/filters:format(webp):quality(85)\/cloudfront-us-east-1.images.arcpublishing.com\/infobae\/KOKCZFXJBZGR5JENQRXHI2HYTA.jpg\" alt=\"\"\/><\/figure>\n\n\n\n<p>Antes de entrar a la cancha, Cavani record\u00f3 una an\u00e9cdota del d\u00eda que conoci\u00f3 a La Bombonera: \u201cCuando ten\u00eda 13 a\u00f1os vinimos en un viaje que se hizo de inferiores de Uruguay, con un equipo para competir en Buenos Aires. Una salida en Buenos Aires fue conocer La Boca. Est\u00e1bamos felices ya que dentro de lo que era la visita al Museo, era la posibilidad de poder salir a la cancha. Todos est\u00e1bamos con la ilusi\u00f3n terrible de poder entrar, pero antes de salir nos comunicaron que no se pod\u00eda pisar la cancha, solo mirar desde la tribuna. Se te pasan mil cosas por la cabeza, deseaba poder hacerlo, estar ah\u00ed y nunca me imagin\u00e9 esto. Hoy estar ah\u00ed, poder pisar la cancha, va a ser un reconocimiento incre\u00edble y te emociona mucho\u201d.<\/p>\n\n\n\n<p>Luego Edi ingres\u00f3 al campo de juego vestido como futbolista y con el dorsal n\u00famero diez. De inmediato salud\u00f3 a la gente y mir\u00f3 hacia los cuatros costados. Se lo not\u00f3 conmovido y pronto mostr\u00f3 su emoci\u00f3n. Acto seguido fue caminando hacia el arco que da a la tribuna que ocupa<em>\u00a0La Doce<\/em>, y all\u00ed lo esper\u00f3 el\u00a0<em>Manteca\u00a0<\/em>Mart\u00ednez. Otra vez se unieron en un abrazo y Cavani le regal\u00f3 la primera camiseta que se puso, algo que sorprendi\u00f3 y emocion\u00f3 al ex delantero.<\/p>\n\n\n\n<p>Los hinchas reconocieron a Edison y cuando lo vieron en esa \u00e1rea entonaron un hit que es dedicado para pocos delanteros de peso y que sol\u00edan cantarle a Mart\u00edn Palermo, demostrando la consideraci\u00f3n y respeto por el charr\u00faa: \u201cAplaudan, aplaudan, no dejen de aplaudir, los goles de Cavani que ya van a venir\u201d.<\/p>\n\n\n\n<p>M\u00e1s tarde Cavani y su familia volvieron a ser protagonistas ya que entonaron un cl\u00e1sico \u201cy dale Bo, y dale, dale Boca\u201d, aunque con un peque\u00f1o fallido producto de la emoci\u00f3n. Sin embargo, gracias a los hinchas, corrigieron la entonaci\u00f3n y a puro entusiasmo se sumaron sus hijos y pareja. De hecho, los hijos de Edison saltaron y cantaron con entusiasmo otro de los c\u00e1nticos populares que los hinchas\u00a0<em>xeneizes<\/em>\u00a0le dedican a su rival,\u00a0<strong>River Plate:<\/strong>\u00a0\u201cEl que no salta, se fue a la B\u201d.<\/p>\n\n\n\n<p>En un clima de efervescencia digno de los recibimiento a grandes \u00eddolos del club como ocurri\u00f3 con los retornos de<strong>\u00a0Carlos Bianchi<\/strong>\u00a0en 2012 y<strong>\u00a0Carlos Tevez\u00a0<\/strong>en 2015, el pueblo de Boca Juniors le dio la inolvidable bienvenida a Cavani que lleg\u00f3 con las ganas de dejar todo, como indic\u00f3, para poder brindarles alegr\u00eda a los hinchas que esperan verlo cuanto antes en el campo de juego.<\/p>\n\n\n\n<p>Cavani tiene 36 a\u00f1os y este martes llevar\u00e1 a cabo su primer entrenamiento. No confirm\u00f3 si estar\u00e1 disponible para el duelo de ida ante Nacional en Uruguay por los octavos de final de la&nbsp;<strong>Copa Libertadores de Am\u00e9rica<\/strong>, pero ganas no le faltan al artillero que en su pa\u00eds debut\u00f3 jugando en la Primera de Danubio. Habr\u00e1 que ver si el entrenador&nbsp;<strong>Jorge Almir\u00f3n<\/strong>&nbsp;lo convoca para el choque ante el&nbsp;<em>Bolso<\/em>.<\/p>\n\n\n\n<p>Con 19 a\u00f1os emigr\u00f3 a Europa y jug\u00f3 en diversos clubes en Italia, Francia, Inglaterra y Espa\u00f1a:\u00a0<strong>Par\u00eds Saint-Germain (200 goles), el Napoli (104), el Palermo (37) y el Manchester United (19)<\/strong>.Adem\u00e1s, brill\u00f3 con su selecci\u00f3n y fue uno de los referentes con cuatro\u00a0<strong>Mundiales\u00a0<\/strong>jugados y la<strong>\u00a0Copa Am\u00e9rica\u00a0<\/strong>ganada en la Argentina en 2011. En el ep\u00edlogo de su campa\u00f1a, Cavani hizo realidad su sue\u00f1o de chico y no ve la hora de marcar su primer gol en La Bombonera y treparse al tejido.<\/p>\n\n\n\n<p>Fuente: Infobae<\/p>\n","protected":false},"excerpt":{"rendered":"<div class=\"mh-excerpt\"><p>Fue una verdadera fiesta. La&nbsp;presentaci\u00f3n de Edinson Cavani en La Bombonera&nbsp;se llev\u00f3 a cabo ante una multitud y el estreno en sociedad del delantero uruguayo dej\u00f3 varios temas. Entre notas de color, algunas canciones, su gesto con su compatriota e \u00eddolo&nbsp;Xeneize,&nbsp;Sergio Mart\u00ednez, y hasta un halago que recibi\u00f3 de la hinchada azul y oro con un hit especial que no se escuchaba desde la \u00e9poca de&nbsp;Mart\u00edn Palermo. El calor que se vivi\u00f3 en el escenario azul y oro pudo m\u00e1s que la fr\u00eda tarde de lunes en la que el&nbsp;Matador&nbsp;sell\u00f3 su llegada al club y se gener\u00f3 una enorme expectativa. <a class=\"mh-excerpt-more\" href=\"http:\/\/dsrmedios.com.ar\/diario\/archivos\/37668\" title=\"Emotiva an\u00e9cdota de ni\u00f1o, el hit que \u201cle rob\u00f3\u201d a Palermo y burla a River Plate: 5 perlitas de la presentaci\u00f3n de Cavani en Boca Juniors\">[Leer m\u00e1s]<\/a><\/p>\n<\/div>","protected":false},"author":8,"featured_media":37669,"comment_status":"open","ping_status":"closed","sticky":false,"template":"","format":"standard","meta":{"_jetpack_newsletter_access":""},"categories":[2],"tags":[],"jetpack_featured_media_url":"http:\/\/dsrmedios.com.ar\/diario\/wp-content\/uploads\/2023\/08\/cavaniboca_1_crop1615311134477.jpeg_554688468.webp","jetpack_sharing_enabled":true,"jetpack_shortlink":"https:\/\/wp.me\/p9fihK-9Ny","_links":{"self":[{"href":"http:\/\/dsrmedios.com.ar\/diario\/wp-json\/wp\/v2\/posts\/37668"}],"collection":[{"href":"http:\/\/dsrmedios.com.ar\/diario\/wp-json\/wp\/v2\/posts"}],"about":[{"href":"http:\/\/dsrmedios.com.ar\/diario\/wp-json\/wp\/v2\/types\/post"}],"author":[{"embeddable":true,"href":"http:\/\/dsrmedios.com.ar\/diario\/wp-json\/wp\/v2\/users\/8"}],"replies":[{"embeddable":true,"href":"http:\/\/dsrmedios.com.ar\/diario\/wp-json\/wp\/v2\/comments?post=37668"}],"version-history":[{"count":1,"href":"http:\/\/dsrmedios.com.ar\/diario\/wp-json\/wp\/v2\/posts\/37668\/revisions"}],"predecessor-version":[{"id":37670,"href":"http:\/\/dsrmedios.com.ar\/diario\/wp-json\/wp\/v2\/posts\/37668\/revisions\/37670"}],"wp:featuredmedia":[{"embeddable":true,"href":"http:\/\/dsrmedios.com.ar\/diario\/wp-json\/wp\/v2\/media\/37669"}],"wp:attachment":[{"href":"http:\/\/dsrmedios.com.ar\/diario\/wp-json\/wp\/v2\/media?parent=37668"}],"wp:term":[{"taxonomy":"category","embeddable":true,"href":"http:\/\/dsrmedios.com.ar\/diario\/wp-json\/wp\/v2\/categories?post=37668"},{"taxonomy":"post_tag","embeddable":true,"href":"http:\/\/dsrmedios.com.ar\/diario\/wp-json\/wp\/v2\/tags?post=37668"}],"curies":[{"name":"wp","href":"https:\/\/api.w.org\/{rel}","templated":true}]}}