{"id":3764,"date":"2018-01-25T08:04:58","date_gmt":"2018-01-25T11:04:58","guid":{"rendered":"http:\/\/dsrmedios.com.ar\/diario\/?p=3764"},"modified":"2018-01-25T08:04:58","modified_gmt":"2018-01-25T11:04:58","slug":"la-gobernadora-pidio-que-todos-luchemos-contra-la-violencia-de-genero-y-agresiones-contra-la-mujer","status":"publish","type":"post","link":"http:\/\/dsrmedios.com.ar\/diario\/archivos\/3764","title":{"rendered":"La Gobernadora pidi\u00f3 que todos luchemos contra la violencia de g\u00e9nero y agresiones contra la mujer"},"content":{"rendered":"<p>La gobernadora Mar\u00eda Eugenia Vidal reclam\u00f3 este mi\u00e9rcoles \u201cque toda la sociedad se involucre&#8221; en la denuncia de casos de violencia de g\u00e9nero y otras medidas tendientes a prevenir y disminuir agresiones contra la mujer, en el marco de la presentaci\u00f3n de una aplicaci\u00f3n m\u00f3vil para atacar esa problem\u00e1tica social.<\/p>\n<p>&#8220;Participar en marchas no es suficiente. Necesitamos que en cada una de las casas, cada una de nosotros, y cada uno de los varones, cr\u00eden a los chicos sin machismo. El cambio que tenemos que hacer es cultural. Es un enorme trabajo que va a llevar mucho tiempo. Mientras tanto, damos las respuestas de emergencia que son necesarias&#8221;, argument\u00f3.<\/p>\n<p>Vidal difundi\u00f3 una serie de herramientas y programas &#8220;para todas las mujeres que est\u00e9n sufriendo lesiones, intentos de femicidios, abusos, situaciones que afecten su seguridad y est\u00e9n vinculadas a la violencia de g\u00e9nero&#8221;, quienes a partir de ahora &#8220;van a poder hacer la denuncia sin la necesidad de ir a una comisar\u00eda, a trav\u00e9s de la aplicaci\u00f3n m\u00f3vil Seguridad Provincia, que es gratuita y ya recibe denuncias de otros tipos de delito, que van directamente a la fiscal\u00eda&#8221;.<\/p>\n<p>Acompa\u00f1ada por el secretario de Derechos Humanos, Santiago Cant\u00f3n; la subsecretaria de G\u00e9nero y Diversidad, Agustina Ayll\u00f3n; y el intendente de La Plata, Julio Garro; la gobernadora sostuvo que &#8220;siempre ha sido dif\u00edcil para las mujeres v\u00edctimas no s\u00f3lo denunciar, sino tambi\u00e9n tomar la decisi\u00f3n, acercarse a una comisar\u00eda, contar lo que les pasa y que les tomen la denuncia&#8221;.<\/p>\n<p>fuente:www.aninoticias.com<\/p>\n","protected":false},"excerpt":{"rendered":"<div class=\"mh-excerpt\"><p>La gobernadora Mar\u00eda Eugenia Vidal reclam\u00f3 este mi\u00e9rcoles \u201cque toda la sociedad se involucre&#8221; en la denuncia de casos de violencia de g\u00e9nero y otras medidas tendientes a prevenir y disminuir agresiones contra la mujer, en el marco de la presentaci\u00f3n de una aplicaci\u00f3n m\u00f3vil para atacar esa problem\u00e1tica social. &#8220;Participar en marchas no es suficiente. Necesitamos que en cada una de las casas, cada una de nosotros, y cada uno de los varones, cr\u00eden a los chicos sin machismo. El cambio que tenemos que hacer es cultural. Es un enorme trabajo que va a llevar mucho tiempo. Mientras tanto, <a class=\"mh-excerpt-more\" href=\"http:\/\/dsrmedios.com.ar\/diario\/archivos\/3764\" title=\"La Gobernadora pidi\u00f3 que todos luchemos contra la violencia de g\u00e9nero y agresiones contra la mujer\">[Leer m\u00e1s]<\/a><\/p>\n<\/div>","protected":false},"author":5,"featured_media":3765,"comment_status":"open","ping_status":"closed","sticky":false,"template":"","format":"standard","meta":{"_jetpack_newsletter_access":""},"categories":[18,7],"tags":[],"jetpack_featured_media_url":"http:\/\/dsrmedios.com.ar\/diario\/wp-content\/uploads\/2018\/01\/vidal_violencia.jpg","jetpack_sharing_enabled":true,"jetpack_shortlink":"https:\/\/wp.me\/p9fihK-YI","_links":{"self":[{"href":"http:\/\/dsrmedios.com.ar\/diario\/wp-json\/wp\/v2\/posts\/3764"}],"collection":[{"href":"http:\/\/dsrmedios.com.ar\/diario\/wp-json\/wp\/v2\/posts"}],"about":[{"href":"http:\/\/dsrmedios.com.ar\/diario\/wp-json\/wp\/v2\/types\/post"}],"author":[{"embeddable":true,"href":"http:\/\/dsrmedios.com.ar\/diario\/wp-json\/wp\/v2\/users\/5"}],"replies":[{"embeddable":true,"href":"http:\/\/dsrmedios.com.ar\/diario\/wp-json\/wp\/v2\/comments?post=3764"}],"version-history":[{"count":1,"href":"http:\/\/dsrmedios.com.ar\/diario\/wp-json\/wp\/v2\/posts\/3764\/revisions"}],"predecessor-version":[{"id":3766,"href":"http:\/\/dsrmedios.com.ar\/diario\/wp-json\/wp\/v2\/posts\/3764\/revisions\/3766"}],"wp:featuredmedia":[{"embeddable":true,"href":"http:\/\/dsrmedios.com.ar\/diario\/wp-json\/wp\/v2\/media\/3765"}],"wp:attachment":[{"href":"http:\/\/dsrmedios.com.ar\/diario\/wp-json\/wp\/v2\/media?parent=3764"}],"wp:term":[{"taxonomy":"category","embeddable":true,"href":"http:\/\/dsrmedios.com.ar\/diario\/wp-json\/wp\/v2\/categories?post=3764"},{"taxonomy":"post_tag","embeddable":true,"href":"http:\/\/dsrmedios.com.ar\/diario\/wp-json\/wp\/v2\/tags?post=3764"}],"curies":[{"name":"wp","href":"https:\/\/api.w.org\/{rel}","templated":true}]}}