{"id":3756,"date":"2018-01-25T07:54:58","date_gmt":"2018-01-25T10:54:58","guid":{"rendered":"http:\/\/dsrmedios.com.ar\/diario\/?p=3756"},"modified":"2018-01-25T07:54:58","modified_gmt":"2018-01-25T10:54:58","slug":"el-regimiento-de-infanteria-mecanizado-3-con-asiento-en-pigue-recordo-el-ataque-que-sufrio-en-la-tablada","status":"publish","type":"post","link":"http:\/\/dsrmedios.com.ar\/diario\/archivos\/3756","title":{"rendered":"El Regimiento de Infanter\u00eda Mecanizado 3 con asiento en Pigu\u00e9 record\u00f3 el ataque que sufri\u00f3 en La Tablada"},"content":{"rendered":"<p>Con la presencia de autoridades militares, policiales, civiles y varios veteranos se llev\u00f3 a cabo en la Guarnici\u00f3n Militar de Pigu\u00e9 el acto de recordaci\u00f3n del 29\u00ba aniversario del intento de ocupaci\u00f3n de los cuarteles del Regimiento de Infanter\u00eda Mecanizado 3 General Belgrano (RIM 3) del Ej\u00e9rcito Argentino en La Tablada, unidad militar que actualmente est\u00e1 asentada en esa localidad.<\/p>\n<p><a href=\"http:\/\/dsrmedios.com.ar\/diario\/wp-content\/uploads\/2018\/01\/tablada.jpg\"><img decoding=\"async\" loading=\"lazy\" class=\"aligncenter size-full wp-image-3758\" src=\"http:\/\/dsrmedios.com.ar\/diario\/wp-content\/uploads\/2018\/01\/tablada.jpg\" alt=\"\" width=\"650\" height=\"446\" srcset=\"http:\/\/dsrmedios.com.ar\/diario\/wp-content\/uploads\/2018\/01\/tablada.jpg 650w, http:\/\/dsrmedios.com.ar\/diario\/wp-content\/uploads\/2018\/01\/tablada-300x206.jpg 300w\" sizes=\"(max-width: 650px) 100vw, 650px\" \/><\/a><\/p>\n<p>La formaci\u00f3n militar se llev\u00f3 a cabo en la plaza de armas \u201cTeniente coronel Horacio Fern\u00e1ndez Cutiellos\u201d, uno de los h\u00e9roes militares, y en la ocasi\u00f3n el actual jefe del Rimec 3 teniente coronel N\u00e9stor Edgardo Medina present\u00f3 los efectivos formados al segundo comandante de la X Brigada Mecanizada, coronel Claudio Fabi\u00e1n Rold\u00e1n, quien salud\u00f3 a las tropas.<\/p>\n<p>Tras entonarse las estrofas del Himno Nacional Argentino, el presb\u00edtero Diego Kessler realiz\u00f3 una invocaci\u00f3n religiosa, y el jefe del Rimec 3 se refiri\u00f3 al hist\u00f3rico acontecimiento con el intento de copamiento de la unidad militar por parte de miembros del Movimiento Todos por la Patria.<\/p>\n<p>fuente:www.lanueva.com<\/p>\n","protected":false},"excerpt":{"rendered":"<div class=\"mh-excerpt\"><p>Con la presencia de autoridades militares, policiales, civiles y varios veteranos se llev\u00f3 a cabo en la Guarnici\u00f3n Militar de Pigu\u00e9 el acto de recordaci\u00f3n del 29\u00ba aniversario del intento de ocupaci\u00f3n de los cuarteles del Regimiento de Infanter\u00eda Mecanizado 3 General Belgrano (RIM 3) del Ej\u00e9rcito Argentino en La Tablada, unidad militar que actualmente est\u00e1 asentada en esa localidad. La formaci\u00f3n militar se llev\u00f3 a cabo en la plaza de armas \u201cTeniente coronel Horacio Fern\u00e1ndez Cutiellos\u201d, uno de los h\u00e9roes militares, y en la ocasi\u00f3n el actual jefe del Rimec 3 teniente coronel N\u00e9stor Edgardo Medina present\u00f3 los efectivos <a class=\"mh-excerpt-more\" href=\"http:\/\/dsrmedios.com.ar\/diario\/archivos\/3756\" title=\"El Regimiento de Infanter\u00eda Mecanizado 3 con asiento en Pigu\u00e9 record\u00f3 el ataque que sufri\u00f3 en La Tablada\">[Leer m\u00e1s]<\/a><\/p>\n<\/div>","protected":false},"author":5,"featured_media":3757,"comment_status":"open","ping_status":"closed","sticky":false,"template":"","format":"standard","meta":{"_jetpack_newsletter_access":""},"categories":[18,8],"tags":[],"jetpack_featured_media_url":"http:\/\/dsrmedios.com.ar\/diario\/wp-content\/uploads\/2018\/01\/pigue-regim.jpg","jetpack_sharing_enabled":true,"jetpack_shortlink":"https:\/\/wp.me\/p9fihK-YA","_links":{"self":[{"href":"http:\/\/dsrmedios.com.ar\/diario\/wp-json\/wp\/v2\/posts\/3756"}],"collection":[{"href":"http:\/\/dsrmedios.com.ar\/diario\/wp-json\/wp\/v2\/posts"}],"about":[{"href":"http:\/\/dsrmedios.com.ar\/diario\/wp-json\/wp\/v2\/types\/post"}],"author":[{"embeddable":true,"href":"http:\/\/dsrmedios.com.ar\/diario\/wp-json\/wp\/v2\/users\/5"}],"replies":[{"embeddable":true,"href":"http:\/\/dsrmedios.com.ar\/diario\/wp-json\/wp\/v2\/comments?post=3756"}],"version-history":[{"count":1,"href":"http:\/\/dsrmedios.com.ar\/diario\/wp-json\/wp\/v2\/posts\/3756\/revisions"}],"predecessor-version":[{"id":3759,"href":"http:\/\/dsrmedios.com.ar\/diario\/wp-json\/wp\/v2\/posts\/3756\/revisions\/3759"}],"wp:featuredmedia":[{"embeddable":true,"href":"http:\/\/dsrmedios.com.ar\/diario\/wp-json\/wp\/v2\/media\/3757"}],"wp:attachment":[{"href":"http:\/\/dsrmedios.com.ar\/diario\/wp-json\/wp\/v2\/media?parent=3756"}],"wp:term":[{"taxonomy":"category","embeddable":true,"href":"http:\/\/dsrmedios.com.ar\/diario\/wp-json\/wp\/v2\/categories?post=3756"},{"taxonomy":"post_tag","embeddable":true,"href":"http:\/\/dsrmedios.com.ar\/diario\/wp-json\/wp\/v2\/tags?post=3756"}],"curies":[{"name":"wp","href":"https:\/\/api.w.org\/{rel}","templated":true}]}}