{"id":3747,"date":"2018-01-24T08:52:25","date_gmt":"2018-01-24T11:52:25","guid":{"rendered":"http:\/\/dsrmedios.com.ar\/diario\/?p=3747"},"modified":"2018-01-24T08:52:25","modified_gmt":"2018-01-24T11:52:25","slug":"la-casa-de-dia-evita-celebro-sus-13-anos-de-existencia-solidaria-en-la-comunidad","status":"publish","type":"post","link":"http:\/\/dsrmedios.com.ar\/diario\/archivos\/3747","title":{"rendered":"La Casa de D\u00eda Evita celebr\u00f3 sus 13 a\u00f1os de existencia solidaria en la comunidad"},"content":{"rendered":"<p>El Intendente David Hirtz particip\u00f3 del tradicional almuerzo en Casa de d\u00eda Evita para festejar sus 13 a\u00f1os junto a los adultos mayores de nuestra ciudad.<br \/>\nEstuvo acompa\u00f1ado por Mirta I\u00f1igo, Directora del establecimiento, Patricia Donates a cargo de la Secretar\u00eda de Desarrollo Social y Mart\u00edn Gavio, Secretario de Gobierno.<br \/>\nHirtz brind\u00f3 unas palabras y agradeci\u00f3 a todos los que diariamente trabajan en el lugar \u201cQue se adaptan, que trabajan permanentemente todos los d\u00edas, no en las mejores condiciones. Agradezco el trabajo que se est\u00e1 realizando con Patricia quien qued\u00f3 a cargo de Desarrollo Social que ayudar\u00e1 a resolver las cuestiones de la Casa\u201d.<br \/>\nDemetria, que concurre a la Casa desde su fundaci\u00f3n, ley\u00f3 unas palabras de agradecimiento en nombre de todos y junto a sus compa\u00f1eros cantaron la canci\u00f3n \u201cMar\u00eda va\u201d de Mercedes Sosa.<br \/>\nLuego invitaron a cantar \u201cSamba de mi esperanza\u201d junto a ellos al Intendente David Hirtz quien sin dudarlo se sum\u00f3 al grupo.<br \/>\nEl almuerzo estuvo signado por la alegr\u00eda. El Intendente manifest\u00f3: \u201ccompartir un momento tan lindo me pone muy feliz y quiero transmitirle a todos ustedes la alegr\u00eda en este momento\u201d<br \/>\nHirtz tambi\u00e9n se hab\u00eda referido a la Casa de D\u00eda Evita durante el acto central por el aniversario de Carhu\u00e9: \u201cEl pueblo que construimos est\u00e1 representado ac\u00e1 en las instituciones que cumplen a\u00f1os, en la tarea de Casa de D\u00eda\u201d.<\/p>\n","protected":false},"excerpt":{"rendered":"<div class=\"mh-excerpt\"><p>El Intendente David Hirtz particip\u00f3 del tradicional almuerzo en Casa de d\u00eda Evita para festejar sus 13 a\u00f1os junto a los adultos mayores de nuestra ciudad. Estuvo acompa\u00f1ado por Mirta I\u00f1igo, Directora del establecimiento, Patricia Donates a cargo de la Secretar\u00eda de Desarrollo Social y Mart\u00edn Gavio, Secretario de Gobierno. Hirtz brind\u00f3 unas palabras y agradeci\u00f3 a todos los que diariamente trabajan en el lugar \u201cQue se adaptan, que trabajan permanentemente todos los d\u00edas, no en las mejores condiciones. Agradezco el trabajo que se est\u00e1 realizando con Patricia quien qued\u00f3 a cargo de Desarrollo Social que ayudar\u00e1 a resolver las <a class=\"mh-excerpt-more\" href=\"http:\/\/dsrmedios.com.ar\/diario\/archivos\/3747\" title=\"La Casa de D\u00eda Evita celebr\u00f3 sus 13 a\u00f1os de existencia solidaria en la comunidad\">[Leer m\u00e1s]<\/a><\/p>\n<\/div>","protected":false},"author":5,"featured_media":3748,"comment_status":"open","ping_status":"closed","sticky":false,"template":"","format":"standard","meta":{"_jetpack_newsletter_access":""},"categories":[18,5],"tags":[],"jetpack_featured_media_url":"http:\/\/dsrmedios.com.ar\/diario\/wp-content\/uploads\/2018\/01\/evita.jpg","jetpack_sharing_enabled":true,"jetpack_shortlink":"https:\/\/wp.me\/p9fihK-Yr","_links":{"self":[{"href":"http:\/\/dsrmedios.com.ar\/diario\/wp-json\/wp\/v2\/posts\/3747"}],"collection":[{"href":"http:\/\/dsrmedios.com.ar\/diario\/wp-json\/wp\/v2\/posts"}],"about":[{"href":"http:\/\/dsrmedios.com.ar\/diario\/wp-json\/wp\/v2\/types\/post"}],"author":[{"embeddable":true,"href":"http:\/\/dsrmedios.com.ar\/diario\/wp-json\/wp\/v2\/users\/5"}],"replies":[{"embeddable":true,"href":"http:\/\/dsrmedios.com.ar\/diario\/wp-json\/wp\/v2\/comments?post=3747"}],"version-history":[{"count":1,"href":"http:\/\/dsrmedios.com.ar\/diario\/wp-json\/wp\/v2\/posts\/3747\/revisions"}],"predecessor-version":[{"id":3749,"href":"http:\/\/dsrmedios.com.ar\/diario\/wp-json\/wp\/v2\/posts\/3747\/revisions\/3749"}],"wp:featuredmedia":[{"embeddable":true,"href":"http:\/\/dsrmedios.com.ar\/diario\/wp-json\/wp\/v2\/media\/3748"}],"wp:attachment":[{"href":"http:\/\/dsrmedios.com.ar\/diario\/wp-json\/wp\/v2\/media?parent=3747"}],"wp:term":[{"taxonomy":"category","embeddable":true,"href":"http:\/\/dsrmedios.com.ar\/diario\/wp-json\/wp\/v2\/categories?post=3747"},{"taxonomy":"post_tag","embeddable":true,"href":"http:\/\/dsrmedios.com.ar\/diario\/wp-json\/wp\/v2\/tags?post=3747"}],"curies":[{"name":"wp","href":"https:\/\/api.w.org\/{rel}","templated":true}]}}