{"id":37431,"date":"2023-07-25T11:34:35","date_gmt":"2023-07-25T14:34:35","guid":{"rendered":"http:\/\/dsrmedios.com.ar\/diario\/?p=37431"},"modified":"2023-07-25T11:34:39","modified_gmt":"2023-07-25T14:34:39","slug":"la-estrategia-de-axel-kicillof-para-disputar-la-campana-en-distritos-donde-juntos-por-el-cambio-se-hace-fuerte","status":"publish","type":"post","link":"http:\/\/dsrmedios.com.ar\/diario\/archivos\/37431","title":{"rendered":"La estrategia de Axel Kicillof para disputar la campa\u00f1a en distritos donde Juntos por el Cambio se hace fuerte"},"content":{"rendered":"\n<p>El gobernador bonaerense<strong>&nbsp;Axel Kicillof<\/strong>&nbsp;regresa esta semana con intensidad a las recorridas de campa\u00f1a y as\u00ed ser\u00e1 hasta las elecciones primarias del pr\u00f3ximo 13 de agosto. Antes de esa fecha, hay en la agenda de viaje la visita a&nbsp;<strong>dos ciudades que en el gobierno provincial interpretan como fundamentales: Mar del Plata y Bah\u00eda Blanca.<\/strong><\/p>\n\n\n\n<p>Por fuera del conurbano,&nbsp;<strong>ambos distritos son los de mayor peso electoral&nbsp;<\/strong>del territorio bonaerense con la coincidencia de que las dos ciudades est\u00e1n gobernadas por la oposici\u00f3n desde 2015. Sin embargo, hay expectativa dentro de Uni\u00f3n por la Patria (UP) de la performance electoral.<\/p>\n\n\n\n<p>En el equipo de campa\u00f1a de UP bonaerense&nbsp;<strong>plantearon una campa\u00f1a segmentada para ambos distritos en particular con Kicillof a la cabeza<\/strong>. El plan es mostrar lo hecho en gesti\u00f3n desde 2019 a la fecha. Hay, por ejemplo,&nbsp;<strong>una pieza audiovisual para cada municipio<\/strong>&nbsp;que ya fue plantada desde hace semanas en redes sociales con&nbsp;<strong>segmentaci\u00f3n geogr\u00e1fica&nbsp;<\/strong>y fuerte presencia en&nbsp;<em>Instagram<\/em>. Lo mismo ocurre con lo hecho de parte de la provincia en la ciudad de La Plata. La capital bonaerense tambi\u00e9n es gobernada por Juntos.<\/p>\n\n\n\n<p>En el caso de Mar del Plata -que en rigor se trata del distrito de General Pueyrred\u00f3n- Uni\u00f3n por la Patria ir\u00e1 con la titular de ANSES,&nbsp;<strong>Fernanda Raverta<\/strong>, como candidata a la intendencia. No tendr\u00e1 internas y en el cierre de listas logr\u00f3 un acuerdo con el ex jefe comunal,&nbsp;<strong>Gustavo Pulti<\/strong>, que ser\u00e1 el primer candidato a diputado provincial por la Quinta secci\u00f3n electoral. Se trat\u00f3 de una alianza trabajosa y -a priori- con mutua ganancia en t\u00e9rminos pol\u00edticos.<\/p>\n\n\n\n<p>Pulti tiene la estructura de su partido local Acci\u00f3n Marplatense que ahora trabajar\u00e1 para la candidatura de Raverta y as\u00ed la funcionaria nacional podr\u00eda asegurarse el volumen de votos que cosech\u00f3 en 2019. Nadie dentro del peronismo, en ninguna categor\u00eda cree que el oficialismo sacar\u00e1 el mismo n\u00famero que en 2019.<\/p>\n\n\n\n<p>En el caso de Mar del Plata, Pulti, adem\u00e1s, se asegura el acceso a la C\u00e1mara baja bonaerense a partir de diciembre de este a\u00f1o. La Quinta secci\u00f3n renueva 11 bancas. General Pueyrred\u00f3n es la cabecera de la secci\u00f3n, seguida por la ciudad de Tandil.<strong>\u00a0El impacto de los comicios en La Feliz balancear\u00e1 el resultado final en la elecci\u00f3n seccional y la composici\u00f3n futura de la Legislatura.<\/strong><\/p>\n\n\n\n<p>El gobierno bonaerense saca a relucir la&nbsp;<strong>repavimentaci\u00f3n de la Ruta 11<\/strong>&nbsp;y el inicio de obras para la reconversi\u00f3n de ese camino a autov\u00eda en el tramo que va desde Villa Gesell a Mar Chiquita, que tendr\u00e1 injerencia para la log\u00edstica de traslado hacia Mar del Plata. Tambi\u00e9n, el avance en la circunvalaci\u00f3n de dicha localidad, junto con la&nbsp;<strong>adquisici\u00f3n de 108 patrulleros y 514 nuevos efectivos<\/strong>. La gesti\u00f3n bonaerense sostiene que se realizaron 102 obras finalizadas en las escuelas y hay 25 en m\u00e1s en curso. En el spot segmentando, desde el gobierno provincial, dan cuenta de la inauguraci\u00f3n de seis nuevos policonsultorios de IOMA y el otorgamiento de 130 mil millones de pesos en cr\u00e9ditos a Pymes y emprendedores. \u201cNuestro gobierno est\u00e1 y va a seguir estando muy presente en Mar del Plata para que sigamos avanzando derecho al futuro\u201d, plantea Kicillof. En las im\u00e1genes de insert aparece Raverta.<\/p>\n\n\n\n<p><img decoding=\"async\" loading=\"lazy\" alt=\"Axel Kicillof junto al intendente Guillermo Montenegro y la titular de ANSES\" height=\"1080\" width=\"1920\" src=\"https:\/\/www.infobae.com\/new-resizer\/7PliJsbSNVmvrYLH6TM3RTvH_5M=\/arc-anglerfish-arc2-prod-infobae\/public\/J2A45RRH3RGMVNP4YJQHREKJZU.JPG\" srcset=\"https:\/\/www.infobae.com\/new-resizer\/uaHCh7RuBaSneInJMFPwKoh5MzA=\/420x236\/filters:format(webp):quality(85)\/cloudfront-us-east-1.images.arcpublishing.com\/infobae\/J2A45RRH3RGMVNP4YJQHREKJZU.JPG 420w,https:\/\/www.infobae.com\/new-resizer\/dTvpKXo4qr4x_ICO_MvdzPd9q1s=\/768x432\/filters:format(webp):quality(85)\/cloudfront-us-east-1.images.arcpublishing.com\/infobae\/J2A45RRH3RGMVNP4YJQHREKJZU.JPG 768w,https:\/\/www.infobae.com\/new-resizer\/ood3maU_xe_uH5EEx6xxhFPUtcE=\/992x558\/filters:format(webp):quality(85)\/cloudfront-us-east-1.images.arcpublishing.com\/infobae\/J2A45RRH3RGMVNP4YJQHREKJZU.JPG 992w,https:\/\/www.infobae.com\/new-resizer\/Nrr-Y43jVwJn8pkWtA-1C6iyGv4=\/1200x675\/filters:format(webp):quality(85)\/cloudfront-us-east-1.images.arcpublishing.com\/infobae\/J2A45RRH3RGMVNP4YJQHREKJZU.JPG 1200w,https:\/\/www.infobae.com\/new-resizer\/sOXfisYS40CZT7oAVLCA8NZoVqg=\/1440x810\/filters:format(webp):quality(85)\/cloudfront-us-east-1.images.arcpublishing.com\/infobae\/J2A45RRH3RGMVNP4YJQHREKJZU.JPG 1440w\">Axel Kicillof junto al intendente Guillermo Montenegro y la titular de ANSES<\/p>\n\n\n\n<p>Electoralmente, en el plano local el escenario puede ser complejo para el peronismo. El intendente&nbsp;<strong>Guillermo Montenegro&nbsp;<\/strong>es uno de los jefes comunales que ir\u00e1 con las dos boletas de Juntos. Llevar\u00e1 la opci\u00f3n,&nbsp;<strong>Patricia Bullrich&nbsp;<\/strong>presidenta-<strong>N\u00e9stor Grindetti<\/strong>&nbsp;gobernador y la de&nbsp;<strong>Horacio Rodr\u00edguez Larreta&nbsp;<\/strong>presidente-&nbsp;<strong>Diego Santilli&nbsp;<\/strong>gobernador. La otra intendenta de la oposici\u00f3n que ostenta esta condici\u00f3n es la de Vicente L\u00f3pez,&nbsp;<strong>Soledad Mart\u00ednez.<\/strong>&nbsp;El resto de los intendentes PRO va con una u otra boleta.<\/p>\n\n\n\n<p>La interna de Juntos tambi\u00e9n interviene en la otra ciudad que el gobierno bonaerense mira con atenci\u00f3n y que Kicillof visitar\u00e1 antes de las Primarias: Bah\u00eda Blanca.<\/p>\n\n\n\n<p>En la ciudad del sur bonaerense su intendente,&nbsp;<strong>H\u00e9ctor Gay<\/strong>, no buscar\u00e1 la reelecci\u00f3n. Ser\u00e1 precandidato provincial para el Parlasur dentro de la lista de Bullrich. La decisi\u00f3n del jefe comunal de no presentarse por otro per\u00edodo de gobierno -al que accedi\u00f3 en 2015 y fue reelecto en 2019- sumada a la interna de la estructura nacional Juntos termin\u00f3 habilitando&nbsp;<strong>una PASO local entre dos senadores bonaerenses<\/strong>, que buscar\u00e1n quedarse con la candidatura a la intendencia. Se trata de&nbsp;<strong>Nidia Moirano&nbsp;<\/strong>por la l\u00ednea de Bullrich y el presidente de la Coalici\u00f3n C\u00edvica a nivel provincial,&nbsp;<strong>Andr\u00e9s de Leo<\/strong>, que es el candidato de Larreta y Santilli en Bah\u00eda Blanca.<\/p>\n\n\n\n<p><img decoding=\"async\" loading=\"lazy\" alt=\"Patricia Bullrich junto a H\u00e9ctor Gay \" height=\"1080\" width=\"1920\" src=\"https:\/\/www.infobae.com\/new-resizer\/N3yZVzEcv3fcGbKmYHgEGJaSaxo=\/arc-anglerfish-arc2-prod-infobae\/public\/3OPY4J3NU5DXFGAENF6PFCQF4I.jpg\" srcset=\"https:\/\/www.infobae.com\/new-resizer\/2yVLbL7rjpu7RCX_mQRN33jOi48=\/420x236\/filters:format(webp):quality(85)\/cloudfront-us-east-1.images.arcpublishing.com\/infobae\/3OPY4J3NU5DXFGAENF6PFCQF4I.jpg 420w,https:\/\/www.infobae.com\/new-resizer\/BGO51EzzrT9wlG_qat6OQ5N6aX4=\/768x432\/filters:format(webp):quality(85)\/cloudfront-us-east-1.images.arcpublishing.com\/infobae\/3OPY4J3NU5DXFGAENF6PFCQF4I.jpg 768w,https:\/\/www.infobae.com\/new-resizer\/ZCXHJ_O4T16uWIJbI-Nc7N6pRrU=\/992x558\/filters:format(webp):quality(85)\/cloudfront-us-east-1.images.arcpublishing.com\/infobae\/3OPY4J3NU5DXFGAENF6PFCQF4I.jpg 992w,https:\/\/www.infobae.com\/new-resizer\/z87hTUzm4wTeieOrnMmEhDOevzA=\/1200x675\/filters:format(webp):quality(85)\/cloudfront-us-east-1.images.arcpublishing.com\/infobae\/3OPY4J3NU5DXFGAENF6PFCQF4I.jpg 1200w,https:\/\/www.infobae.com\/new-resizer\/LaJZfWriABqPlgEqs_6s0vn_83o=\/1440x810\/filters:format(webp):quality(85)\/cloudfront-us-east-1.images.arcpublishing.com\/infobae\/3OPY4J3NU5DXFGAENF6PFCQF4I.jpg 1440w\">Patricia Bullrich junto a H\u00e9ctor Gay<\/p>\n\n\n\n<p>Uni\u00f3n por la Patria ir\u00e1 nuevamente con<strong>&nbsp;Federico Susbielles<\/strong>&nbsp;como candidato a intendente. El presidente del Puerto de Bah\u00eda y ex titular de la Confederaci\u00f3n Argentina de B\u00e1squet, se muestra cercano a Kicillof y con el cierre de listas consigui\u00f3 una boleta de unidad. Como Raverta en Mar del Plata, ya fue candidato a intendente en 2019. \u201cEn los \u00faltimos 30 a\u00f1os, Bah\u00eda Blanca ha tenido inversiones, aunque no de la magnitud que est\u00e1n por venir, y tenemos una ciudad peor, con 30 asentamientos, niveles de pobreza muy complejos y no hemos logrado asentar o fortalecer nuestro cord\u00f3n industrial\u201d, plante\u00f3 este lunes Susbielles en declaraciones a<em>&nbsp;Radio Provincia.<\/em><\/p>\n\n\n\n<p>En las PASO del 2019, el candidato peronista estuvo cerca de imponerse (qued\u00f3 a dos puntos de diferencia); sin embargo, en la elecci\u00f3n general Gay aument\u00f3 la diferencia a casi diez puntos.<\/p>\n\n\n\n<p>En el gobierno bonaerense apuntan los ca\u00f1ones a Bah\u00eda, una ciudad donde en los \u00faltimos a\u00f1os al peronismo le ha costado hacer pie en materia electoral. Al igual que lo hecho para<strong>&nbsp;Mar del Plata, Kicillof tambi\u00e9n produjo una pieza audiovisual para plantar en redes<\/strong>. Segmentada al p\u00fablico bahiense, el spot repasa las obras hechas en el distrito por el gobierno: Plan H\u00eddrico que -explica Kicillof- \u201cya est\u00e1 mejorando el sistema integral de agua potable para 350 mil habitantes\u201d, refacci\u00f3n de la avenida circunvalaci\u00f3n norte, la entrega de 42 nuevos patrulleros, 39 obras de infraestructura escolar, mejoras en el Hospital Penna; adem\u00e1s de la facilitaci\u00f3n de 59 mil millones de pesos en cr\u00e9ditos a emprendedores y pymes; son algunas de las acciones que destaca.&nbsp;<strong>Un spot del que tambi\u00e9n participa Susbielles.<\/strong><\/p>\n\n\n\n<p>Hay, en ambas estrategias -y en toda la estrategia general- una cuesti\u00f3n a tener en cuenta y que en anteriores elecciones no interven\u00eda: la irrupci\u00f3n de\u00a0<strong>Javier Milei<\/strong>. El diputado libertario, tiene anclaje propio por su figura en las grandes ciudades. Su capacidad de votos es algo incierto aunque existente; e incluso necesaria para el oficialismo, partiendo de la hip\u00f3tesis de que parte del caudal de electores de La Libertad Avanza tuvo a Juntos o al PRO como una opci\u00f3n en anteriores elecciones.<\/p>\n\n\n\n<p>Fuente: Infobae<\/p>\n","protected":false},"excerpt":{"rendered":"<div class=\"mh-excerpt\"><p>El gobernador bonaerense&nbsp;Axel Kicillof&nbsp;regresa esta semana con intensidad a las recorridas de campa\u00f1a y as\u00ed ser\u00e1 hasta las elecciones primarias del pr\u00f3ximo 13 de agosto. Antes de esa fecha, hay en la agenda de viaje la visita a&nbsp;dos ciudades que en el gobierno provincial interpretan como fundamentales: Mar del Plata y Bah\u00eda Blanca. Por fuera del conurbano,&nbsp;ambos distritos son los de mayor peso electoral&nbsp;del territorio bonaerense con la coincidencia de que las dos ciudades est\u00e1n gobernadas por la oposici\u00f3n desde 2015. Sin embargo, hay expectativa dentro de Uni\u00f3n por la Patria (UP) de la performance electoral. En el equipo de <a class=\"mh-excerpt-more\" href=\"http:\/\/dsrmedios.com.ar\/diario\/archivos\/37431\" title=\"La estrategia de Axel Kicillof para disputar la campa\u00f1a en distritos donde Juntos por el Cambio se hace fuerte\">[Leer m\u00e1s]<\/a><\/p>\n<\/div>","protected":false},"author":8,"featured_media":33910,"comment_status":"open","ping_status":"closed","sticky":false,"template":"","format":"standard","meta":{"_jetpack_newsletter_access":""},"categories":[7],"tags":[],"jetpack_featured_media_url":"http:\/\/dsrmedios.com.ar\/diario\/wp-content\/uploads\/2023\/05\/p14-axel-kicillof-n_optjpeg.jpeg","jetpack_sharing_enabled":true,"jetpack_shortlink":"https:\/\/wp.me\/p9fihK-9JJ","_links":{"self":[{"href":"http:\/\/dsrmedios.com.ar\/diario\/wp-json\/wp\/v2\/posts\/37431"}],"collection":[{"href":"http:\/\/dsrmedios.com.ar\/diario\/wp-json\/wp\/v2\/posts"}],"about":[{"href":"http:\/\/dsrmedios.com.ar\/diario\/wp-json\/wp\/v2\/types\/post"}],"author":[{"embeddable":true,"href":"http:\/\/dsrmedios.com.ar\/diario\/wp-json\/wp\/v2\/users\/8"}],"replies":[{"embeddable":true,"href":"http:\/\/dsrmedios.com.ar\/diario\/wp-json\/wp\/v2\/comments?post=37431"}],"version-history":[{"count":1,"href":"http:\/\/dsrmedios.com.ar\/diario\/wp-json\/wp\/v2\/posts\/37431\/revisions"}],"predecessor-version":[{"id":37432,"href":"http:\/\/dsrmedios.com.ar\/diario\/wp-json\/wp\/v2\/posts\/37431\/revisions\/37432"}],"wp:featuredmedia":[{"embeddable":true,"href":"http:\/\/dsrmedios.com.ar\/diario\/wp-json\/wp\/v2\/media\/33910"}],"wp:attachment":[{"href":"http:\/\/dsrmedios.com.ar\/diario\/wp-json\/wp\/v2\/media?parent=37431"}],"wp:term":[{"taxonomy":"category","embeddable":true,"href":"http:\/\/dsrmedios.com.ar\/diario\/wp-json\/wp\/v2\/categories?post=37431"},{"taxonomy":"post_tag","embeddable":true,"href":"http:\/\/dsrmedios.com.ar\/diario\/wp-json\/wp\/v2\/tags?post=37431"}],"curies":[{"name":"wp","href":"https:\/\/api.w.org\/{rel}","templated":true}]}}