{"id":37420,"date":"2023-07-25T11:19:48","date_gmt":"2023-07-25T14:19:48","guid":{"rendered":"http:\/\/dsrmedios.com.ar\/diario\/?p=37420"},"modified":"2023-07-25T11:20:55","modified_gmt":"2023-07-25T14:20:55","slug":"el-gobierno-le-pidio-informacion-a-bolivia-sobre-el-acuerdo-militar-con-iran","status":"publish","type":"post","link":"http:\/\/dsrmedios.com.ar\/diario\/archivos\/37420","title":{"rendered":"El Gobierno le pidi\u00f3 informaci\u00f3n a Bolivia sobre el acuerdo militar con Ir\u00e1n"},"content":{"rendered":"\n<p>El&nbsp;<strong>Gobierno, a trav\u00e9s de la Canciller\u00eda,<\/strong>&nbsp;hizo llegar una nota a la embajada de Bolivia en Buenos Aires con un pedido de informaci\u00f3n sobre los \u201calcances de las conversaciones y posibles acuerdos\u201d firmados con la Rep\u00fablica Isl\u00e1mica de Ir\u00e1n. La nota fue enviada por el Ministro de Relaciones Exteriores y Culto de la Argentina,&nbsp;<strong>Santiago Cafiero<\/strong>, a su par<strong>&nbsp;Rogelio Mayta<\/strong>.<\/p>\n\n\n\n<p>La solicitud se realiz\u00f3 en el marco del\u00a0<strong>Tratado de \u201chermandad, integraci\u00f3n y cooperaci\u00f3n\u201d<\/strong>, denominado \u201cJuana Azurduy\u201d, firmado entre ambos pa\u00edses en la pasada\u00a0<strong>Cumbre del Mercosur en Iguaz\u00fa<\/strong>, precisaron desde la cartera encabezada por el canciller<strong>\u00a0Cafiero.<\/strong><\/p>\n\n\n\n<p>Este acuerdo, que busca afianzar \u201clas profundas relaciones de fraternidad de Argentina y Bolivia\u201d, permite potenciar el intercambio existente entre las dos naciones en distintas materias.<\/p>\n\n\n\n<p><strong>Bolivia e Ir\u00e1n firmaron el jueves pasado un memor\u00e1ndum de entendimiento para ampliar la cooperaci\u00f3n bilateral&nbsp;<\/strong>en el campo de seguridad y de defensa, seg\u00fan inform\u00f3 la agencia estatal persa IRNA. El acuerdo fue rubricado en Teher\u00e1n por el ministro de Defensa boliviano, Edmundo Novillo Aguilar, y su par iran\u00ed, Mohammad Reza Ashtiani.<\/p>\n\n\n\n<p><img decoding=\"async\" loading=\"lazy\" alt=\"El ministro de Defensa de Ir\u00e1n, general de brigada Mohamad Reza Qarai Ashtiani junto a su hom\u00f3logo boliviano, Edmundo Novillo Aguilar\" height=\"683\" width=\"1024\" src=\"https:\/\/www.infobae.com\/new-resizer\/G9QL1jnU3wT3aqsJ4NZfgJ_dJcw=\/arc-anglerfish-arc2-prod-infobae\/public\/BET56UIWCVBIRB2NFSDIMOU3UM.jpg\" srcset=\"https:\/\/www.infobae.com\/new-resizer\/1bREk7SOq0Vf3ELj7-FRtGkF94c=\/420x280\/filters:format(webp):quality(85)\/cloudfront-us-east-1.images.arcpublishing.com\/infobae\/BET56UIWCVBIRB2NFSDIMOU3UM.jpg 420w,https:\/\/www.infobae.com\/new-resizer\/cDvq69qziplLRWWehT8s-jaObQ4=\/768x512\/filters:format(webp):quality(85)\/cloudfront-us-east-1.images.arcpublishing.com\/infobae\/BET56UIWCVBIRB2NFSDIMOU3UM.jpg 768w,https:\/\/www.infobae.com\/new-resizer\/NNyAWCdFIOTlr889arR1f-W_VLg=\/992x661\/filters:format(webp):quality(85)\/cloudfront-us-east-1.images.arcpublishing.com\/infobae\/BET56UIWCVBIRB2NFSDIMOU3UM.jpg 992w,https:\/\/www.infobae.com\/new-resizer\/GpDKhilqgeCeJgSHf-SqcZVhHuQ=\/1200x800\/filters:format(webp):quality(85)\/cloudfront-us-east-1.images.arcpublishing.com\/infobae\/BET56UIWCVBIRB2NFSDIMOU3UM.jpg 1200w,https:\/\/www.infobae.com\/new-resizer\/gHCoxJOl8Keh4fThreFm7v0GdoI=\/1440x960\/filters:format(webp):quality(85)\/cloudfront-us-east-1.images.arcpublishing.com\/infobae\/BET56UIWCVBIRB2NFSDIMOU3UM.jpg 1440w\">El ministro de Defensa de Ir\u00e1n, general de brigada Mohamad Reza Qarai Ashtiani junto a su hom\u00f3logo boliviano, Edmundo Novillo Aguilar<\/p>\n\n\n\n<p>Ante la difusi\u00f3n de este acuerdo militar entre Bolivia e Ir\u00e1n, la&nbsp;<strong>Delegaci\u00f3n de Asociaciones Israelitas Argentinas (DAIA)&nbsp;<\/strong>manifest\u00f3 su preocupaci\u00f3n, sobre todo porque incluye al&nbsp;<strong>pa\u00eds que tiene autoridades acusadas por la justicia argentina&nbsp;<\/strong>de haber colaborado con el<strong>&nbsp;ataque a la AMIA de julio de 1994<\/strong>..<\/p>\n\n\n\n<p>\u201cLa\u00a0<strong>DAIA<\/strong>, entidad representativa de la comunidad jud\u00eda argentina, alerta sobre los riesgos para la seguridad de la Argentina y de la regi\u00f3n. Tras haberse conocido el<strong>\u00a0convenio de defensa firmado por Bolivia con Ir\u00e1n<\/strong>, pa\u00eds vinculado a la<strong>\u00a0agrupaci\u00f3n terrorista Hezbollah y responsable del atentado perpetrado contra la sede de la AMIA-DAIA\u00a0<\/strong>que caus\u00f3 85 muertos y m\u00e1s de 300 heridos\u201d, indic\u00f3 el comunicado de la entidad firmado por su presidente,\u00a0<strong>Jorge Knoblovits<\/strong>, y su secretario general, Alejandro Zuchowicki.<\/p>\n\n\n\n<p>Adem\u00e1s, el escrito inst\u00f3 al Gobierno argentino a \u201c<strong>condenar este acuerdo y exigir al de Bolivia que reconsidere su decisi\u00f3n<\/strong>&nbsp;tras haberse producido dos feroces ataques terroristas en el pa\u00eds, en 1992 y 1994\u2033.<\/p>\n\n\n\n<p><img decoding=\"async\" loading=\"lazy\" alt=\"Un hangar de drones iran\u00edes almacenados en un lugar no determinado del pa\u00eds (REUTERS)\" height=\"881\" width=\"1500\" src=\"https:\/\/www.infobae.com\/new-resizer\/MYPIOa0oo_PBCF24ztDzwpodX_E=\/arc-anglerfish-arc2-prod-infobae\/public\/3ORFEHEP5I7KTT5KDAPAI7HOBA.jpg\" srcset=\"https:\/\/www.infobae.com\/new-resizer\/GxrzO8UMRVKFV07rgu-eqhlpBGA=\/992x606\/filters:format(webp):quality(85)\/cloudfront-us-east-1.images.arcpublishing.com\/infobae\/3ORFEHEP5I7KTT5KDAPAI7HOBA.jpg 992w\">Un hangar de drones iran\u00edes almacenados en un lugar no determinado del pa\u00eds (REUTERS)<\/p>\n\n\n\n<h2>Cr\u00edticas de la oposici\u00f3n en Bolivia<\/h2>\n\n\n\n<p><strong>El&nbsp;acuerdo de cooperaci\u00f3n en seguridad y defensa suscrito la semana pasada<\/strong>&nbsp;ha desatado cr\u00edticas y preocupaciones tambi\u00e9n entre los opositores bolivianos, quienes el lunes enviaron una petici\u00f3n al gobierno para que informe sobre los alcances del convenio.<\/p>\n\n\n\n<p>\u201cEl ministro de Defensa debe explicar el acuerdo y por qu\u00e9 se ha firmado con un pa\u00eds complicado en el escenario internacional cuando Bolivia es pacifista seg\u00fan su constituci\u00f3n\u201d, dijo a la agencia de noticias<em>&nbsp;AP<\/em>&nbsp;el diputado opositor&nbsp;<strong>Gustavo Aliaga<\/strong>, secretario del Comit\u00e9 de Defensa y Fuerzas Armadas de la C\u00e1mara de Diputados.<\/p>\n\n\n\n<p>El llamado \u201cmemor\u00e1ndum de entendimiento para ampliar la cooperaci\u00f3n bilateral en el campo de seguridad y de defensa\u201d fue firmado el jueves pasado en Teher\u00e1n, la capital iran\u00ed, entre el ministro<strong>&nbsp;Mohammad Reza Ashtiani&nbsp;<\/strong>y su colega boliviano&nbsp;<strong>Edmundo Novillo<\/strong>, titular de la cartera de Defensa.<\/p>\n\n\n\n<p>No obstante,<strong>&nbsp;no se conoce el contenido del acuerdo<\/strong>. Novillo regres\u00f3 al pa\u00eds el fin de semana y no ten\u00eda previsto el lunes convocar a conferencia de prensa para explicar el acuerdo, seg\u00fan aclararon en su despacho.<\/p>\n\n\n\n<p>\u201cTodo lo que conozco es lo que publica la prensa.<strong>&nbsp;Dice que (Ir\u00e1n) nos regalar\u00e1 drones. Otros dicen que nos van a dar misiles. Todo esto suena extra\u00f1o<\/strong>, mucho m\u00e1s si es con Ir\u00e1n\u201d, dijo Aliaga. \u201cNo me explico por qu\u00e9 Bolivia se mete en una relaci\u00f3n compleja y dif\u00edcil\u201d, acot\u00f3.<\/p>\n\n\n\n<p>Sin embargo, el senador oficialista Leonardo Loza salud\u00f3 el convenio. \u201cEl pa\u00eds tiene el derecho de firmar estos acuerdos. Estados Unidos es el pa\u00eds m\u00e1s peligroso y Bolivia tiene derecho a firmar acuerdos con otras naciones\u201d, dijo Loza, quien es secretario de la Comisi\u00f3n de Seguridad del Senado. El legislador responde a la l\u00ednea del ex presidente<strong>&nbsp;Evo Morales, un estrecho aliado del gobierno iran\u00ed.<\/strong><\/p>\n\n\n\n<p>El acuerdo se da en momentos en que Ir\u00e1n est\u00e1 apoyando la guerra en Rusia, mientras el gobierno boliviano de\u00a0<strong>Luis Arce\u00a0<\/strong>se ha negado a condenar la invasi\u00f3n rusa a Ucrania en la Asamblea de la ONU.<\/p>\n\n\n\n<p>Fuente: Infobae<\/p>\n","protected":false},"excerpt":{"rendered":"<div class=\"mh-excerpt\"><p>El&nbsp;Gobierno, a trav\u00e9s de la Canciller\u00eda,&nbsp;hizo llegar una nota a la embajada de Bolivia en Buenos Aires con un pedido de informaci\u00f3n sobre los \u201calcances de las conversaciones y posibles acuerdos\u201d firmados con la Rep\u00fablica Isl\u00e1mica de Ir\u00e1n. La nota fue enviada por el Ministro de Relaciones Exteriores y Culto de la Argentina,&nbsp;Santiago Cafiero, a su par&nbsp;Rogelio Mayta. La solicitud se realiz\u00f3 en el marco del\u00a0Tratado de \u201chermandad, integraci\u00f3n y cooperaci\u00f3n\u201d, denominado \u201cJuana Azurduy\u201d, firmado entre ambos pa\u00edses en la pasada\u00a0Cumbre del Mercosur en Iguaz\u00fa, precisaron desde la cartera encabezada por el canciller\u00a0Cafiero. Este acuerdo, que busca afianzar \u201clas profundas <a class=\"mh-excerpt-more\" href=\"http:\/\/dsrmedios.com.ar\/diario\/archivos\/37420\" title=\"El Gobierno le pidi\u00f3 informaci\u00f3n a Bolivia sobre el acuerdo militar con Ir\u00e1n\">[Leer m\u00e1s]<\/a><\/p>\n<\/div>","protected":false},"author":8,"featured_media":37421,"comment_status":"open","ping_status":"closed","sticky":false,"template":"","format":"standard","meta":{"_jetpack_newsletter_access":""},"categories":[6],"tags":[],"jetpack_featured_media_url":"http:\/\/dsrmedios.com.ar\/diario\/wp-content\/uploads\/2023\/07\/descarga-44.jpg","jetpack_sharing_enabled":true,"jetpack_shortlink":"https:\/\/wp.me\/p9fihK-9Jy","_links":{"self":[{"href":"http:\/\/dsrmedios.com.ar\/diario\/wp-json\/wp\/v2\/posts\/37420"}],"collection":[{"href":"http:\/\/dsrmedios.com.ar\/diario\/wp-json\/wp\/v2\/posts"}],"about":[{"href":"http:\/\/dsrmedios.com.ar\/diario\/wp-json\/wp\/v2\/types\/post"}],"author":[{"embeddable":true,"href":"http:\/\/dsrmedios.com.ar\/diario\/wp-json\/wp\/v2\/users\/8"}],"replies":[{"embeddable":true,"href":"http:\/\/dsrmedios.com.ar\/diario\/wp-json\/wp\/v2\/comments?post=37420"}],"version-history":[{"count":1,"href":"http:\/\/dsrmedios.com.ar\/diario\/wp-json\/wp\/v2\/posts\/37420\/revisions"}],"predecessor-version":[{"id":37422,"href":"http:\/\/dsrmedios.com.ar\/diario\/wp-json\/wp\/v2\/posts\/37420\/revisions\/37422"}],"wp:featuredmedia":[{"embeddable":true,"href":"http:\/\/dsrmedios.com.ar\/diario\/wp-json\/wp\/v2\/media\/37421"}],"wp:attachment":[{"href":"http:\/\/dsrmedios.com.ar\/diario\/wp-json\/wp\/v2\/media?parent=37420"}],"wp:term":[{"taxonomy":"category","embeddable":true,"href":"http:\/\/dsrmedios.com.ar\/diario\/wp-json\/wp\/v2\/categories?post=37420"},{"taxonomy":"post_tag","embeddable":true,"href":"http:\/\/dsrmedios.com.ar\/diario\/wp-json\/wp\/v2\/tags?post=37420"}],"curies":[{"name":"wp","href":"https:\/\/api.w.org\/{rel}","templated":true}]}}