{"id":37404,"date":"2023-07-25T11:09:41","date_gmt":"2023-07-25T14:09:41","guid":{"rendered":"http:\/\/dsrmedios.com.ar\/diario\/?p=37404"},"modified":"2023-07-25T11:14:31","modified_gmt":"2023-07-25T14:14:31","slug":"con-excelente-marco-de-publico-continuaron-las-vacaciones-en-san-miguel","status":"publish","type":"post","link":"http:\/\/dsrmedios.com.ar\/diario\/archivos\/37404","title":{"rendered":"Con excelente marco de p\u00fablico continuaron las vacaciones en San Miguel"},"content":{"rendered":"\n<p>El Show de T\u00edteres en San Miguel Arc\u00e1ngel fue un \u00e9xito rotundo que convoc\u00f3 a ni\u00f1os y ni\u00f1as de Gasc\u00f3n que llegaron a la localidad trasladados en transporte municipal.<\/p>\n\n\n\n<p><br>La presentaci\u00f3n de la obra de t\u00edteres \u201cEl monte est\u00e1 de fiesta\u201d, de la compa\u00f1\u00eda de t\u00edteres La Valija, lleg\u00f3 a San Miguel para sacar sonrisas y alegr\u00eda a los m\u00e1s peque\u00f1os y sus acompa\u00f1antes adultos. Tambi\u00e9n, durante la jornada enmarcada en las actividades de vacaciones de invierno organizada por la Secretar\u00eda de Cultura y Educaci\u00f3n de Adolfo Alsina, se realizaron juegos y hubo mucha diversi\u00f3n en el Colegio Ni\u00f1o Jes\u00fas.<\/p>\n","protected":false},"excerpt":{"rendered":"<div class=\"mh-excerpt\"><p>El Show de T\u00edteres en San Miguel Arc\u00e1ngel fue un \u00e9xito rotundo que convoc\u00f3 a ni\u00f1os y ni\u00f1as de Gasc\u00f3n que llegaron a la localidad trasladados en transporte municipal. La presentaci\u00f3n de la obra de t\u00edteres \u201cEl monte est\u00e1 de fiesta\u201d, de la compa\u00f1\u00eda de t\u00edteres La Valija, lleg\u00f3 a San Miguel para sacar sonrisas y alegr\u00eda a los m\u00e1s peque\u00f1os y sus acompa\u00f1antes adultos. Tambi\u00e9n, durante la jornada enmarcada en las actividades de vacaciones de invierno organizada por la Secretar\u00eda de Cultura y Educaci\u00f3n de Adolfo Alsina, se realizaron juegos y hubo mucha diversi\u00f3n en el Colegio Ni\u00f1o Jes\u00fas.<\/p>\n<\/div>","protected":false},"author":8,"featured_media":37405,"comment_status":"open","ping_status":"closed","sticky":false,"template":"","format":"standard","meta":{"_jetpack_newsletter_access":""},"categories":[18,31,5],"tags":[],"jetpack_featured_media_url":"http:\/\/dsrmedios.com.ar\/diario\/wp-content\/uploads\/2023\/07\/WhatsApp-Image-2023-07-25-at-08.40.52-1.jpeg","jetpack_sharing_enabled":true,"jetpack_shortlink":"https:\/\/wp.me\/p9fihK-9Ji","_links":{"self":[{"href":"http:\/\/dsrmedios.com.ar\/diario\/wp-json\/wp\/v2\/posts\/37404"}],"collection":[{"href":"http:\/\/dsrmedios.com.ar\/diario\/wp-json\/wp\/v2\/posts"}],"about":[{"href":"http:\/\/dsrmedios.com.ar\/diario\/wp-json\/wp\/v2\/types\/post"}],"author":[{"embeddable":true,"href":"http:\/\/dsrmedios.com.ar\/diario\/wp-json\/wp\/v2\/users\/8"}],"replies":[{"embeddable":true,"href":"http:\/\/dsrmedios.com.ar\/diario\/wp-json\/wp\/v2\/comments?post=37404"}],"version-history":[{"count":2,"href":"http:\/\/dsrmedios.com.ar\/diario\/wp-json\/wp\/v2\/posts\/37404\/revisions"}],"predecessor-version":[{"id":37415,"href":"http:\/\/dsrmedios.com.ar\/diario\/wp-json\/wp\/v2\/posts\/37404\/revisions\/37415"}],"wp:featuredmedia":[{"embeddable":true,"href":"http:\/\/dsrmedios.com.ar\/diario\/wp-json\/wp\/v2\/media\/37405"}],"wp:attachment":[{"href":"http:\/\/dsrmedios.com.ar\/diario\/wp-json\/wp\/v2\/media?parent=37404"}],"wp:term":[{"taxonomy":"category","embeddable":true,"href":"http:\/\/dsrmedios.com.ar\/diario\/wp-json\/wp\/v2\/categories?post=37404"},{"taxonomy":"post_tag","embeddable":true,"href":"http:\/\/dsrmedios.com.ar\/diario\/wp-json\/wp\/v2\/tags?post=37404"}],"curies":[{"name":"wp","href":"https:\/\/api.w.org\/{rel}","templated":true}]}}