{"id":37396,"date":"2023-07-25T11:00:53","date_gmt":"2023-07-25T14:00:53","guid":{"rendered":"http:\/\/dsrmedios.com.ar\/diario\/?p=37396"},"modified":"2023-07-25T11:00:57","modified_gmt":"2023-07-25T14:00:57","slug":"inter-miami-se-lleva-a-una-joya-del-futbol-argentino-para-acompanar-a-lionel-messi-en-el-ataque","status":"publish","type":"post","link":"http:\/\/dsrmedios.com.ar\/diario\/archivos\/37396","title":{"rendered":"Inter Miami se lleva a una joya del f\u00fatbol argentino para acompa\u00f1ar a Lionel Messi en el ataque"},"content":{"rendered":"\n<p>El&nbsp;<strong>Inter Miami<\/strong>&nbsp;que dirige&nbsp;<strong>Gerardo&nbsp;<\/strong><em><strong>Tata&nbsp;<\/strong><\/em><strong>Martino<\/strong>&nbsp;contin\u00faa reforzando su plantel para rodear a&nbsp;<strong>Lionel Messi<\/strong>&nbsp;y en las \u00faltimas horas el conjunto del Sur de la Florida se asegur\u00f3 a una joya del f\u00fatbol argentino que en los \u00faltimos mercados de pases sonaba como posible refuerzo de Boca Juniors. Se trata de un jugador con caracter\u00edsticas ofensivas, ideal para asociarse con la estrella rosarina y generar desequilibrio.<\/p>\n\n\n\n<figure class=\"wp-block-image\"><img decoding=\"async\" src=\"https:\/\/www.infobae.com\/new-resizer\/j4-bscm8JAXzNtZ2mdF5mS68S90=\/filters:format(webp):quality(85)\/cloudfront-us-east-1.images.arcpublishing.com\/infobae\/R7YVN2XZXVDKZHQ2I7LOI6J54A.jpg\" alt=\"Lionel Messi continuar\u00e1 su carrera en Inter Miami despu\u00e9s de sus estad\u00edas en Barcelona y PSG.\"\/><\/figure>\n\n\n\n<p><strong>Facundo Far\u00edas<\/strong>, mediapunta de 20 a\u00f1os, tendr\u00e1 su \u00faltimo partido en&nbsp;<strong>Col\u00f3n de Santa Fe&nbsp;<\/strong>este martes a las 18 frente a&nbsp;<strong>Tigre&nbsp;<\/strong>en el estadio<em>&nbsp;Brigadier Estanislao L\u00f3pez<\/em>&nbsp;y dejar\u00e1 a la instituci\u00f3n sabalera para emigrar a la&nbsp;<strong>Major League Soccer<\/strong>&nbsp;(MLS) de los Estados Unidos. Seg\u00fan lo publicado por los medios santafesinos<em>&nbsp;Uno<\/em>&nbsp;y&nbsp;<em>LT 10&nbsp;<\/em>los directivos del&nbsp;<em>Negro<\/em>&nbsp;llegaron a buen puerto con sus pares de la entidad norteamericana y acordaron los n\u00fameros de la operaci\u00f3n y los montos correspondientes que quedar\u00e1n en las arcas de la instituci\u00f3n argentina. A\u00fan resta la confirmaci\u00f3n oficial de la entidad santafesina.<\/p>\n\n\n\n<p>Tras la negociaci\u00f3n con el club de David Beckham, a&nbsp;<strong>Col\u00f3n&nbsp;<\/strong>le quedar\u00edan unos&nbsp;<strong>5 millones de d\u00f3lares limpios<\/strong>, m\u00e1s bonos por productividad de 2 millones de la divisa norteamericana. Adem\u00e1s, el&nbsp;<em>Sabalero&nbsp;<\/em>conservar\u00e1 un<strong>&nbsp;20% de la ficha de Far\u00edas<\/strong>, quien se espera que viaje a Miami en las pr\u00f3ximas horas luego de destrabar unos problemas con su documentaci\u00f3n.<\/p>\n\n\n\n<p>Por otra parte, el DT del equipo santafesino,&nbsp;<strong>N\u00e9stor&nbsp;<\/strong><em><strong>Pipo&nbsp;<\/strong><\/em><strong>Gorosito<\/strong>, decidi\u00f3 incluir a la&nbsp;<em>Joya&nbsp;<\/em>en la lista de concentrados para el encuentro de la pen\u00faltima fecha de la Liga Profesional ante el&nbsp;<em>Matador<\/em>, aunque no est\u00e1 asegurado que el joven futbolista tenga minutos en cancha, ya que se encuentra vendido al Inter Miami. Lo que s\u00ed tendr\u00e1&nbsp;<strong>Far\u00edas&nbsp;<\/strong>es una despedida del club que lo vio nacer ante su p\u00fablico.<\/p>\n\n\n\n<p><img decoding=\"async\" loading=\"lazy\" alt=\"Facundo Far\u00edas deja Col\u00f3n de Santa Fe para sumarse al Inter Miami de Lionel Messi \" height=\"1841\" width=\"2934\" src=\"https:\/\/www.infobae.com\/new-resizer\/43MEPRG1-FhFVwATs7wGBmIgRx0=\/arc-anglerfish-arc2-prod-infobae\/public\/MUPFN4DILJBFHB7QJSIAJZ37CA.JPG\" srcset=\"https:\/\/www.infobae.com\/new-resizer\/lEy5szJlc69kIKvORP8NLIoceNY=\/992x606\/filters:format(webp):quality(85)\/cloudfront-us-east-1.images.arcpublishing.com\/infobae\/MUPFN4DILJBFHB7QJSIAJZ37CA.JPG 992w\">Facundo Far\u00edas deja Col\u00f3n de Santa Fe para sumarse al Inter Miami de Lionel Messi<\/p>\n\n\n\n<p><strong>Facundo Far\u00edas<\/strong>\u00a0naci\u00f3 el 28 de agosto de 2002 en Santa Fe y debut\u00f3 con la camiseta de\u00a0<strong>Col\u00f3n\u00a0<\/strong>el 2 de noviembre de 2019 en la derrota 2-0 ante Atl\u00e9tico Tucum\u00e1n por la fecha 12 del campeonato de Primera Divisi\u00f3n. El delantero de 1.75 metros de altura disput\u00f3 95 encuentros oficiales, marc\u00f3 16 goles y dio 8 asistencias.<\/p>\n\n\n\n<p>De esta manera,\u00a0<strong>Inter Miami\u00a0<\/strong>se asegur\u00f3 una nueva incorporaci\u00f3n en su plantilla, que tiene como m\u00e1xima figura a\u00a0<strong>Lionel Messi<\/strong>. El cuadro rosado le\u00a0<a rel=\"noreferrer noopener\" href=\"https:\/\/www.infobae.com\/deportes\/2023\/07\/23\/la-jugada-de-ajedrez-del-inter-miami-para-seguir-rodeando-de-figuras-a-lionel-messi\/\" target=\"_blank\">hab\u00eda comprado al\u00a0<strong>San Jos\u00e9 Earthquakes<\/strong>\u00a0un cupo internacional a cambio de\u00a0<strong>150 mil d\u00f3lares<\/strong><\/a>con el fin de tener una ficha extranjera para incorporar y as\u00ed liberar un poco m\u00e1s el tope salarial. Adem\u00e1s del crack rosarino, llegaron al elenco de la Florida los espa\u00f1oles<strong>\u00a0Jordi Alba<\/strong>\u00a0y<strong>\u00a0Sergio Busquets<\/strong>, y el paraguayo\u00a0<strong>Diego G\u00f3mez<\/strong>.<\/p>\n\n\n\n<p>Fuente: Infobae<\/p>\n","protected":false},"excerpt":{"rendered":"<div class=\"mh-excerpt\"><p>El&nbsp;Inter Miami&nbsp;que dirige&nbsp;Gerardo&nbsp;Tata&nbsp;Martino&nbsp;contin\u00faa reforzando su plantel para rodear a&nbsp;Lionel Messi&nbsp;y en las \u00faltimas horas el conjunto del Sur de la Florida se asegur\u00f3 a una joya del f\u00fatbol argentino que en los \u00faltimos mercados de pases sonaba como posible refuerzo de Boca Juniors. Se trata de un jugador con caracter\u00edsticas ofensivas, ideal para asociarse con la estrella rosarina y generar desequilibrio. Facundo Far\u00edas, mediapunta de 20 a\u00f1os, tendr\u00e1 su \u00faltimo partido en&nbsp;Col\u00f3n de Santa Fe&nbsp;este martes a las 18 frente a&nbsp;Tigre&nbsp;en el estadio&nbsp;Brigadier Estanislao L\u00f3pez&nbsp;y dejar\u00e1 a la instituci\u00f3n sabalera para emigrar a la&nbsp;Major League Soccer&nbsp;(MLS) de los Estados Unidos. <a class=\"mh-excerpt-more\" href=\"http:\/\/dsrmedios.com.ar\/diario\/archivos\/37396\" title=\"Inter Miami se lleva a una joya del f\u00fatbol argentino para acompa\u00f1ar a Lionel Messi en el ataque\">[Leer m\u00e1s]<\/a><\/p>\n<\/div>","protected":false},"author":8,"featured_media":36901,"comment_status":"open","ping_status":"closed","sticky":false,"template":"","format":"standard","meta":{"_jetpack_newsletter_access":""},"categories":[2],"tags":[],"jetpack_featured_media_url":"http:\/\/dsrmedios.com.ar\/diario\/wp-content\/uploads\/2023\/07\/images-26.jpg","jetpack_sharing_enabled":true,"jetpack_shortlink":"https:\/\/wp.me\/p9fihK-9Ja","_links":{"self":[{"href":"http:\/\/dsrmedios.com.ar\/diario\/wp-json\/wp\/v2\/posts\/37396"}],"collection":[{"href":"http:\/\/dsrmedios.com.ar\/diario\/wp-json\/wp\/v2\/posts"}],"about":[{"href":"http:\/\/dsrmedios.com.ar\/diario\/wp-json\/wp\/v2\/types\/post"}],"author":[{"embeddable":true,"href":"http:\/\/dsrmedios.com.ar\/diario\/wp-json\/wp\/v2\/users\/8"}],"replies":[{"embeddable":true,"href":"http:\/\/dsrmedios.com.ar\/diario\/wp-json\/wp\/v2\/comments?post=37396"}],"version-history":[{"count":1,"href":"http:\/\/dsrmedios.com.ar\/diario\/wp-json\/wp\/v2\/posts\/37396\/revisions"}],"predecessor-version":[{"id":37397,"href":"http:\/\/dsrmedios.com.ar\/diario\/wp-json\/wp\/v2\/posts\/37396\/revisions\/37397"}],"wp:featuredmedia":[{"embeddable":true,"href":"http:\/\/dsrmedios.com.ar\/diario\/wp-json\/wp\/v2\/media\/36901"}],"wp:attachment":[{"href":"http:\/\/dsrmedios.com.ar\/diario\/wp-json\/wp\/v2\/media?parent=37396"}],"wp:term":[{"taxonomy":"category","embeddable":true,"href":"http:\/\/dsrmedios.com.ar\/diario\/wp-json\/wp\/v2\/categories?post=37396"},{"taxonomy":"post_tag","embeddable":true,"href":"http:\/\/dsrmedios.com.ar\/diario\/wp-json\/wp\/v2\/tags?post=37396"}],"curies":[{"name":"wp","href":"https:\/\/api.w.org\/{rel}","templated":true}]}}