{"id":37374,"date":"2023-07-24T18:24:34","date_gmt":"2023-07-24T21:24:34","guid":{"rendered":"http:\/\/dsrmedios.com.ar\/diario\/?p=37374"},"modified":"2023-07-24T18:24:37","modified_gmt":"2023-07-24T21:24:37","slug":"las-medidas-de-massa-despertaron-criticas-de-la-oposicion-y-reabrieron-la-disputa-en-jxc-por-el-cepo-cambiario","status":"publish","type":"post","link":"http:\/\/dsrmedios.com.ar\/diario\/archivos\/37374","title":{"rendered":"Las medidas de Massa despertaron cr\u00edticas de la oposici\u00f3n y reabrieron la disputa en JxC por el cepo cambiario"},"content":{"rendered":"\n<p>\u201c<strong>Operativo llegar<\/strong>\u201d, \u201c<strong>devaluaci\u00f3n encubierta<\/strong>\u201d, \u201c<strong>parche sobre parche<\/strong>\u201d: las<a href=\"https:\/\/tn.com.ar\/economia\/2023\/07\/23\/el-dolar-ahorro-saldra-mas-caro-pagara-30-de-impuesto-pais-y-45-de-anticipo-de-ganancias\/\" target=\"_blank\" rel=\"noreferrer noopener\">&nbsp;medidas que tom\u00f3 Sergio Massa<\/a>&nbsp;para intentar frenar el drenaje de reservas del Banco Central y aumentar la recaudaci\u00f3n, en plena negociaci\u00f3n con el FMI, fueron duramente cuestionadas por los<strong>&nbsp;candidatos presidenciales de la oposici\u00f3n<\/strong>. La decisi\u00f3n oficial reabri\u00f3, por otra parte, la&nbsp;<a href=\"https:\/\/tn.com.ar\/politica\/2023\/07\/24\/patricia-bullrich-ratifico-que-si-gana-las-elecciones-levantara-el-primer-dia-el-cepo-cambiario\/\" target=\"_blank\" rel=\"noreferrer noopener\">disputa interna entre Horacio Rodr\u00edguez Larreta y Patricia Bullirch respecto a c\u00f3mo salir del cepo<\/a>. Juntos por el Cambio volvi\u00f3 a mostrarse alerta porque las&nbsp;<strong>decisiones econ\u00f3micas condicionen<\/strong>&nbsp;a un potencial pr\u00f3ximo gobierno.<\/p>\n\n\n\n<p>El paquete de medidas incluy\u00f3, en los hechos, un&nbsp;<strong>encarecimiento del d\u00f3lar ahorro<\/strong>, un nuevo tipo de cambio diferencial a<strong>&nbsp;$340 para alentar las exportaciones&nbsp;<\/strong>y un aumento sobre los&nbsp;<strong>impuestos a las importaciones<\/strong>. Este martes, todos los candidatos presidenciales estuvieron en La Rural, donde expusieron sus propuestas de gobierno y sus cuestionamientos a la m\u00e1s reciente decisi\u00f3n del Palacio de Hacienda.<\/p>\n\n\n\n<p><\/p>\n\n\n\n<p>\u201cEsta telenovela de decisiones que no sabemos bien de qu\u00e9 se trata&nbsp;<strong>sigue atentando contra la previsibilidad de la Argentina<\/strong>\u201d, afirm\u00f3 Horacio Rodr\u00edguez Larreta, durante su exposici\u00f3n.<\/p>\n\n\n\n<p>\u201cToda medida que tome este Gobierno, esta mara\u00f1a de parche tras parche de anuncios que no sabemos bien lo que se entiende,&nbsp;<strong>toda medida que opere sobre los ingresos futuros la vamos a revisar<\/strong>. No es serio que hoy est\u00e9n tratando de salvarse adelantando fondos del presupuesto del a\u00f1o que viene\u201d, advirti\u00f3 el jefe de gobierno porte\u00f1o, desde la perspectiva de un posible gobierno desde diciembre.<\/p>\n\n\n\n<figure class=\"wp-block-image\"><img decoding=\"async\" src=\"https:\/\/tn.com.ar\/resizer\/FiqEMfs68i4Kar9dONUWz50Zxng=\/767x0\/smart\/filters:format(webp)\/cloudfront-us-east-1.images.arcpublishing.com\/artear\/LIE3M5VATGUVEHCEDWQOJKNT24.jpg\" alt=\"Sergio Massa, ministro de Econom\u00eda argentino y precandidato presidencial del oficialismo, en conversatorio en la exposici\u00f3n anual de la Sociedad Rural. (AP Foto\/Natacha Pisarenko)\"\/><figcaption class=\"wp-element-caption\">Sergio Massa, ministro de Econom\u00eda argentino y precandidato presidencial del oficialismo, en conversatorio en la exposici\u00f3n anual de la Sociedad Rural. (AP Foto\/Natacha Pisarenko)Por:&nbsp;<strong>AP<\/strong><\/figcaption><\/figure>\n\n\n\n<p>En el equipo econ\u00f3mico de Patricia Bullrich dan por descontado que las nuevas medidas traer\u00e1n aparejadas un&nbsp;<strong>aumento inflacionario<\/strong>&nbsp;y la precandidata presidencial volvi\u00f3 a prometer una&nbsp;<strong>r\u00e1pida salida del cepo<\/strong>&nbsp;cambiario.<\/p>\n\n\n\n<p>\u201cVivimos en un pa\u00eds que necesita siempre d\u00f3lares y lo \u00fanico que se hace es ponerle un freno. Se puso un&nbsp;<strong>cepo al d\u00f3lar que ha destruido y se ha comido todas las reservas<\/strong>. El cepo es un Pac-Man, en este \u00faltimo a\u00f1o se llev\u00f3 18.000 millones de d\u00f3lares, que en vez de estar en el pueblo se fue para mantener un cepo rid\u00edculo que ha empobrecido a todos y ha dejado un banco central con cero reservas\u201d, dijo.<\/p>\n\n\n\n<p>\u201cNosotros somos conscientes cuando decimos que&nbsp;<strong>hay que sacar el cepo de manera inmediata<\/strong>, porque de lo contrario, los que tienen que invertir van a estar un a\u00f1o m\u00e1s sin hacerlo, esperando a que se levante.&nbsp;<strong>Si sacamos el cepo en un a\u00f1o, perdemos un a\u00f1o<\/strong>. Vamos a ir con las medidas desde el primer d\u00eda\u201d, agreg\u00f3.<\/p>\n\n\n\n<figure class=\"wp-block-image\"><img decoding=\"async\" src=\"https:\/\/tn.com.ar\/resizer\/BaESQKlnSW00qTjtelOBnYzgVSU=\/767x0\/smart\/filters:format(webp)\/cloudfront-us-east-1.images.arcpublishing.com\/artear\/XIOX46WUXNCJLDFMF5Y2XKAVNE.jpg\" alt=\"Horacio Rodr\u00edguez Larreta critic\u00f3 las medidas econ\u00f3micas del Gobierno tras el preacuerdo con el FMI: &quot;Basta de parches&quot; (Foto: NA - Dami\u00e1n Dopacio).\"\/><figcaption class=\"wp-element-caption\">Horacio Rodr\u00edguez Larreta critic\u00f3 las medidas econ\u00f3micas del Gobierno tras el preacuerdo con el FMI: &#8220;Basta de parches&#8221; (Foto: NA &#8211; Dami\u00e1n Dopacio).<\/figcaption><\/figure>\n\n\n\n<p>Las definiciones de la candidata a presidente volvieron a dejar en claro las&nbsp;<strong>diferencias que mantiene con su contrincante<\/strong>&nbsp;en la interna opositora, que se definir\u00e1 el pr\u00f3ximo 13 de agosto en las PASO.<\/p>\n\n\n\n<p>Larreta tambi\u00e9n anunci\u00f3 que si gana las elecciones eliminar\u00e1 el cepo, pero&nbsp;<strong>apunt\u00f3, sin nombrarla, contra Bullrich<\/strong>: \u201cTenemos que ir a un tipo de cambio \u00fanico, pero no el primer d\u00eda. El&nbsp;<strong>que venga ac\u00e1 y diga que va a unificar el primer d\u00eda, no es serio<\/strong>, porque no hay d\u00f3lares en el Banco Central, necesitamos recomponer reservas y volver a construir confianza\u201d, advirti\u00f3.<\/p>\n\n\n\n<p>En paralelo, uno de los economistas m\u00e1s escuchados por los presidenciables del PRO,&nbsp;<strong>Carlos Melconian<\/strong>, tambi\u00e9n se encarg\u00f3 de cargar contra las recientes medidas tomadas por el ministro y candidato de Uni\u00f3n por la Patria, Sergio Massa: \u201cEsto est\u00e1 mal desde el minuto cero, porque la telara\u00f1a cambiaria que armaste no ten\u00eda&nbsp;<strong>ninguna forma de terminar bien<\/strong>\u201d, sostuvo.<\/p>\n\n\n\n<figure class=\"wp-block-image\"><img decoding=\"async\" src=\"https:\/\/tn.com.ar\/resizer\/3E9NieMs7vWsltVNQSzTTlBMyLI=\/767x0\/smart\/filters:format(webp)\/cloudfront-us-east-1.images.arcpublishing.com\/artear\/AD7W6IGV35HYBGFQMT5KKPILUA.jpg\" alt=\"Patricia Bullrich ratific\u00f3 que si gana las elecciones levantar\u00e1 el primer d\u00eda el cepo cambiario (Foto: NA - Dami\u00e1n Dopacio).\"\/><figcaption class=\"wp-element-caption\">Patricia Bullrich ratific\u00f3 que si gana las elecciones levantar\u00e1 el primer d\u00eda el cepo cambiario (Foto: NA &#8211; Dami\u00e1n Dopacio).<\/figcaption><\/figure>\n\n\n\n<p>\u201cLo que est\u00e1 claro ac\u00e1 es que la&nbsp;<strong>administraci\u00f3n actual quiere llegar a las PASO sin devaluar<\/strong>,&nbsp;<strong>no quiere llegar rompiendo con el FMI<\/strong>. No quiere que la brecha se le escape de una magnitud \u2018aceptable\u2019. Y con todo eso tiene una inercia de US$100 millones de p\u00e9rdida por d\u00eda que no puede parar, y los vencimientos de deuda, sin reservas. Es una situaci\u00f3n muy compleja\u201d, agreg\u00f3 el economista de la Fundaci\u00f3n Mediterr\u00e1nea.<\/p>\n\n\n\n<p>Alfonso Prat Gay, exministro de Hacienda de Mauricio Macri y economista de referencia de la Coalici\u00f3n C\u00edvica, calific\u00f3 las medidas de Massa como una \u201cdevaluaci\u00f3n encubierta\u201d: \u201c<strong>Lo llaman Paquete Fiscal<\/strong>&#8230;pero son todas medidas cambiarias! Si en cada medida alguno paga m\u00e1s pesos o recibe m\u00e1s pesos por cada d\u00f3lar se llama&nbsp;<strong>DEVALUACI\u00d3N<\/strong>. \u2018Eso es pan para hoy y hambre para ma\u00f1ana\u2019 grita el campe\u00f3n mundial en patear los&nbsp;<strong>problemas para adelante y no resolver NADA<\/strong>\u201d, expres\u00f3 en Twitter, con una imagen de un panqueque, en alusi\u00f3n a Sergio Massa.<\/p>\n\n\n\n<p>Pero no solo hubo cr\u00edticas de Juntos por el Cambio. Tambi\u00e9n&nbsp;<strong>Javier Milei<\/strong>&nbsp;aprovech\u00f3 su visita a la Rural para cuestionar las medidas econ\u00f3micas del ministro candidato. \u201cEste Gobierno no entiende el valor del sistema de precios y trata de corregir de manera violenta lo que no le gusta, cuando lo que est\u00e1 haciendo es&nbsp;<strong>distorsionando la se\u00f1al de precios<\/strong>, maltratar la asignaci\u00f3n de recursos, hundirnos y&nbsp;<strong>comprar una crisis m\u00e1s fuerte hacia adelante<\/strong>\u201d, indic\u00f3.<\/p>\n\n\n\n<figure class=\"wp-block-image\"><img decoding=\"async\" src=\"https:\/\/tn.com.ar\/resizer\/EIuDoNcML6ckayCxcpvwSXX4euM=\/767x0\/smart\/filters:format(webp)\/cloudfront-us-east-1.images.arcpublishing.com\/artear\/XVPU4IR5UQ5EHVJIKSZ2WYQY2A.jpg\" alt=\"Javier Milei expuso en la exposici\u00f3n de La Rural REUTERS\/Matias Baglietto\"\/><figcaption class=\"wp-element-caption\">Javier Milei expuso en la exposici\u00f3n de La Rural REUTERS\/Matias BagliettoPor:&nbsp;<strong>REUTERS<\/strong><\/figcaption><\/figure>\n\n\n\n<p>\u201cLa&nbsp;<strong>situaci\u00f3n con el FMI es precaria<\/strong>, Argentina no ha logrado cumplir las metas fiscales, las metas monetarias y adem\u00e1s est\u00e1 muy lejos en t\u00e9rminos de reservas internacionales netas\u201d, agreg\u00f3 el libertario.<\/p>\n\n\n\n<p>En el equipo del cordob\u00e9s&nbsp;<strong>Juan Schiaretti<\/strong>, otro de los candidatos presidenciables que competir\u00e1n en agosto, graficaron al paquete de medidas de Massa como \u201c<strong>parche sobre parche\u201d&nbsp;<\/strong>con los que el oficialismo apuesta a&nbsp;<strong>llegar al menos hasta las PASO&nbsp;<\/strong>sin un agravamiento serio de la crisis.<\/p>\n\n\n\n<p>\u201cMassa es un\u00a0<strong>doble desesperado, como ministro<\/strong>\u00a0de Econom\u00eda y\u00a0<strong>candidato\u00a0<\/strong>a presidente, que ya no sabe qu\u00e9 hacer para sacar alg\u00fan conejo de la galera que le d\u00e9 una\u00a0<strong>bocanada m\u00e1s de ox\u00edgeno<\/strong>. Son p\u00e9simas las medidas. Para la PASO faltan tres semanas, uno podr\u00eda pensar que van a llegar sin problemas, pero la inestabilidad y la profundidad de la crisis es grave\u201d, se\u00f1al\u00f3 uno de los principales dirigentes del armado del gobernador peronista.<\/p>\n\n\n\n<p>Fuente: TN<\/p>\n","protected":false},"excerpt":{"rendered":"<div class=\"mh-excerpt\"><p>\u201cOperativo llegar\u201d, \u201cdevaluaci\u00f3n encubierta\u201d, \u201cparche sobre parche\u201d: las&nbsp;medidas que tom\u00f3 Sergio Massa&nbsp;para intentar frenar el drenaje de reservas del Banco Central y aumentar la recaudaci\u00f3n, en plena negociaci\u00f3n con el FMI, fueron duramente cuestionadas por los&nbsp;candidatos presidenciales de la oposici\u00f3n. La decisi\u00f3n oficial reabri\u00f3, por otra parte, la&nbsp;disputa interna entre Horacio Rodr\u00edguez Larreta y Patricia Bullirch respecto a c\u00f3mo salir del cepo. Juntos por el Cambio volvi\u00f3 a mostrarse alerta porque las&nbsp;decisiones econ\u00f3micas condicionen&nbsp;a un potencial pr\u00f3ximo gobierno. El paquete de medidas incluy\u00f3, en los hechos, un&nbsp;encarecimiento del d\u00f3lar ahorro, un nuevo tipo de cambio diferencial a&nbsp;$340 para alentar las <a class=\"mh-excerpt-more\" href=\"http:\/\/dsrmedios.com.ar\/diario\/archivos\/37374\" title=\"Las medidas de Massa despertaron cr\u00edticas de la oposici\u00f3n y reabrieron la disputa en JxC por el cepo cambiario\">[Leer m\u00e1s]<\/a><\/p>\n<\/div>","protected":false},"author":8,"featured_media":37375,"comment_status":"open","ping_status":"closed","sticky":false,"template":"","format":"standard","meta":{"_jetpack_newsletter_access":""},"categories":[6],"tags":[],"jetpack_featured_media_url":"http:\/\/dsrmedios.com.ar\/diario\/wp-content\/uploads\/2023\/07\/descarga-39.jpg","jetpack_sharing_enabled":true,"jetpack_shortlink":"https:\/\/wp.me\/p9fihK-9IO","_links":{"self":[{"href":"http:\/\/dsrmedios.com.ar\/diario\/wp-json\/wp\/v2\/posts\/37374"}],"collection":[{"href":"http:\/\/dsrmedios.com.ar\/diario\/wp-json\/wp\/v2\/posts"}],"about":[{"href":"http:\/\/dsrmedios.com.ar\/diario\/wp-json\/wp\/v2\/types\/post"}],"author":[{"embeddable":true,"href":"http:\/\/dsrmedios.com.ar\/diario\/wp-json\/wp\/v2\/users\/8"}],"replies":[{"embeddable":true,"href":"http:\/\/dsrmedios.com.ar\/diario\/wp-json\/wp\/v2\/comments?post=37374"}],"version-history":[{"count":1,"href":"http:\/\/dsrmedios.com.ar\/diario\/wp-json\/wp\/v2\/posts\/37374\/revisions"}],"predecessor-version":[{"id":37376,"href":"http:\/\/dsrmedios.com.ar\/diario\/wp-json\/wp\/v2\/posts\/37374\/revisions\/37376"}],"wp:featuredmedia":[{"embeddable":true,"href":"http:\/\/dsrmedios.com.ar\/diario\/wp-json\/wp\/v2\/media\/37375"}],"wp:attachment":[{"href":"http:\/\/dsrmedios.com.ar\/diario\/wp-json\/wp\/v2\/media?parent=37374"}],"wp:term":[{"taxonomy":"category","embeddable":true,"href":"http:\/\/dsrmedios.com.ar\/diario\/wp-json\/wp\/v2\/categories?post=37374"},{"taxonomy":"post_tag","embeddable":true,"href":"http:\/\/dsrmedios.com.ar\/diario\/wp-json\/wp\/v2\/tags?post=37374"}],"curies":[{"name":"wp","href":"https:\/\/api.w.org\/{rel}","templated":true}]}}