{"id":37370,"date":"2023-07-24T18:15:53","date_gmt":"2023-07-24T21:15:53","guid":{"rendered":"http:\/\/dsrmedios.com.ar\/diario\/?p=37370"},"modified":"2023-07-24T18:15:57","modified_gmt":"2023-07-24T21:15:57","slug":"nuevo-impuesto-a-las-importaciones-van-a-aumentar-celulares-computadoras-y-productos-de-electronica","status":"publish","type":"post","link":"http:\/\/dsrmedios.com.ar\/diario\/archivos\/37370","title":{"rendered":"Nuevo impuesto a las importaciones: \u00bfvan a aumentar celulares, computadoras y productos de electr\u00f3nica?"},"content":{"rendered":"\n<p>Las empresas y los expertos creen que los impuestos a las importaciones de servicios provocar\u00e1n un aumento en los precios de los productos alcanzados por las medidas anunciadas por el Gobierno para tratar de llegar a un acuerdo con el Fondo Monetario Internacional (FMI).<\/p>\n\n\n\n<p>El tributarista&nbsp;<strong>Sebasti\u00e1n Dom\u00ednguez<\/strong>&nbsp;indic\u00f3 que \u201cel Gobierno eligi\u00f3 aplicar el Impuesto PAIS por Decreto en lugar de aumentar el tipo de cambio y devaluar el peso. El problema es que la inconstitucionalidad del Decreto podr\u00eda llevar a que existan empresas decidan judicializar su aplicaci\u00f3n\u201d.<\/p>\n\n\n\n<p>\u201cLa aplicaci\u00f3n del Impuesto PAIS golpear\u00e1 sobre los costos de las empresas y se terminar\u00e1 trasladando a precios con la correspondiente aceleraci\u00f3n de la inflaci\u00f3n que golpear\u00e1 sobre los bolsillos de los argentinos\u201d, indic\u00f3 Dom\u00ednguez.<\/p>\n\n\n\n<p>Adem\u00e1s, sostuvo que \u201cse genera otro problema que puede poner en riesgo la econom\u00eda de muchas empresas. Son aquellas a las que se les ha generado una deuda por importaciones de bienes y servicios que no han podido pagar ante la falta de aprobaci\u00f3n de las Declaraciones SIRA y\/o SIRASE\u201d.<\/p>\n\n\n\n<p>\u201cEsto implica que las empresas deber\u00e1n asumir el costo adicional del Impuesto PAIS, en general 25% para servicios y 7,5% para bienes, es un costo que no hab\u00edan considerado en sus precios al momento de vender bienes y prestar servicios. Este mayor costo, incluso se da en empresas que colocaban los pesos en instrumentos D\u00f3lar Link esperando que, si hab\u00eda una devaluaci\u00f3n, el ajuste del valor de las inversiones acompa\u00f1ara la misma\u201d, indic\u00f3 Dom\u00ednguez.<\/p>\n\n\n\n<p><img decoding=\"async\" loading=\"lazy\" alt=\"\u201cEstamos con una serie de reuniones para determinar a qu\u00e9 tipos de insumos alcanza. Lo estamos analizando\u201d, dijeron en Afarte\" height=\"360\" width=\"600\" src=\"https:\/\/www.infobae.com\/new-resizer\/ToMm1-vSiJJ0u0dqtKuMnLOPbwU=\/arc-anglerfish-arc2-prod-infobae\/public\/4PUBG5TPTZEKDABRN5OJNTGOEQ\" srcset=\"https:\/\/www.infobae.com\/new-resizer\/uMiwtiyqcYNZPEf-6O3GhYtG2Rk=\/992x606\/filters:format(webp):quality(85)\/arc-anglerfish-arc2-prod-infobae.s3.amazonaws.com\/public\/4PUBG5TPTZEKDABRN5OJNTGOEQ 992w\">\u201cEstamos con una serie de reuniones para determinar a qu\u00e9 tipos de insumos alcanza. Lo estamos analizando\u201d, dijeron en Afarte<\/p>\n\n\n\n<p>\u201cEl tema es que el Gobierno mantiene el tipo de cambio oficial y esos instrumentos D\u00f3lar Link no se ajustar\u00e1n al nuevo valor del D\u00f3lar Importaci\u00f3n\u201d, indic\u00f3.<\/p>\n\n\n\n<p>Su par&nbsp;<strong>Mariano Ghirardotti&nbsp;<\/strong>dijo que \u201clas medidas de hoy, sumada al enojo de los empresarios (que adem\u00e1s de las noticias de hoy llevan mas de cuarenta d\u00edas esperando que se aprueben nuevas SIRAS), sin duda tendr\u00e1n impacto en precios, si bien muchos importadores ya hab\u00edan cambiado sus precios a valor d\u00f3lar MEP, dado que desconoc\u00edan el d\u00f3lar al que deber\u00edan cancelar a proveedores del exterior, este mayor valor ya fue trasladado al consumidor, o bien lo ser\u00e1 de ahora en mas\u201d.<\/p>\n\n\n\n<p>\u201cEn definitiva quien pagar\u00e1 este aumento de los costos es sin duda el consumidor (el argentino de a pie), dado que le impuesto se traslada a precios, y el que termina pagando un mayor importe es el que consume, sin duda esto implicara una retracci\u00f3n de la demanda, lo cual implicara profundizar la recesi\u00f3n, y quien no pueda trasladar hacia adelante (precios) lo har\u00e1 hacia atr\u00e1s (reduciendo sueldos, honorarios, compras e inversiones)\u201d, indic\u00f3.<\/p>\n\n\n\n<p>Por otro lado \u201ces de destacar la incertidumbre reinante en cuando a los vencimientos con el FMI de esta semana, y el cuestionamiento jur\u00eddico desde la doctrina a la validez de incorporar un hecho imponible al impuesto pa\u00eds por decreto. Lo mas importante es que rompe los contratos econ\u00f3micos que dan previsibilidad al funcionamiento de las empresas, hasta hoy los contratos de Rofex y los bonos d\u00f3lar link (tanto del estado como de emisiones privadas, le daban a las empresas la posibilidad de seguro de cambio, caro o barato, pero eran contratos entre privados ) , tanto para exportadores como para importadores. Sin contratos no hay econom\u00eda viable\u201d.<\/p>\n\n\n\n<h2>La visi\u00f3n de la industria<\/h2>\n\n\n\n<p>Si bien se la mencionaba desde hace varias semanas como una alternativa concreta, la medida fue recibida con relativa sorpresa en el sector de electr\u00f3nica y celulares. Hoy fue una ma\u00f1ana de intensas reuniones destinadas a analizar los anuncios y estimar el real impacto que tendr\u00e1n en el sector; en concreto, si habr\u00e1 traslados a los precios de los productos.<\/p>\n\n\n\n<p>\u201cEstamos con una serie de reuniones para determinar a qu\u00e9 tipos de insumos alcanza. Lo estamos analizando\u201d, dijeron en la Asociaci\u00f3n de Fabricantes Argentinos de Terminales de Electr\u00f3nica (Afarte), que nuclea a las empresas que fabrican en Tierra del Fuego.<\/p>\n\n\n\n<p>\u201cNo tenemos comentarios\u201d, destacaron desde uno de los principales fabricantes de celulares del pa\u00eds. \u201cEs l\u00f3gico si hay traslado a precios, aunque no podr\u00eda decir desde cu\u00e1ndo, lo estamos definiendo. Por ahora, hay Precios Justos hasta agosto\u201d, dijeron desde otro de los grandes del mercado m\u00f3vil en referencia al plan oficial que sum\u00f3 este a\u00f1o nuevamente a los smartphones. \u201cQuiz\u00e1s alguna fabricante puede aguantar un poco y no trasladar tanto, es un sector competitivo al que no le gusta tanto subir los precios. Claro, a veces no queda otra\u201d, destac\u00f3 otro jugador del sector, esta vez vinculado al retail.<\/p>\n\n\n\n<p>\u201cEstamos analizando el impacto\u201d, detallaron desde otra de las empresas que est\u00e1n instaladas en la isla. \u201cHay que ver si es para bienes de consumo y qu\u00e9 pasa cuando se exportan al continente. Tambi\u00e9n hay resta saber si la medida ser\u00e1 para los despachos nuevos y impacta tambi\u00e9n en los despachos ya ingresados, pendientes de pago por los plazos de las Sira. Lo cierto es que hoy est\u00e1 todo paralizado, en todos los sistemas, no se est\u00e1n haciendo transacciones. El 7,5% no parece tan grave, nos lo tomamos casi con alegr\u00eda\u201d, ironiz\u00f3 el CEO de la compa\u00f1\u00eda. \u201cEn rigor no es una cifra que deja a nadie afuera del juego. Lo que s\u00ed pasar\u00e1 que ir\u00e1 todo a precio. \u00bfCu\u00e1nto? Estimamos que un 5 por ciento, que en este contexto inflacionario no parece cambiar mucho\u201d, dijo.<\/p>\n\n\n\n<p>\u201cPor lo que se sabe, se aplicar\u00eda el impuesto a las importaciones para Tierra del Fuego. Si es as\u00ed, l\u00f3gicamente que subir\u00e1n los costos y, previsiblemente, los precios. No parece algo de vida o muerte para la producci\u00f3n all\u00ed. Quiz\u00e1s hagan traslado parcial inicialmente: no ser\u00eda un 7,5% directo sobre el costo final, sino s\u00f3lo sobre los costos en d\u00f3lares\u201d, asegur\u00f3 el analista y consultor<strong>\u00a0Enrique Carrier.<\/strong><\/p>\n\n\n\n<p>Fuente: Infobae<\/p>\n","protected":false},"excerpt":{"rendered":"<div class=\"mh-excerpt\"><p>Las empresas y los expertos creen que los impuestos a las importaciones de servicios provocar\u00e1n un aumento en los precios de los productos alcanzados por las medidas anunciadas por el Gobierno para tratar de llegar a un acuerdo con el Fondo Monetario Internacional (FMI). El tributarista&nbsp;Sebasti\u00e1n Dom\u00ednguez&nbsp;indic\u00f3 que \u201cel Gobierno eligi\u00f3 aplicar el Impuesto PAIS por Decreto en lugar de aumentar el tipo de cambio y devaluar el peso. El problema es que la inconstitucionalidad del Decreto podr\u00eda llevar a que existan empresas decidan judicializar su aplicaci\u00f3n\u201d. \u201cLa aplicaci\u00f3n del Impuesto PAIS golpear\u00e1 sobre los costos de las empresas y <a class=\"mh-excerpt-more\" href=\"http:\/\/dsrmedios.com.ar\/diario\/archivos\/37370\" title=\"Nuevo impuesto a las importaciones: \u00bfvan a aumentar celulares, computadoras y productos de electr\u00f3nica?\">[Leer m\u00e1s]<\/a><\/p>\n<\/div>","protected":false},"author":8,"featured_media":8631,"comment_status":"open","ping_status":"closed","sticky":false,"template":"","format":"standard","meta":{"_jetpack_newsletter_access":""},"categories":[6],"tags":[],"jetpack_featured_media_url":"http:\/\/dsrmedios.com.ar\/diario\/wp-content\/uploads\/2018\/10\/celulares.jpg","jetpack_sharing_enabled":true,"jetpack_shortlink":"https:\/\/wp.me\/p9fihK-9IK","_links":{"self":[{"href":"http:\/\/dsrmedios.com.ar\/diario\/wp-json\/wp\/v2\/posts\/37370"}],"collection":[{"href":"http:\/\/dsrmedios.com.ar\/diario\/wp-json\/wp\/v2\/posts"}],"about":[{"href":"http:\/\/dsrmedios.com.ar\/diario\/wp-json\/wp\/v2\/types\/post"}],"author":[{"embeddable":true,"href":"http:\/\/dsrmedios.com.ar\/diario\/wp-json\/wp\/v2\/users\/8"}],"replies":[{"embeddable":true,"href":"http:\/\/dsrmedios.com.ar\/diario\/wp-json\/wp\/v2\/comments?post=37370"}],"version-history":[{"count":1,"href":"http:\/\/dsrmedios.com.ar\/diario\/wp-json\/wp\/v2\/posts\/37370\/revisions"}],"predecessor-version":[{"id":37371,"href":"http:\/\/dsrmedios.com.ar\/diario\/wp-json\/wp\/v2\/posts\/37370\/revisions\/37371"}],"wp:featuredmedia":[{"embeddable":true,"href":"http:\/\/dsrmedios.com.ar\/diario\/wp-json\/wp\/v2\/media\/8631"}],"wp:attachment":[{"href":"http:\/\/dsrmedios.com.ar\/diario\/wp-json\/wp\/v2\/media?parent=37370"}],"wp:term":[{"taxonomy":"category","embeddable":true,"href":"http:\/\/dsrmedios.com.ar\/diario\/wp-json\/wp\/v2\/categories?post=37370"},{"taxonomy":"post_tag","embeddable":true,"href":"http:\/\/dsrmedios.com.ar\/diario\/wp-json\/wp\/v2\/tags?post=37370"}],"curies":[{"name":"wp","href":"https:\/\/api.w.org\/{rel}","templated":true}]}}