{"id":3733,"date":"2018-01-23T08:49:24","date_gmt":"2018-01-23T11:49:24","guid":{"rendered":"http:\/\/dsrmedios.com.ar\/diario\/?p=3733"},"modified":"2018-01-23T08:49:37","modified_gmt":"2018-01-23T11:49:37","slug":"carhue-celebro-el-domingo-sus-141-anos-de-vida-institucional-social-y-cultural","status":"publish","type":"post","link":"http:\/\/dsrmedios.com.ar\/diario\/archivos\/3733","title":{"rendered":"Carhu\u00e9 celebr\u00f3 el domingo sus 141 a\u00f1os de vida institucional, social y cultural"},"content":{"rendered":"<p>&nbsp;<\/p>\n<p>Una multitud particip\u00f3 de la celebraci\u00f3n del aniversario 141 de Carhu\u00e9 en la Plaza Nicol\u00e1s Levalle.<br \/>\nMemphis la Blusera fue el show principal de los festejos . La legendaria banda argentina recorri\u00f3 basto repertorio y finaliz\u00f3 con sus grandes \u00e9xitos que hicieron bailar a grandes y chicos.<br \/>\nMemphis hizo valer su experiencia y talento musical, con un recital que fue el deleite de los amantes de la m\u00fasica. Improvisaron una versi\u00f3n del feliz cumplea\u00f1os para Carhu\u00e9 que result\u00f3 magn\u00edfica.<br \/>\nEn la previa el grupo Zelen fue la sorpresa de la noche, con un gran show de m\u00fasica y video. Los j\u00f3venes, oriundos de Buenos Aires, tocaron temas propios e hicieron covers de temas de rock nacional. Durante el show interactuaron con el p\u00fablico, hicieron regalos y se mostraron sorprendidos por el clima de fiesta popular que se vivi\u00f3 en la plaza.<br \/>\nLas cantinas de los clubes e instituciones hicieron un rico y variado patio de comidas, que complet\u00f3 la atracci\u00f3n con la feria de artesanos y juegos para chicos.<br \/>\nAdem\u00e1s durante la celebraci\u00f3n , en la Plaza se instal\u00f3 el Puesto M\u00f3vil del Registro Nacional de las Personas, que realiz\u00f3 DNI y Pasaportes; el laboratorio M\u00f3vil \u201cInfinito por Descubrir\u201d del Ministerio de Educaci\u00f3n de la Naci\u00f3n Direcci\u00f3n que llega Carhu\u00e9 a trav\u00e9s de Tecnolog\u00eda Educativa de la Provincia; y la muestra fotogr\u00e1fica: \u201cEpecu\u00e9n, el agua revelada&#8221;.<\/p>\n<p><a href=\"http:\/\/dsrmedios.com.ar\/diario\/wp-content\/uploads\/2018\/01\/ani1.jpg\"><img decoding=\"async\" loading=\"lazy\" class=\"aligncenter size-full wp-image-3734\" src=\"http:\/\/dsrmedios.com.ar\/diario\/wp-content\/uploads\/2018\/01\/ani1.jpg\" alt=\"\" width=\"1024\" height=\"683\" srcset=\"http:\/\/dsrmedios.com.ar\/diario\/wp-content\/uploads\/2018\/01\/ani1.jpg 1024w, http:\/\/dsrmedios.com.ar\/diario\/wp-content\/uploads\/2018\/01\/ani1-300x200.jpg 300w, http:\/\/dsrmedios.com.ar\/diario\/wp-content\/uploads\/2018\/01\/ani1-768x512.jpg 768w\" sizes=\"(max-width: 1024px) 100vw, 1024px\" \/><\/a><\/p>\n<p>En el escenario principal se hizo un reconocimiento a dos instituciones locales que celebran sus aniversarios en la misma fecha que la ciudad: el Centro de D\u00eda Mimos y la Casa de D\u00eda Evita.<br \/>\nAmbas instituciones cumplen una labor trascendental en materia de inclusi\u00f3n. El Centro de D\u00eda Mimos festeja sus 16 a\u00f1os con el subsidio de un mill\u00f3n y medio de pesos para construir su casa propia, un sue\u00f1o anhelado que, con colaboraci\u00f3n de la gesti\u00f3n municipal se logr\u00f3 antela Comisi\u00f3n Nacional de Discapacidad.<br \/>\nAl mismo tiempo se destac\u00f3 a la joven Camila Hinding quien recientemente fue elegida Reina Nacional de la Cebada Cervecera en la \u00faltima edici\u00f3n realizada d\u00edas atr\u00e1s en Pu\u00e1n. La joven soberana dirigi\u00f3 unas palabras y se mostr\u00f3 emocionada de poder representar una vez m\u00e1s a Carhu\u00e9.<br \/>\nAdem\u00e1s se realiz\u00f3 la premiaci\u00f3n de la segunda fecha del Triatl\u00f3n 6 ciudades que se realiz\u00f3 esa tarde en la Playa del Cristo de Carhu\u00e9.<\/p>\n<p>&nbsp;<\/p>\n","protected":false},"excerpt":{"rendered":"<div class=\"mh-excerpt\"><p>&nbsp; Una multitud particip\u00f3 de la celebraci\u00f3n del aniversario 141 de Carhu\u00e9 en la Plaza Nicol\u00e1s Levalle. Memphis la Blusera fue el show principal de los festejos . La legendaria banda argentina recorri\u00f3 basto repertorio y finaliz\u00f3 con sus grandes \u00e9xitos que hicieron bailar a grandes y chicos. Memphis hizo valer su experiencia y talento musical, con un recital que fue el deleite de los amantes de la m\u00fasica. Improvisaron una versi\u00f3n del feliz cumplea\u00f1os para Carhu\u00e9 que result\u00f3 magn\u00edfica. En la previa el grupo Zelen fue la sorpresa de la noche, con un gran show de m\u00fasica y video. <a class=\"mh-excerpt-more\" href=\"http:\/\/dsrmedios.com.ar\/diario\/archivos\/3733\" title=\"Carhu\u00e9 celebr\u00f3 el domingo sus 141 a\u00f1os de vida institucional, social y cultural\">[Leer m\u00e1s]<\/a><\/p>\n<\/div>","protected":false},"author":5,"featured_media":3735,"comment_status":"open","ping_status":"closed","sticky":false,"template":"","format":"standard","meta":{"_jetpack_newsletter_access":""},"categories":[5,1],"tags":[],"jetpack_featured_media_url":"http:\/\/dsrmedios.com.ar\/diario\/wp-content\/uploads\/2018\/01\/ani3.jpg","jetpack_sharing_enabled":true,"jetpack_shortlink":"https:\/\/wp.me\/p9fihK-Yd","_links":{"self":[{"href":"http:\/\/dsrmedios.com.ar\/diario\/wp-json\/wp\/v2\/posts\/3733"}],"collection":[{"href":"http:\/\/dsrmedios.com.ar\/diario\/wp-json\/wp\/v2\/posts"}],"about":[{"href":"http:\/\/dsrmedios.com.ar\/diario\/wp-json\/wp\/v2\/types\/post"}],"author":[{"embeddable":true,"href":"http:\/\/dsrmedios.com.ar\/diario\/wp-json\/wp\/v2\/users\/5"}],"replies":[{"embeddable":true,"href":"http:\/\/dsrmedios.com.ar\/diario\/wp-json\/wp\/v2\/comments?post=3733"}],"version-history":[{"count":1,"href":"http:\/\/dsrmedios.com.ar\/diario\/wp-json\/wp\/v2\/posts\/3733\/revisions"}],"predecessor-version":[{"id":3736,"href":"http:\/\/dsrmedios.com.ar\/diario\/wp-json\/wp\/v2\/posts\/3733\/revisions\/3736"}],"wp:featuredmedia":[{"embeddable":true,"href":"http:\/\/dsrmedios.com.ar\/diario\/wp-json\/wp\/v2\/media\/3735"}],"wp:attachment":[{"href":"http:\/\/dsrmedios.com.ar\/diario\/wp-json\/wp\/v2\/media?parent=3733"}],"wp:term":[{"taxonomy":"category","embeddable":true,"href":"http:\/\/dsrmedios.com.ar\/diario\/wp-json\/wp\/v2\/categories?post=3733"},{"taxonomy":"post_tag","embeddable":true,"href":"http:\/\/dsrmedios.com.ar\/diario\/wp-json\/wp\/v2\/tags?post=3733"}],"curies":[{"name":"wp","href":"https:\/\/api.w.org\/{rel}","templated":true}]}}