{"id":37318,"date":"2023-07-24T12:52:36","date_gmt":"2023-07-24T15:52:36","guid":{"rendered":"http:\/\/dsrmedios.com.ar\/diario\/?p=37318"},"modified":"2023-07-24T12:52:40","modified_gmt":"2023-07-24T15:52:40","slug":"la-oferta-record-que-recibio-psg-por-mbappe-desde-arabia-saudita-y-expectativa-por-una-llamada-con-el-barcelona","status":"publish","type":"post","link":"http:\/\/dsrmedios.com.ar\/diario\/archivos\/37318","title":{"rendered":"La oferta r\u00e9cord que recibi\u00f3 PSG por Mbapp\u00e9 desde Arabia Saudita y expectativa por una llamada con el Barcelona"},"content":{"rendered":"\n<p><strong>El futuro de Kylian Mbapp\u00e9 es incierto.&nbsp;<\/strong>Con un a\u00f1o m\u00e1s de contrato que lo une al PSG, el delantero estrella del conjunto parisino no viaj\u00f3 a la gira del equipo por Jap\u00f3n y se abri\u00f3 el interrogante de lo que suceder\u00e1 de cara a la pr\u00f3xima temporada. \u00bfEl club de Par\u00eds lo dejar\u00e1 sin jugar hasta mediados de 2024 o buscar\u00e1 una salida de Francia?<\/p>\n\n\n\n<figure class=\"wp-block-image\"><img decoding=\"async\" src=\"https:\/\/www.infobae.com\/new-resizer\/xVcW8nwCJOjl5PCn1gvHhnq8Bwk=\/filters:format(webp):quality(85)\/cloudfront-us-east-1.images.arcpublishing.com\/infobae\/E5CHRP2VZRGI3FIV347HS673X4.jpg\" alt=\"Kylian Mbapp\u00e9 del Paris Saint-Germain durante el partido contra Lyon en la liga francesa, el domingo 2 de abril de 2023, en Par\u00eds. (AP Foto\/Aurelien Morissard)\"\/><\/figure>\n\n\n\n<p>En las \u00faltimas horas, una noticia gener\u00f3 impacto en medio del conflicto que tiene el Par\u00eds Saint Germain con el atacante campe\u00f3n del mundo con su selecci\u00f3n en Rusia 2018. Seg\u00fan indic\u00f3 el diario franc\u00e9s&nbsp;<strong>L\u2019Equipe<\/strong>&nbsp;y el periodista experto en el mercado de pases en Europa&nbsp;<strong>Fabrizio Romano<\/strong>, un equipo de Arabia Saudita realiz\u00f3 la oferta m\u00e1s importante de todos los tiempos para quedarse con el futbolista.<\/p>\n\n\n\n<p><strong>Al Hilal<\/strong>, que viene de concretar el desembarco de Sergej Milinkovic-Savic, proveniente de la Lazio, y del senegal\u00e9s Kalidou Koulibaly, ex Chelsea,&nbsp;<strong>le ofreci\u00f3 al equipo parisino unos 300 millones de euros para hacerse con los servicios de Mbapp\u00e9<\/strong>. \u201cTarifa r\u00e9cord\u201d, destacaron en relaci\u00f3n a la nueva propuesta.<\/p>\n\n\n\n<p>Lo que remarc\u00f3 Romano en sus redes sociales es que&nbsp;<strong>el equipo saud\u00ed todav\u00eda no se puso en contacto con los agentes del delantero&nbsp;<\/strong>de 24 a\u00f1os que comenz\u00f3 su carrera en M\u00f3naco. Asimismo, el gur\u00fa de las transferencias explic\u00f3 que&nbsp;<strong>en el PSG creen que Kylian ya tiene un contrato arreglado con el Real Madrid<\/strong>, a la espera de lo que suceda con la decisi\u00f3n que se tomar\u00e1 sobre su futuro en la directiva que preside Nasser Al-Khela\u00effi. Por su parte,&nbsp;<em>AFP<\/em>&nbsp;indic\u00f3 que el club le dio v\u00eda libre al jugador para negociar con los \u00e1rabes por su ficha.<\/p>\n\n\n\n<p><img decoding=\"async\" loading=\"lazy\" alt=\"El futuro de Mbapp\u00e9 es incierto. \u00bfD\u00f3nde jugar\u00e1 la pr\u00f3xima temporada) (REUTERS\/Violeta Santos Moura)\" height=\"3375\" width=\"6000\" src=\"https:\/\/www.infobae.com\/new-resizer\/lDhf3HpcKZAfP7Z-4fWcR2REvC8=\/arc-anglerfish-arc2-prod-infobae\/public\/RAJWZ7XORZHB3HCQDTAHGTILNY\" srcset=\"https:\/\/www.infobae.com\/new-resizer\/SdPdMNUMK4CHNjBGAtnRWwuRjbo=\/420x236\/filters:format(webp):quality(85)\/cloudfront-us-east-1.images.arcpublishing.com\/infobae\/RAJWZ7XORZHB3HCQDTAHGTILNY 420w,https:\/\/www.infobae.com\/new-resizer\/BCg70UHSmKwO0XkkKfIo6z0Bpuk=\/768x432\/filters:format(webp):quality(85)\/cloudfront-us-east-1.images.arcpublishing.com\/infobae\/RAJWZ7XORZHB3HCQDTAHGTILNY 768w,https:\/\/www.infobae.com\/new-resizer\/OZX0u7A-gntw8N5La5F_e4bLeTk=\/992x558\/filters:format(webp):quality(85)\/cloudfront-us-east-1.images.arcpublishing.com\/infobae\/RAJWZ7XORZHB3HCQDTAHGTILNY 992w,https:\/\/www.infobae.com\/new-resizer\/BWyXbN9IFgobAbIrXNfZjttBlhs=\/1200x675\/filters:format(webp):quality(85)\/cloudfront-us-east-1.images.arcpublishing.com\/infobae\/RAJWZ7XORZHB3HCQDTAHGTILNY 1200w,https:\/\/www.infobae.com\/new-resizer\/FqyTIlktJcMLC4RJ0zdFIsf1Tb0=\/1440x810\/filters:format(webp):quality(85)\/cloudfront-us-east-1.images.arcpublishing.com\/infobae\/RAJWZ7XORZHB3HCQDTAHGTILNY 1440w\">El futuro de Mbapp\u00e9 es incierto. \u00bfD\u00f3nde jugar\u00e1 la pr\u00f3xima temporada) (REUTERS\/Violeta Santos Moura)<\/p>\n\n\n\n<p>El diario deportivo de Francia expres\u00f3 que Mbapp\u00e9 podr\u00eda esperar a que finalice su v\u00ednculo con el equipo parisino para luego firmar un contrato en condici\u00f3n de libre con el\u00a0<em>Merengue<\/em>, pero otro interesado en contar con sus servicios apareci\u00f3 en el radar del club que gan\u00f3 la \u00faltima edici\u00f3n de la\u00a0<em>Ligue 1\u00a0<\/em>y tiene como nuevo entrenador al espa\u00f1ol Luis Enrique<\/p>\n\n\n\n<p>El propio L\u2019Equipe inform\u00f3 que se espera que durante la jornada de este lunes 24 de julio se produzca&nbsp;<strong>una comunicaci\u00f3n entre dirigentes de PSG y Barcelona<\/strong>. \u201cQuiere poner jugadores en la operaci\u00f3n\u201d, indic\u00f3 el medio en su portal.&nbsp;<strong>\u201cAl Bar\u00e7a le gustar\u00eda poner en la balanza a varios futbolistas porque no tiene la financiaci\u00f3n para llevar a cabo una operaci\u00f3n de este tipo\u201d<\/strong>, relataron. De esta manera, habr\u00e1 que ver qui\u00e9nes podr\u00edan ser los elegidos por Xavi para que ingresen en un posible intercambio por Mbapp\u00e9.<\/p>\n\n\n\n<p>En medio de este escenario lleno de incertidumbre, y con el resto del plantel en su gira por Asia en la antesala del comienzo de la competencia oficial, otra de las variantes que estudia el Par\u00eds Saint Germain ser\u00eda la de ceder a otro equipo al famoso n\u00famero 7. Seg\u00fan notific\u00f3 la&nbsp;<em>Sky Sport<\/em>,&nbsp;<strong>desde las altas esferas de la instituci\u00f3n francesa valoran la salida a pr\u00e9stamo del delantero si otro club se hace cargo de su salario<\/strong>.<\/p>\n\n\n\n<p>Ante la aparici\u00f3n de esta nueva posibilidad para destrabar el conflicto entre las partes, el irse cedido a otro equipo se podr\u00eda interpretar como una nueva forma de presionar al jugador a que renueve su contrato. Si no, la intenci\u00f3n ser\u00eda que cumpla el v\u00ednculo fuera de Par\u00eds hasta que quede en libertad de acci\u00f3n con el pase en su poder.<\/p>\n\n\n\n<p>Fuente: Infobae<\/p>\n","protected":false},"excerpt":{"rendered":"<div class=\"mh-excerpt\"><p>El futuro de Kylian Mbapp\u00e9 es incierto.&nbsp;Con un a\u00f1o m\u00e1s de contrato que lo une al PSG, el delantero estrella del conjunto parisino no viaj\u00f3 a la gira del equipo por Jap\u00f3n y se abri\u00f3 el interrogante de lo que suceder\u00e1 de cara a la pr\u00f3xima temporada. \u00bfEl club de Par\u00eds lo dejar\u00e1 sin jugar hasta mediados de 2024 o buscar\u00e1 una salida de Francia? En las \u00faltimas horas, una noticia gener\u00f3 impacto en medio del conflicto que tiene el Par\u00eds Saint Germain con el atacante campe\u00f3n del mundo con su selecci\u00f3n en Rusia 2018. Seg\u00fan indic\u00f3 el diario franc\u00e9s&nbsp;L\u2019Equipe&nbsp;y <a class=\"mh-excerpt-more\" href=\"http:\/\/dsrmedios.com.ar\/diario\/archivos\/37318\" title=\"La oferta r\u00e9cord que recibi\u00f3 PSG por Mbapp\u00e9 desde Arabia Saudita y expectativa por una llamada con el Barcelona\">[Leer m\u00e1s]<\/a><\/p>\n<\/div>","protected":false},"author":8,"featured_media":37282,"comment_status":"open","ping_status":"closed","sticky":false,"template":"","format":"standard","meta":{"_jetpack_newsletter_access":""},"categories":[2],"tags":[],"jetpack_featured_media_url":"http:\/\/dsrmedios.com.ar\/diario\/wp-content\/uploads\/2023\/07\/https___therealchamps.com_wp-content_uploads_getty-images_2017_07_1436713160.jpeg","jetpack_sharing_enabled":true,"jetpack_shortlink":"https:\/\/wp.me\/p9fihK-9HU","_links":{"self":[{"href":"http:\/\/dsrmedios.com.ar\/diario\/wp-json\/wp\/v2\/posts\/37318"}],"collection":[{"href":"http:\/\/dsrmedios.com.ar\/diario\/wp-json\/wp\/v2\/posts"}],"about":[{"href":"http:\/\/dsrmedios.com.ar\/diario\/wp-json\/wp\/v2\/types\/post"}],"author":[{"embeddable":true,"href":"http:\/\/dsrmedios.com.ar\/diario\/wp-json\/wp\/v2\/users\/8"}],"replies":[{"embeddable":true,"href":"http:\/\/dsrmedios.com.ar\/diario\/wp-json\/wp\/v2\/comments?post=37318"}],"version-history":[{"count":1,"href":"http:\/\/dsrmedios.com.ar\/diario\/wp-json\/wp\/v2\/posts\/37318\/revisions"}],"predecessor-version":[{"id":37319,"href":"http:\/\/dsrmedios.com.ar\/diario\/wp-json\/wp\/v2\/posts\/37318\/revisions\/37319"}],"wp:featuredmedia":[{"embeddable":true,"href":"http:\/\/dsrmedios.com.ar\/diario\/wp-json\/wp\/v2\/media\/37282"}],"wp:attachment":[{"href":"http:\/\/dsrmedios.com.ar\/diario\/wp-json\/wp\/v2\/media?parent=37318"}],"wp:term":[{"taxonomy":"category","embeddable":true,"href":"http:\/\/dsrmedios.com.ar\/diario\/wp-json\/wp\/v2\/categories?post=37318"},{"taxonomy":"post_tag","embeddable":true,"href":"http:\/\/dsrmedios.com.ar\/diario\/wp-json\/wp\/v2\/tags?post=37318"}],"curies":[{"name":"wp","href":"https:\/\/api.w.org\/{rel}","templated":true}]}}