{"id":3730,"date":"2018-01-23T08:32:13","date_gmt":"2018-01-23T11:32:13","guid":{"rendered":"http:\/\/dsrmedios.com.ar\/diario\/?p=3730"},"modified":"2018-01-23T08:32:30","modified_gmt":"2018-01-23T11:32:30","slug":"los-docentes-bonaerenses-advierten-que-podrian-no-dar-comienzo-las-clases-en-2018","status":"publish","type":"post","link":"http:\/\/dsrmedios.com.ar\/diario\/archivos\/3730","title":{"rendered":"Los docentes bonaerenses advierten que podr\u00edan no dar comienzo las clases en 2018"},"content":{"rendered":"<p>Todos los a\u00f1os, pasa lo mismo. El inicio de las clases en tiempo y forma es uno de los temas que se lleva gran parte de la agenda medi\u00e1tica. Y, al parecer, 2018 no ser\u00e1 la excepci\u00f3n.<\/p>\n<p>Seg\u00fan advirti\u00f3 el secretario general de SUTEBA, Roberto Baradel, los docentes no se presentar\u00e1n en las aulas bajo las condiciones que pretenden imponer desde el Poder Ejecutivo. Es decir, aumentos del 15 por ciento.<\/p>\n<p>\u201cNo queremos definir el porcentaje que vamos a pedir pero es superior al 20%, con cl\u00e1usula gatillo\u201d, asegur\u00f3 en di\u00e1logo con Cadena R\u00edo (88.7) y advirti\u00f3 que \u201ccon este panorama a nivel nacional va a haber conflicto&#8221;.<\/p>\n<p>En esta l\u00ednea, Baradel apunt\u00f3 directamente contra el ministro de Educaci\u00f3n de la Naci\u00f3n, Alejandro Finocchiaro. \u201cQue siga hablando que nos beneficia con las cosas que est\u00e1 diciendo&#8221;, apunt\u00f3.<\/p>\n<p>\u201cLas tarifas aumentan un 70 por ciento, el impuesto inmobiliario un 56 por ciento. El reval\u00fao de las propiedades los va a alcanzar con Bienes Personales. Todo lo que sea poner la mano en el bolsillo de los trabajadores, lo hacen. No pueden seguir haciendo lo que est\u00e1n haciendo\u201d, a\u00f1adi\u00f3.<\/p>\n<p>&#8220;Lo peor que podemos hacer es resignarnos a no hacer nada y que esto pase sin pena ni gloria. Vamos a hacer una presentaci\u00f3n en la justicia Argentina y vamos a convocar a fin de Enero a los secretarios generales\u201d para analizar los pasos a seguir.<\/p>\n<p>Cabe destacar que la Confederaci\u00f3n de Educadores de la Rep\u00fablica Argentina (CTERA) denunci\u00f3 que Baradel, fue amenazado al recibir mensajes intimidatorios como &#8220;decidiste ser el enemigo, ahora te vamos a hacer desaparecer&#8221; o &#8220;se te acaba el tiempo para callarte y a nosotros la paciencia&#8221;.<\/p>\n<p>Tras responsabilizar al gobierno de Mauricio Macri por la seguridad del gremialista, CTERA replic\u00f3 de forma textual otro de los mensajes recibidos: &#8220;Te avisamos que no te metas m\u00e1s con el Gobierno. Ahora vamos por vos y tu sindicato. Pudiste ser parte de todo esto, pero decidiste ser el enemigo, ahora te vamos a hacer desaparecer&#8221;.<\/p>\n<p>fuente:www.latecla.com<\/p>\n","protected":false},"excerpt":{"rendered":"<div class=\"mh-excerpt\"><p>Todos los a\u00f1os, pasa lo mismo. El inicio de las clases en tiempo y forma es uno de los temas que se lleva gran parte de la agenda medi\u00e1tica. Y, al parecer, 2018 no ser\u00e1 la excepci\u00f3n. Seg\u00fan advirti\u00f3 el secretario general de SUTEBA, Roberto Baradel, los docentes no se presentar\u00e1n en las aulas bajo las condiciones que pretenden imponer desde el Poder Ejecutivo. Es decir, aumentos del 15 por ciento. \u201cNo queremos definir el porcentaje que vamos a pedir pero es superior al 20%, con cl\u00e1usula gatillo\u201d, asegur\u00f3 en di\u00e1logo con Cadena R\u00edo (88.7) y advirti\u00f3 que \u201ccon este <a class=\"mh-excerpt-more\" href=\"http:\/\/dsrmedios.com.ar\/diario\/archivos\/3730\" title=\"Los docentes bonaerenses advierten que podr\u00edan no dar comienzo las clases en 2018\">[Leer m\u00e1s]<\/a><\/p>\n<\/div>","protected":false},"author":5,"featured_media":3731,"comment_status":"open","ping_status":"closed","sticky":false,"template":"","format":"standard","meta":{"_jetpack_newsletter_access":""},"categories":[18,7],"tags":[],"jetpack_featured_media_url":"http:\/\/dsrmedios.com.ar\/diario\/wp-content\/uploads\/2018\/01\/baradel.jpg","jetpack_sharing_enabled":true,"jetpack_shortlink":"https:\/\/wp.me\/p9fihK-Ya","_links":{"self":[{"href":"http:\/\/dsrmedios.com.ar\/diario\/wp-json\/wp\/v2\/posts\/3730"}],"collection":[{"href":"http:\/\/dsrmedios.com.ar\/diario\/wp-json\/wp\/v2\/posts"}],"about":[{"href":"http:\/\/dsrmedios.com.ar\/diario\/wp-json\/wp\/v2\/types\/post"}],"author":[{"embeddable":true,"href":"http:\/\/dsrmedios.com.ar\/diario\/wp-json\/wp\/v2\/users\/5"}],"replies":[{"embeddable":true,"href":"http:\/\/dsrmedios.com.ar\/diario\/wp-json\/wp\/v2\/comments?post=3730"}],"version-history":[{"count":1,"href":"http:\/\/dsrmedios.com.ar\/diario\/wp-json\/wp\/v2\/posts\/3730\/revisions"}],"predecessor-version":[{"id":3732,"href":"http:\/\/dsrmedios.com.ar\/diario\/wp-json\/wp\/v2\/posts\/3730\/revisions\/3732"}],"wp:featuredmedia":[{"embeddable":true,"href":"http:\/\/dsrmedios.com.ar\/diario\/wp-json\/wp\/v2\/media\/3731"}],"wp:attachment":[{"href":"http:\/\/dsrmedios.com.ar\/diario\/wp-json\/wp\/v2\/media?parent=3730"}],"wp:term":[{"taxonomy":"category","embeddable":true,"href":"http:\/\/dsrmedios.com.ar\/diario\/wp-json\/wp\/v2\/categories?post=3730"},{"taxonomy":"post_tag","embeddable":true,"href":"http:\/\/dsrmedios.com.ar\/diario\/wp-json\/wp\/v2\/tags?post=3730"}],"curies":[{"name":"wp","href":"https:\/\/api.w.org\/{rel}","templated":true}]}}