{"id":37271,"date":"2023-07-21T13:53:46","date_gmt":"2023-07-21T16:53:46","guid":{"rendered":"http:\/\/dsrmedios.com.ar\/diario\/?p=37271"},"modified":"2023-07-21T13:53:50","modified_gmt":"2023-07-21T16:53:50","slug":"quien-es-benjamin-cremaschi-la-promesa-de-inter-miami-que-paso-por-la-seleccion-sub-20-de-argentina-y-cumplira-el-sueno-de-jugar-con-messi","status":"publish","type":"post","link":"http:\/\/dsrmedios.com.ar\/diario\/archivos\/37271","title":{"rendered":"Qui\u00e9n es Benjam\u00edn Cremaschi, la promesa de Inter Miami que pas\u00f3 por la Selecci\u00f3n Sub 20 de Argentina y cumplir\u00e1 el sue\u00f1o de jugar con Messi"},"content":{"rendered":"\n<p>A la espera del debut oficial de&nbsp;<strong>Lionel Messi<\/strong>&nbsp;en el&nbsp;<strong>Inter Miami&nbsp;<\/strong>este viernes ante el&nbsp;<strong>Cruz Azul&nbsp;<\/strong>por la&nbsp;<strong>Leagues Cup<\/strong>, en el estado de la Florida se vive una jornada especial desbordante de expectativas por ver unos minutos al astro en un equipo que estar\u00e1 en manos del&nbsp;<em><strong>Tata&nbsp;<\/strong><\/em><strong>Martino&nbsp;<\/strong>y que no atraviesa un auspisioso presente desde lo futbol\u00edstico en la MLS, donde est\u00e1 \u00faltimo en la Conferencia Este. Dentro de los talentos del plantel, que seguramente vivir\u00e1 una profunda reconstrucci\u00f3n, est\u00e1 la gran promesa del cuadro rosa:<strong>&nbsp;Benjam\u00edn Cremaschi<\/strong>.<\/p>\n\n\n\n<figure class=\"wp-block-image\"><img decoding=\"async\" src=\"https:\/\/www.infobae.com\/new-resizer\/JEi6XZJ5jYllTezwGAWeZh94cKQ=\/filters:format(webp):quality(85)\/cloudfront-us-east-1.images.arcpublishing.com\/infobae\/RCQS3XYHYFEJ7LWWZV4QXOXIXI.jpg\" alt=\"(@intermiamicf)\"\/><\/figure>\n\n\n\n<p>Nacido en la ciudad de Miami el 2 de marzo de 2005, el joven de 18 a\u00f1os es hijo de&nbsp;<strong>Pablo Cremaschi<\/strong>, un ex jugador de Los Pumas entre 1992 y 1995 y de&nbsp;<strong>Jimena Lara<\/strong>. Adem\u00e1s, dos de sus tres hermanos tambi\u00e9n nacieron en Argentina y&nbsp;<strong>la doble nacionalidad es una realidad dentro de la familia<\/strong>. Es m\u00e1s, el mediocampista recibi\u00f3 el llamado de&nbsp;<strong>Javier Mascherano&nbsp;<\/strong>en diciembre pasado para representar a la&nbsp;<em>Albiceleste<\/em>&nbsp;pero no pas\u00f3 el recorte final del&nbsp;<em>Jefecito<\/em>. Con constantes viajes al territorio nacional, ahora&nbsp;<strong>tendr\u00e1 la influencia de Messi para elegir la camiseta celeste y blanca<\/strong>&nbsp;sobre la del combinado norteamericano.<\/p>\n\n\n\n<p>En noviembre de 2022,&nbsp;<strong>Benjam\u00edn firm\u00f3 su primer contrato profesional luego de liderar al equipo Sub 17 del club<\/strong>, que es dirigido por&nbsp;<strong>Federico Higua\u00edn<\/strong>, en la conquista de la&nbsp;<em>Generation Cup<\/em>&nbsp;y de ser incluido en el equipo<em>&nbsp;MLS Next All-Star<\/em>. Al mismo tiempo, se destac\u00f3 con las selecciones juveniles de Estados Unidos. Durante la mayor parte de 2022, estuvo con la Sub 19 y, a finales de a\u00f1o, fue invitado a jugar con la Sub 20 en forma de sparring para ayudar a la mayor con la preparaci\u00f3n antes de la Copa del Mundo.<\/p>\n\n\n\n<p><img decoding=\"async\" loading=\"lazy\" alt=\"Pablo Cremaschi (derecha) junto a Mart\u00edn Grau en la gira de 1992 de Los Pumas donde debut\u00f3\" height=\"532\" width=\"724\" src=\"https:\/\/www.infobae.com\/new-resizer\/G7kQJ9LfCOI96utmC0q3x8w3TLI=\/arc-anglerfish-arc2-prod-infobae\/public\/PBEYEICYDVEF3G5NFM3KZQHJEE.jpg\" srcset=\"https:\/\/www.infobae.com\/new-resizer\/0wnVaT8MSUDNVkvlX6b9niMAesc=\/420x315\/filters:format(webp):quality(85)\/cloudfront-us-east-1.images.arcpublishing.com\/infobae\/PBEYEICYDVEF3G5NFM3KZQHJEE.jpg 420w,https:\/\/www.infobae.com\/new-resizer\/7wxsqY7QvWzA09nfF7N1irrZ3Bk=\/768x576\/filters:format(webp):quality(85)\/cloudfront-us-east-1.images.arcpublishing.com\/infobae\/PBEYEICYDVEF3G5NFM3KZQHJEE.jpg 768w,https:\/\/www.infobae.com\/new-resizer\/xovab9oz8zXWzfmdu-4ksQDn_18=\/992x744\/filters:format(webp):quality(85)\/cloudfront-us-east-1.images.arcpublishing.com\/infobae\/PBEYEICYDVEF3G5NFM3KZQHJEE.jpg 992w,https:\/\/www.infobae.com\/new-resizer\/WpI2YH3WVlCd-pTh5RCK_owspeY=\/1200x900\/filters:format(webp):quality(85)\/cloudfront-us-east-1.images.arcpublishing.com\/infobae\/PBEYEICYDVEF3G5NFM3KZQHJEE.jpg 1200w,https:\/\/www.infobae.com\/new-resizer\/MXFWuS2Ub6HWRAUVY0_EFCmei2w=\/1440x1080\/filters:format(webp):quality(85)\/cloudfront-us-east-1.images.arcpublishing.com\/infobae\/PBEYEICYDVEF3G5NFM3KZQHJEE.jpg 1440w\">Pablo Cremaschi (derecha) junto a Mart\u00edn Grau en la gira de 1992 de Los Pumas donde debut\u00f3<\/p>\n\n\n\n<p>El jugador recibi\u00f3 ofertas de varios clubes para avanzar en su carrera pero confi\u00f3 en el proceso del Inter Miami y se qued\u00f3.<strong>\u00a0\u201cTuve oportunidades de ir a otros sitios, pero nada me convenci\u00f3. No quer\u00eda dejar mi ciudad.<\/strong>\u00a0Sinceramente, es un honor poder representar al club. Estoy muy feliz por mi camino, pasar por la academia y vivir estas experiencias. Es algo que de ni\u00f1o esperaba y finalmente lleg\u00f3\u201d, explic\u00f3 a la hora de estampar la firma que lo une hasta fines de 2025<\/p>\n\n\n\n<p>A principios de marzo&nbsp;<strong>Cremaschi&nbsp;<\/strong>apareci\u00f3 por primera vez en la m\u00e1xima categor\u00eda durante una derrota por 1-0 ante el&nbsp;<strong>New York City<\/strong>. Ante el duro momento que atraviesa el club en el torneo, se gan\u00f3 la titularidad a base de buenos rendimientos y<strong>&nbsp;acumula un total de 687 minutos&nbsp;<\/strong>dentro del campo de juego en 12 partidos, de los cuales en ocho fue titular.<\/p>\n\n\n\n<p>Benjam\u00edn vivi\u00f3 toda su vida en Miami\u00a0<strong>pero sus padres son de la ciudad de Mendoza<\/strong>. Creci\u00f3 en el sur de Florida inmerso en la cultura argentina y el espa\u00f1ol es su primera lengua. De peque\u00f1o volv\u00eda a Argentina dos veces al a\u00f1o para visitar a su familia y\u00a0<strong>seguir absorbiendo la cultura albiceleste<\/strong>. Durante su estancia el territorio nacional en diciembre, fue testigo de las celebraciones de la gente por la consagraci\u00f3n en el Mundial Qatar 2022.<\/p>\n\n\n\n<p>Ahora Cremaschi est\u00e1 a las puertas de tomar una importante decisi\u00f3n al principio de su carrera:<strong>&nbsp;tanto Argentina como Estados Unidos siguen interesados en su talento.<\/strong>&nbsp;En primera instancia prefiri\u00f3 tomarse su tiempo para inclinarse por una camiseta.&nbsp;<em>Benja&nbsp;<\/em>sigue en contacto regular con ambas federaciones, pero est\u00e1 claro que, para que pueda ser convocado en el futuro con cualquiera de los dos pa\u00edses, por no hablar de tomar una decisi\u00f3n, todo empezar\u00e1 por triunfar en el Inter Miami.&nbsp;<strong>Y jugar con Lionel Messi es el primer paso en esa direcci\u00f3n<\/strong>.<\/p>\n\n\n\n<p><img decoding=\"async\" loading=\"lazy\" height=\"2118\" width=\"3177\" srcset=\"https:\/\/www.infobae.com\/new-resizer\/VJJ_-a-Iy-8QNdscrIrl6igRYkc=\/420x280\/filters:format(webp):quality(85)\/cloudfront-us-east-1.images.arcpublishing.com\/infobae\/OSZ6IKE6BIFI3JIBS7PHARSVZY.jpg 420w,https:\/\/www.infobae.com\/new-resizer\/inkIQuNa4sVmxBOZOjOVDS5trvI=\/768x512\/filters:format(webp):quality(85)\/cloudfront-us-east-1.images.arcpublishing.com\/infobae\/OSZ6IKE6BIFI3JIBS7PHARSVZY.jpg 768w,https:\/\/www.infobae.com\/new-resizer\/-3RteVeFQWl6cId8RMEE72oUEO8=\/992x661\/filters:format(webp):quality(85)\/cloudfront-us-east-1.images.arcpublishing.com\/infobae\/OSZ6IKE6BIFI3JIBS7PHARSVZY.jpg 992w,https:\/\/www.infobae.com\/new-resizer\/OQ6vkDoTeQESlglQDq97cDEKgZM=\/1200x800\/filters:format(webp):quality(85)\/cloudfront-us-east-1.images.arcpublishing.com\/infobae\/OSZ6IKE6BIFI3JIBS7PHARSVZY.jpg 1200w,https:\/\/www.infobae.com\/new-resizer\/LO3sc1cvxhDOM7MOqVFlT-eqzWo=\/1440x960\/filters:format(webp):quality(85)\/cloudfront-us-east-1.images.arcpublishing.com\/infobae\/OSZ6IKE6BIFI3JIBS7PHARSVZY.jpg 1440w\" src=\"https:\/\/www.infobae.com\/new-resizer\/UqWOYXZ0-tyVLjlZXn7BpiQkifo=\/arc-anglerfish-arc2-prod-infobae\/public\/OSZ6IKE6BIFI3JIBS7PHARSVZY.jpg\" alt=\"Titular en el equipo, su caracter\u00edstica box-to-box lo vuelve un jugador codiciado en el mercado (Foto: USA Today)\">Titular en el equipo, su caracter\u00edstica box-to-box lo vuelve un jugador codiciado en el mercado (Foto: USA Today)<\/p>\n\n\n\n<p>Fuente: Infobae<\/p>\n","protected":false},"excerpt":{"rendered":"<div class=\"mh-excerpt\"><p>A la espera del debut oficial de&nbsp;Lionel Messi&nbsp;en el&nbsp;Inter Miami&nbsp;este viernes ante el&nbsp;Cruz Azul&nbsp;por la&nbsp;Leagues Cup, en el estado de la Florida se vive una jornada especial desbordante de expectativas por ver unos minutos al astro en un equipo que estar\u00e1 en manos del&nbsp;Tata&nbsp;Martino&nbsp;y que no atraviesa un auspisioso presente desde lo futbol\u00edstico en la MLS, donde est\u00e1 \u00faltimo en la Conferencia Este. Dentro de los talentos del plantel, que seguramente vivir\u00e1 una profunda reconstrucci\u00f3n, est\u00e1 la gran promesa del cuadro rosa:&nbsp;Benjam\u00edn Cremaschi. Nacido en la ciudad de Miami el 2 de marzo de 2005, el joven de 18 a\u00f1os <a class=\"mh-excerpt-more\" href=\"http:\/\/dsrmedios.com.ar\/diario\/archivos\/37271\" title=\"Qui\u00e9n es Benjam\u00edn Cremaschi, la promesa de Inter Miami que pas\u00f3 por la Selecci\u00f3n Sub 20 de Argentina y cumplir\u00e1 el sue\u00f1o de jugar con Messi\">[Leer m\u00e1s]<\/a><\/p>\n<\/div>","protected":false},"author":8,"featured_media":37272,"comment_status":"open","ping_status":"closed","sticky":false,"template":"","format":"standard","meta":{"_jetpack_newsletter_access":""},"categories":[2],"tags":[],"jetpack_featured_media_url":"http:\/\/dsrmedios.com.ar\/diario\/wp-content\/uploads\/2023\/07\/descarga-24.jpg","jetpack_sharing_enabled":true,"jetpack_shortlink":"https:\/\/wp.me\/p9fihK-9H9","_links":{"self":[{"href":"http:\/\/dsrmedios.com.ar\/diario\/wp-json\/wp\/v2\/posts\/37271"}],"collection":[{"href":"http:\/\/dsrmedios.com.ar\/diario\/wp-json\/wp\/v2\/posts"}],"about":[{"href":"http:\/\/dsrmedios.com.ar\/diario\/wp-json\/wp\/v2\/types\/post"}],"author":[{"embeddable":true,"href":"http:\/\/dsrmedios.com.ar\/diario\/wp-json\/wp\/v2\/users\/8"}],"replies":[{"embeddable":true,"href":"http:\/\/dsrmedios.com.ar\/diario\/wp-json\/wp\/v2\/comments?post=37271"}],"version-history":[{"count":1,"href":"http:\/\/dsrmedios.com.ar\/diario\/wp-json\/wp\/v2\/posts\/37271\/revisions"}],"predecessor-version":[{"id":37273,"href":"http:\/\/dsrmedios.com.ar\/diario\/wp-json\/wp\/v2\/posts\/37271\/revisions\/37273"}],"wp:featuredmedia":[{"embeddable":true,"href":"http:\/\/dsrmedios.com.ar\/diario\/wp-json\/wp\/v2\/media\/37272"}],"wp:attachment":[{"href":"http:\/\/dsrmedios.com.ar\/diario\/wp-json\/wp\/v2\/media?parent=37271"}],"wp:term":[{"taxonomy":"category","embeddable":true,"href":"http:\/\/dsrmedios.com.ar\/diario\/wp-json\/wp\/v2\/categories?post=37271"},{"taxonomy":"post_tag","embeddable":true,"href":"http:\/\/dsrmedios.com.ar\/diario\/wp-json\/wp\/v2\/tags?post=37271"}],"curies":[{"name":"wp","href":"https:\/\/api.w.org\/{rel}","templated":true}]}}