{"id":3727,"date":"2018-01-23T08:29:12","date_gmt":"2018-01-23T11:29:12","guid":{"rendered":"http:\/\/dsrmedios.com.ar\/diario\/?p=3727"},"modified":"2018-01-23T08:29:12","modified_gmt":"2018-01-23T11:29:12","slug":"el-ministerio-de-economia-distribuyo-los-fondos-para-los-135-distritos-de-la-provincia","status":"publish","type":"post","link":"http:\/\/dsrmedios.com.ar\/diario\/archivos\/3727","title":{"rendered":"El Ministerio de Econom\u00eda distribuy\u00f3 los fondos para los 135 distritos de la Provincia"},"content":{"rendered":"<p>Este martes, el ministerio de Econom\u00eda que conduce Hern\u00e1n Lacunza, con su publicaci\u00f3n en el Bolet\u00edn Oficial de la Provincia, determin\u00f3 el nuevo reparto de fondos para los distritos bonaerenses a trav\u00e9s del Coeficiente Unico de Distribuci\u00f3n.<\/p>\n<p>Cabe destacar que, tal como lo indica la resoluci\u00f3n de la cartera econ\u00f3mica, el CUD se compone por informaci\u00f3n referida a la poblaci\u00f3n de cada comuna, al caudal tur\u00edstico, a la capacidad potencial absoluta y per c\u00e1pita de los Municipios por la recaudaci\u00f3n de tasas que le son propias, a los efectores de salud.<\/p>\n<p>&nbsp;<\/p>\n<p>A ADOLFO ALSINA le corresponde el siguiente coeficiente sobre el total a distribu\u00edr: 0,41080<\/p>\n<p>fuente:www.latecla.com<\/p>\n","protected":false},"excerpt":{"rendered":"<div class=\"mh-excerpt\"><p>Este martes, el ministerio de Econom\u00eda que conduce Hern\u00e1n Lacunza, con su publicaci\u00f3n en el Bolet\u00edn Oficial de la Provincia, determin\u00f3 el nuevo reparto de fondos para los distritos bonaerenses a trav\u00e9s del Coeficiente Unico de Distribuci\u00f3n. Cabe destacar que, tal como lo indica la resoluci\u00f3n de la cartera econ\u00f3mica, el CUD se compone por informaci\u00f3n referida a la poblaci\u00f3n de cada comuna, al caudal tur\u00edstico, a la capacidad potencial absoluta y per c\u00e1pita de los Municipios por la recaudaci\u00f3n de tasas que le son propias, a los efectores de salud. &nbsp; A ADOLFO ALSINA le corresponde el siguiente coeficiente <a class=\"mh-excerpt-more\" href=\"http:\/\/dsrmedios.com.ar\/diario\/archivos\/3727\" title=\"El Ministerio de Econom\u00eda distribuy\u00f3 los fondos para los 135 distritos de la Provincia\">[Leer m\u00e1s]<\/a><\/p>\n<\/div>","protected":false},"author":5,"featured_media":3728,"comment_status":"open","ping_status":"closed","sticky":false,"template":"","format":"standard","meta":{"_jetpack_newsletter_access":""},"categories":[18,7],"tags":[],"jetpack_featured_media_url":"http:\/\/dsrmedios.com.ar\/diario\/wp-content\/uploads\/2018\/01\/Hernan-Lacunza.jpg","jetpack_sharing_enabled":true,"jetpack_shortlink":"https:\/\/wp.me\/p9fihK-Y7","_links":{"self":[{"href":"http:\/\/dsrmedios.com.ar\/diario\/wp-json\/wp\/v2\/posts\/3727"}],"collection":[{"href":"http:\/\/dsrmedios.com.ar\/diario\/wp-json\/wp\/v2\/posts"}],"about":[{"href":"http:\/\/dsrmedios.com.ar\/diario\/wp-json\/wp\/v2\/types\/post"}],"author":[{"embeddable":true,"href":"http:\/\/dsrmedios.com.ar\/diario\/wp-json\/wp\/v2\/users\/5"}],"replies":[{"embeddable":true,"href":"http:\/\/dsrmedios.com.ar\/diario\/wp-json\/wp\/v2\/comments?post=3727"}],"version-history":[{"count":1,"href":"http:\/\/dsrmedios.com.ar\/diario\/wp-json\/wp\/v2\/posts\/3727\/revisions"}],"predecessor-version":[{"id":3729,"href":"http:\/\/dsrmedios.com.ar\/diario\/wp-json\/wp\/v2\/posts\/3727\/revisions\/3729"}],"wp:featuredmedia":[{"embeddable":true,"href":"http:\/\/dsrmedios.com.ar\/diario\/wp-json\/wp\/v2\/media\/3728"}],"wp:attachment":[{"href":"http:\/\/dsrmedios.com.ar\/diario\/wp-json\/wp\/v2\/media?parent=3727"}],"wp:term":[{"taxonomy":"category","embeddable":true,"href":"http:\/\/dsrmedios.com.ar\/diario\/wp-json\/wp\/v2\/categories?post=3727"},{"taxonomy":"post_tag","embeddable":true,"href":"http:\/\/dsrmedios.com.ar\/diario\/wp-json\/wp\/v2\/tags?post=3727"}],"curies":[{"name":"wp","href":"https:\/\/api.w.org\/{rel}","templated":true}]}}