{"id":37256,"date":"2023-07-21T12:51:13","date_gmt":"2023-07-21T15:51:13","guid":{"rendered":"http:\/\/dsrmedios.com.ar\/diario\/?p=37256"},"modified":"2023-07-21T12:51:17","modified_gmt":"2023-07-21T15:51:17","slug":"cuales-son-las-tres-provincias-en-las-que-larreta-y-bullrich-se-disputan-mano-a-mano-mas-de-10-millones-de-votos","status":"publish","type":"post","link":"http:\/\/dsrmedios.com.ar\/diario\/archivos\/37256","title":{"rendered":"Cu\u00e1les son las tres provincias en las que Larreta y Bullrich se disputan mano a mano m\u00e1s de 10 millones de votos"},"content":{"rendered":"\n<p><strong>Horacio Rodr\u00edguez Larreta&nbsp;<\/strong>transita los 23 d\u00edas m\u00e1s importantes de su vida pol\u00edtica. Se prepar\u00f3 durante d\u00e9cadas para ser Presidente de la Naci\u00f3n, pero para competir por el premio mayor, antes debe superar en las PASO del 13 de agosto a&nbsp;<strong>Patricia Bullrich<\/strong>. Por estas horas, ambos presidenciables de&nbsp;<strong>Juntos por el Cambio&nbsp;<\/strong>(JxC)&nbsp;<strong>aceleran&nbsp;<\/strong>sus campa\u00f1as para&nbsp;<strong>disputar el voto en zonas estrat\u00e9gicas<\/strong>. Buscan&nbsp;<strong>desequilibrar&nbsp;<\/strong>la&nbsp;<strong>interna&nbsp;<\/strong>en distritos clave para el electorado opositor.<\/p>\n\n\n\n<p>El Jefe de Gobierno de la Ciudad de Buenos Aires contin\u00faa en la etapa de<strong>&nbsp;presentaci\u00f3n y despliegue de propuestas<\/strong>. Cada d\u00eda anuncia una iniciativa diferente. Y de una a dos veces por semana presenta proyectos de temas de gesti\u00f3n que promete ejecutar si el 10 de diciembre muda su despacho a Balcarce 50.<\/p>\n\n\n\n<p>Son d\u00edas movidos para el\u00a0<strong>b\u00fanker de campa\u00f1a\u00a0<\/strong>que el larretismo tiene sobre la calle Olaz\u00e1bal, en el barrio de Belgrano. All\u00ed se re\u00fane el\u00a0<em>board\u00a0<\/em>pol\u00edtico que dise\u00f1a y supervisa la t\u00e1ctica electoral y desfilan los principales candidatos del proyecto presidencial de Larreta.<\/p>\n\n\n\n<p><img decoding=\"async\" loading=\"lazy\" alt=\"Horacio Rodr\u00edguez Larreta en la ciudad de C\u00f3rdoba, en un viaje para apoyar la candidatura a intendente de Rodrigo de Loredo\" height=\"1080\" width=\"1920\" src=\"https:\/\/www.infobae.com\/new-resizer\/IVrGDZ2v_YV3IkuDwkPzKH30EKI=\/arc-anglerfish-arc2-prod-infobae\/public\/X2F3XPGVJNELNL73AF6EZPJERQ.jpg\" srcset=\"https:\/\/www.infobae.com\/new-resizer\/6LwJkbNycOwqGnqXfV4wnXQ0itQ=\/420x236\/filters:format(webp):quality(85)\/cloudfront-us-east-1.images.arcpublishing.com\/infobae\/X2F3XPGVJNELNL73AF6EZPJERQ.jpg 420w,https:\/\/www.infobae.com\/new-resizer\/WF5AHZAa_0COem6Y34DVhZ_m-Io=\/768x432\/filters:format(webp):quality(85)\/cloudfront-us-east-1.images.arcpublishing.com\/infobae\/X2F3XPGVJNELNL73AF6EZPJERQ.jpg 768w,https:\/\/www.infobae.com\/new-resizer\/Y6E8p4X5CCYZeADRFzwfvT14MXY=\/992x558\/filters:format(webp):quality(85)\/cloudfront-us-east-1.images.arcpublishing.com\/infobae\/X2F3XPGVJNELNL73AF6EZPJERQ.jpg 992w,https:\/\/www.infobae.com\/new-resizer\/LZQl5Dpwm7Esep1pKrhUQ0vm4WU=\/1200x675\/filters:format(webp):quality(85)\/cloudfront-us-east-1.images.arcpublishing.com\/infobae\/X2F3XPGVJNELNL73AF6EZPJERQ.jpg 1200w,https:\/\/www.infobae.com\/new-resizer\/FaVQ_5rSyjrm3Lj586JD7oaALNM=\/1440x810\/filters:format(webp):quality(85)\/cloudfront-us-east-1.images.arcpublishing.com\/infobae\/X2F3XPGVJNELNL73AF6EZPJERQ.jpg 1440w\">Horacio Rodr\u00edguez Larreta en la ciudad de C\u00f3rdoba, en un viaje para apoyar la candidatura a intendente de Rodrigo de Loredo<\/p>\n\n\n\n<p>Del estudio de encuestas,&nbsp;<em>focus groups&nbsp;<\/em>y distintos relevamientos sobre el escenario electoral, en el larretismo sostienen la estrategia de avanzar en una&nbsp;<strong>campa\u00f1a basada en el \u201cc\u00f3mo\u201d<\/strong>, que materializan con la&nbsp;<strong>presentaci\u00f3n de propuestas tem\u00e1ticas<\/strong>. Ejecutan esa estrategia de forma&nbsp;<strong>segmentada<\/strong>, con&nbsp;<strong>micromensajes&nbsp;<\/strong>y piezas de campa\u00f1a que se adaptan a cada geograf\u00eda. Es decir, dise\u00f1an propuestas y couchean a Larreta para que pueda emitir<strong>&nbsp;mensajes concretos para cada provincia&nbsp;<\/strong>y distrito.<\/p>\n\n\n\n<p>Semanalmente, Larreta concede entrevistas a medios del interior del pa\u00eds y evita hablar de temas nacionales para enfocarse en las problem\u00e1ticas de cada lugar. Con ese criterio, por estas horas se concentra en&nbsp;<strong>tres provincias que considera clave<\/strong>&nbsp;para la interna contra Bullrich. Se trata de&nbsp;<strong>C\u00f3rdoba<\/strong>,&nbsp;<strong>Santa Fe&nbsp;<\/strong>y&nbsp;<strong>Mendoza<\/strong>.<\/p>\n\n\n\n<p>Son distritos en donde Bullrich eval\u00faa que tiene<strong>&nbsp;mejores n\u00fameros&nbsp;<\/strong>y que, por su perfil, puede imponerse al jefe de Gobierno de la Ciudad. Sumadas, en esa tres provincias viven cerca de&nbsp;<strong>10 millones de personas&nbsp;<\/strong>y representan el&nbsp;<strong>20 por ciento del padr\u00f3n electoral<\/strong>&nbsp;del pa\u00eds. Juntos con la provincia de Buenos Aires, que implica el 37 por ciento de los votantes del pa\u00eds, se torna una<strong>&nbsp;regi\u00f3n decisiva<\/strong>&nbsp;para la elecci\u00f3n presidencial.<\/p>\n\n\n\n<p><img decoding=\"async\" loading=\"lazy\" alt=\"Patricia Bullrich en C\u00f3rdoba con Rodrigo De Loredo, Luis Juez, Mario Negri y Soher El Sukaria, candidata a viceintendenta de la capital.\n\" height=\"1080\" width=\"1920\" src=\"https:\/\/www.infobae.com\/new-resizer\/lWkgJVlLDs_ENw8CpzS_8ArkuX0=\/arc-anglerfish-arc2-prod-infobae\/public\/W3Y4HMDZKJD57B6SUZGFBOD3UU.jpg\" srcset=\"https:\/\/www.infobae.com\/new-resizer\/1b-aVVao9GUFCUxZG44HCAZhjio=\/420x236\/filters:format(webp):quality(85)\/cloudfront-us-east-1.images.arcpublishing.com\/infobae\/W3Y4HMDZKJD57B6SUZGFBOD3UU.jpg 420w,https:\/\/www.infobae.com\/new-resizer\/VHLY8NmZVTZSf8-xH3tG1DXZ1Ic=\/768x432\/filters:format(webp):quality(85)\/cloudfront-us-east-1.images.arcpublishing.com\/infobae\/W3Y4HMDZKJD57B6SUZGFBOD3UU.jpg 768w,https:\/\/www.infobae.com\/new-resizer\/koGQTKa43LebTJlwQ8VS6EmiOd4=\/992x558\/filters:format(webp):quality(85)\/cloudfront-us-east-1.images.arcpublishing.com\/infobae\/W3Y4HMDZKJD57B6SUZGFBOD3UU.jpg 992w,https:\/\/www.infobae.com\/new-resizer\/n0Rn1LfXAzAAONUnuBnp40jFog4=\/1200x675\/filters:format(webp):quality(85)\/cloudfront-us-east-1.images.arcpublishing.com\/infobae\/W3Y4HMDZKJD57B6SUZGFBOD3UU.jpg 1200w,https:\/\/www.infobae.com\/new-resizer\/gN7Wgxqo0hwqZzN_DmOQEsLLRPQ=\/1440x810\/filters:format(webp):quality(85)\/cloudfront-us-east-1.images.arcpublishing.com\/infobae\/W3Y4HMDZKJD57B6SUZGFBOD3UU.jpg 1440w\">Patricia Bullrich en C\u00f3rdoba con Rodrigo De Loredo, Luis Juez, Mario Negri y Soher El Sukaria, candidata a viceintendenta de la capital.<\/p>\n\n\n\n<p>Larreta conf\u00eda en que su tandem con&nbsp;<strong>Diego Santilli<\/strong>, su precandidato a gobernador bonaerense, lograr\u00e1 sacar una&nbsp;<strong>ventaja&nbsp;<\/strong>ante Bullrich en la provincia de Buenos Aires. La ex ministra de Seguridad analiza que ella se impondr\u00e1 en el centro del pa\u00eds: justamente, en provincias como C\u00f3rdoba, Santa Fe y Mendoza.<\/p>\n\n\n\n<p>Esa ingenier\u00eda electoral lleva a que ambos ejecuten una especie de&nbsp;<strong>estrategia en espejo<\/strong>: el larretismo acelera su presencia proselitista en el interior, centralmente esas tres provincias, mientras que Bullrich refuerza su actividades de campa\u00f1a en la provincia de Buenos Aires \u2014con eje en el&nbsp;<strong>conurbano<\/strong>\u2014.<\/p>\n\n\n\n<p>En C\u00f3rdoba, Larreta estuvo&nbsp;<strong>dos veces<\/strong>&nbsp;en las \u00faltimas<strong>&nbsp;dos semanas&nbsp;<\/strong>y en la previa a las elecciones del domingo lo har\u00e1&nbsp;<strong>tres veces<\/strong>. Estuvo esta ma\u00f1ana en la capital, para respaldara a&nbsp;<strong>Rodrigo De Loredo<\/strong>, precandidato a intendente de JxC. Regres\u00f3 a Buenos Aires, para participar de la inauguraci\u00f3n de la Exposici\u00f3n de La Rural. Por la noche,&nbsp;<strong>volar\u00e1 de nuevo a C\u00f3rdoba<\/strong>, en donde ma\u00f1ana visitar\u00e1 localidades del interior como R\u00edo Ceballos, Villa Silvina, Valle Hermoso y La Falda. El s\u00e1bado har\u00e1 un paso proselitista por el sur del pa\u00eds, y domingo estar\u00e1 otra vez en C\u00f3rdoba, en el b\u00fanker de campa\u00f1a de De Loredo.<\/p>\n\n\n\n<p><\/p>\n\n\n\n<p><img decoding=\"async\" loading=\"lazy\" alt=\"Horacio Rodr\u00edguez Larreta present\u00f3 hoy junto a Gerardo Morales y Maximiliano Pullaro su plan de seguridad \" height=\"1080\" width=\"1920\" src=\"https:\/\/www.infobae.com\/new-resizer\/8mckvzdKmDq8zZCkpFZsFiIDcUY=\/arc-anglerfish-arc2-prod-infobae\/public\/PFQPWJWFOFHQPJGWMJTAWG5EJQ.jpg\" srcset=\"https:\/\/www.infobae.com\/new-resizer\/tPZ8WfEZcWcbUkLydNQealGPWuw=\/420x236\/filters:format(webp):quality(85)\/cloudfront-us-east-1.images.arcpublishing.com\/infobae\/PFQPWJWFOFHQPJGWMJTAWG5EJQ.jpg 420w,https:\/\/www.infobae.com\/new-resizer\/8KgkpGpuDwAwFdqKW75bj6w4ZGY=\/768x432\/filters:format(webp):quality(85)\/cloudfront-us-east-1.images.arcpublishing.com\/infobae\/PFQPWJWFOFHQPJGWMJTAWG5EJQ.jpg 768w,https:\/\/www.infobae.com\/new-resizer\/5v7KAZERdpwrWuBDiZyzJUBIUNc=\/992x558\/filters:format(webp):quality(85)\/cloudfront-us-east-1.images.arcpublishing.com\/infobae\/PFQPWJWFOFHQPJGWMJTAWG5EJQ.jpg 992w,https:\/\/www.infobae.com\/new-resizer\/e_7SP3P7RuEhm2thBRsxwyXLITI=\/1200x675\/filters:format(webp):quality(85)\/cloudfront-us-east-1.images.arcpublishing.com\/infobae\/PFQPWJWFOFHQPJGWMJTAWG5EJQ.jpg 1200w,https:\/\/www.infobae.com\/new-resizer\/C1wN5C454bRzvfAGMTKlAwaAhXI=\/1440x810\/filters:format(webp):quality(85)\/cloudfront-us-east-1.images.arcpublishing.com\/infobae\/PFQPWJWFOFHQPJGWMJTAWG5EJQ.jpg 1440w\">Horacio Rodr\u00edguez Larreta present\u00f3 hoy junto a Gerardo Morales y Maximiliano Pullaro su plan de seguridad<\/p>\n\n\n\n<p>Bullrich hab\u00eda estado en C\u00f3rdoba el martes, tambi\u00e9n junto a De Loredo. En esa ocasi\u00f3n, encabez\u00f3 una actividad con&nbsp;<strong>117 intendentes&nbsp;<\/strong>locales. La organizaron&nbsp;<strong>Dami\u00e1n Arabia<\/strong>, su armador en el interior, junto a&nbsp;<strong>Laura Rodr\u00edguez Machado<\/strong>, diputada nacional y jefa da campa\u00f1a bullrichista en esa provincia. El bullrichismo se solaz\u00f3 con que tienen el respaldo de m\u00e1s intendentes cordobeses que el larretismo. En Uspallata, sede del Gobierno porte\u00f1o, relativizan ese an\u00e1lisis.<\/p>\n\n\n\n<p>En&nbsp;<strong>Mendoza<\/strong>, el jefe de Gobierno estuvo la semana pasada en un recorrida por la capital. Se mostr\u00f3 todo el d\u00eda junto a&nbsp;<strong>Alfredo Cornejo<\/strong>, el dirigente radical con el que m\u00e1s habla Bullrich. No obstante, Larreta tambi\u00e9n estuvo con&nbsp;<strong>Rody Su\u00e1rez<\/strong>, gobernador local que es neutral en la interna nacional, y con&nbsp;<strong>Ulpiano Su\u00e1rez<\/strong>, intendente de la ciudad capital, que&nbsp;<strong>apoya abiertamente a Larreta<\/strong>.<\/p>\n\n\n\n<p>Rodr\u00edguez Larreta encabez\u00f3 un&nbsp;<strong>almuerzo&nbsp;<\/strong>junto a su equipo y a los dirigentes mendocinos. Fue en la parrilla \u201c<strong>Las Flores<\/strong>\u201d, en el centro de Mendoza capital. All\u00ed les asegur\u00f3 que tiene previsto<strong>&nbsp;visitar dos veces m\u00e1s la provincia&nbsp;<\/strong>antes de las PASO.<\/p>\n\n\n\n<p><img decoding=\"async\" loading=\"lazy\" alt=\"Horacio Rodr\u00edguez Larreta con Alfredo Cornejo, candidato a gobernador mendocino, Rodolfo Su\u00e1rez, mandatario local, y a Ulpiano Su\u00e1rez, intendente de Mendoza\n\" height=\"1080\" width=\"1920\" src=\"https:\/\/www.infobae.com\/new-resizer\/EXK8KH7MDVfKcE5Oxl9Vu4c7pEo=\/arc-anglerfish-arc2-prod-infobae\/public\/AV7AALWGKJFY5KTJHM4B6T3J44.jpg\" srcset=\"https:\/\/www.infobae.com\/new-resizer\/rvCJrP1Az2_lbmuyD-tOwD5igwM=\/420x236\/filters:format(webp):quality(85)\/cloudfront-us-east-1.images.arcpublishing.com\/infobae\/AV7AALWGKJFY5KTJHM4B6T3J44.jpg 420w,https:\/\/www.infobae.com\/new-resizer\/FSOV_bpWjyeqfV0_l6HwhaRYgPE=\/768x432\/filters:format(webp):quality(85)\/cloudfront-us-east-1.images.arcpublishing.com\/infobae\/AV7AALWGKJFY5KTJHM4B6T3J44.jpg 768w,https:\/\/www.infobae.com\/new-resizer\/vTJ3vXo3dh-g3QP8HCXHEX2LN0I=\/992x558\/filters:format(webp):quality(85)\/cloudfront-us-east-1.images.arcpublishing.com\/infobae\/AV7AALWGKJFY5KTJHM4B6T3J44.jpg 992w,https:\/\/www.infobae.com\/new-resizer\/BKT8cgq11TAtKKxC3uXVEIJeP2w=\/1200x675\/filters:format(webp):quality(85)\/cloudfront-us-east-1.images.arcpublishing.com\/infobae\/AV7AALWGKJFY5KTJHM4B6T3J44.jpg 1200w,https:\/\/www.infobae.com\/new-resizer\/FFneVZJtA2MLHzd5P_gwjYSZjw0=\/1440x810\/filters:format(webp):quality(85)\/cloudfront-us-east-1.images.arcpublishing.com\/infobae\/AV7AALWGKJFY5KTJHM4B6T3J44.jpg 1440w\">Horacio Rodr\u00edguez Larreta con Alfredo Cornejo, candidato a gobernador mendocino, Rodolfo Su\u00e1rez, mandatario local, y a Ulpiano Su\u00e1rez, intendente de Mendoza<\/p>\n\n\n\n<p>En tanto, ayer estuvo en Mendoza&nbsp;<strong>Gerardo Morales<\/strong>, su compa\u00f1ero de f\u00f3rmula, en una actividad con dirigentes locales y otra con empresarios de la provincia. Adem\u00e1s, est\u00e1 previsto que viajen aparte dirigentes de su armado para hacer reuniones pol\u00edticas y recorridas con el mensaje de campa\u00f1a larretista. Ya estuvo&nbsp;<strong>Waldo Wolff<\/strong>. Y en los pr\u00f3ximos d\u00edas ira&nbsp;<strong>Fern\u00e1n Quir\u00f3s<\/strong>. Son dos funcionarios larretistas que recorren el pa\u00eds en modo campa\u00f1a para Larreta.<\/p>\n\n\n\n<p>Algo similar sucede en&nbsp;<strong>Santa Fe<\/strong>. El jefe de Gobierno estuvo esta ma\u00f1ana con Morales y&nbsp;<strong>Maxi Pullaro<\/strong>, candidato a gobernador que viene de ganarle las PASO a Carolina Losada. Los tres hicieron un acto para presentar las&nbsp;<strong>propuestas de seguridad<\/strong>&nbsp;del larretismo. El alcalde planea regresar a la provincia antes del 13 de agosto. Mientras tanto,&nbsp;<strong>\u00c1lvaro Gonz\u00e1lez<\/strong>, diputado nacional y armador larretista, y&nbsp;<strong>Jorge Faurie<\/strong>, ex Canciller, supervisan la campa\u00f1a de Larreta en tierra santafesina.<\/p>\n\n\n\n<p>Bullrich, en cambio, destina el mayor tiempo de su campa\u00f1a a la provincia de Buenos Aires. No descuida el interior. Pero refuerza a diario sus recorridas en distritos bonaerenses, sobre todo de la&nbsp;<strong>Primera y la Tercera Secci\u00f3n electoral<\/strong>. Y se muestra siempre junto a&nbsp;<strong>N\u00e9stor Grindetti<\/strong>, su precandidato a gobernador, con el objetivo de resaltar su candidatura.<\/p>\n\n\n\n<p><img decoding=\"async\" loading=\"lazy\" alt=\"Horacio Rodr\u00edguez Larreta y Patricia Bullrich aceleran sus estrategias de campa\u00f1a a 24 d\u00edas de las PASO\" height=\"1066\" width=\"1600\" src=\"https:\/\/www.infobae.com\/new-resizer\/CHbvMLT2eRtWOSujxXN8jC82h_4=\/arc-anglerfish-arc2-prod-infobae\/public\/2LOOD2D2GRBXPAAADLVCY7D7HQ.jpeg\" srcset=\"https:\/\/www.infobae.com\/new-resizer\/-k8QBsnTRmwWzu5c-5kA5jRgYQE=\/420x280\/filters:format(webp):quality(85)\/cloudfront-us-east-1.images.arcpublishing.com\/infobae\/2LOOD2D2GRBXPAAADLVCY7D7HQ.jpeg 420w,https:\/\/www.infobae.com\/new-resizer\/RP5BNKvydXM4X0JOe--NtSBediA=\/768x512\/filters:format(webp):quality(85)\/cloudfront-us-east-1.images.arcpublishing.com\/infobae\/2LOOD2D2GRBXPAAADLVCY7D7HQ.jpeg 768w,https:\/\/www.infobae.com\/new-resizer\/uuUvUf3KjioKjINhrV35Wd_XmeE=\/992x661\/filters:format(webp):quality(85)\/cloudfront-us-east-1.images.arcpublishing.com\/infobae\/2LOOD2D2GRBXPAAADLVCY7D7HQ.jpeg 992w,https:\/\/www.infobae.com\/new-resizer\/zwSFY9vD9wOvUG4gHPNcLQtXgio=\/1200x800\/filters:format(webp):quality(85)\/cloudfront-us-east-1.images.arcpublishing.com\/infobae\/2LOOD2D2GRBXPAAADLVCY7D7HQ.jpeg 1200w,https:\/\/www.infobae.com\/new-resizer\/oAWbECwm9DuT16rZoV9vbn7v1go=\/1440x960\/filters:format(webp):quality(85)\/cloudfront-us-east-1.images.arcpublishing.com\/infobae\/2LOOD2D2GRBXPAAADLVCY7D7HQ.jpeg 1440w\">Horacio Rodr\u00edguez Larreta y Patricia Bullrich aceleran sus estrategias de campa\u00f1a a 24 d\u00edas de las PASO<\/p>\n\n\n\n<p>La ex ministra est\u00e1 convencida de que si logra una<strong>&nbsp;elecci\u00f3n pareja<\/strong>&nbsp;con Larreta en la provincia, se impondr\u00e1 en las PASO. Larreta se siente seguro sobre los n\u00fameros electorales del conurbano que le acercan. Santilli se ocupa de la campa\u00f1a larretista en la provincia y, una vez por semana, intentan confluir en alguna actividad en le interior o el conurbano. Ayer, por ejemplo, estuvieron los dos en Mar del Plata, junto al intendente&nbsp;<strong>Guillermo Montenegro<\/strong>. Los tres hicieron una recorrida de campa\u00f1a y compartieron un&nbsp;<strong>almuerzo pol\u00edtico<\/strong>&nbsp;en un restaurante del puerto de La Feliz.<\/p>\n\n\n\n<p>Larreta\u00a0<strong>evitar\u00e1 en todo momento confrontar\u00a0<\/strong>con Bullrich y eludir\u00e1 dardos que le tire su contrincante interna. Est\u00e1 \u201cconvencido\u201d de que el diferencial reside en hablar de propuestas y temas concretos. Es, tambi\u00e9n, el terreno en el que mejor se desenvuelve. Conoce que la discusi\u00f3n y la confrontaci\u00f3n electoral es un modo en el que la ex ministra se mueve con mayor facilidad. Para las \u00faltimas dos semanas de campa\u00f1a, el jefe de Gobierno prepara mensajes concretos destinados a \u201c<strong>pedir el voto<\/strong>\u201d. Ser\u00e1 a partir de agosto.<\/p>\n\n\n\n<p>Fuente: Infobae<\/p>\n","protected":false},"excerpt":{"rendered":"<div class=\"mh-excerpt\"><p>Horacio Rodr\u00edguez Larreta&nbsp;transita los 23 d\u00edas m\u00e1s importantes de su vida pol\u00edtica. Se prepar\u00f3 durante d\u00e9cadas para ser Presidente de la Naci\u00f3n, pero para competir por el premio mayor, antes debe superar en las PASO del 13 de agosto a&nbsp;Patricia Bullrich. Por estas horas, ambos presidenciables de&nbsp;Juntos por el Cambio&nbsp;(JxC)&nbsp;aceleran&nbsp;sus campa\u00f1as para&nbsp;disputar el voto en zonas estrat\u00e9gicas. Buscan&nbsp;desequilibrar&nbsp;la&nbsp;interna&nbsp;en distritos clave para el electorado opositor. El Jefe de Gobierno de la Ciudad de Buenos Aires contin\u00faa en la etapa de&nbsp;presentaci\u00f3n y despliegue de propuestas. Cada d\u00eda anuncia una iniciativa diferente. Y de una a dos veces por semana presenta proyectos de <a class=\"mh-excerpt-more\" href=\"http:\/\/dsrmedios.com.ar\/diario\/archivos\/37256\" title=\"Cu\u00e1les son las tres provincias en las que Larreta y Bullrich se disputan mano a mano m\u00e1s de 10 millones de votos\">[Leer m\u00e1s]<\/a><\/p>\n<\/div>","protected":false},"author":8,"featured_media":37257,"comment_status":"open","ping_status":"closed","sticky":false,"template":"","format":"standard","meta":{"_jetpack_newsletter_access":""},"categories":[6],"tags":[],"jetpack_featured_media_url":"http:\/\/dsrmedios.com.ar\/diario\/wp-content\/uploads\/2023\/07\/descarga-21-1.jpg","jetpack_sharing_enabled":true,"jetpack_shortlink":"https:\/\/wp.me\/p9fihK-9GU","_links":{"self":[{"href":"http:\/\/dsrmedios.com.ar\/diario\/wp-json\/wp\/v2\/posts\/37256"}],"collection":[{"href":"http:\/\/dsrmedios.com.ar\/diario\/wp-json\/wp\/v2\/posts"}],"about":[{"href":"http:\/\/dsrmedios.com.ar\/diario\/wp-json\/wp\/v2\/types\/post"}],"author":[{"embeddable":true,"href":"http:\/\/dsrmedios.com.ar\/diario\/wp-json\/wp\/v2\/users\/8"}],"replies":[{"embeddable":true,"href":"http:\/\/dsrmedios.com.ar\/diario\/wp-json\/wp\/v2\/comments?post=37256"}],"version-history":[{"count":1,"href":"http:\/\/dsrmedios.com.ar\/diario\/wp-json\/wp\/v2\/posts\/37256\/revisions"}],"predecessor-version":[{"id":37258,"href":"http:\/\/dsrmedios.com.ar\/diario\/wp-json\/wp\/v2\/posts\/37256\/revisions\/37258"}],"wp:featuredmedia":[{"embeddable":true,"href":"http:\/\/dsrmedios.com.ar\/diario\/wp-json\/wp\/v2\/media\/37257"}],"wp:attachment":[{"href":"http:\/\/dsrmedios.com.ar\/diario\/wp-json\/wp\/v2\/media?parent=37256"}],"wp:term":[{"taxonomy":"category","embeddable":true,"href":"http:\/\/dsrmedios.com.ar\/diario\/wp-json\/wp\/v2\/categories?post=37256"},{"taxonomy":"post_tag","embeddable":true,"href":"http:\/\/dsrmedios.com.ar\/diario\/wp-json\/wp\/v2\/tags?post=37256"}],"curies":[{"name":"wp","href":"https:\/\/api.w.org\/{rel}","templated":true}]}}