{"id":37210,"date":"2023-07-20T16:37:40","date_gmt":"2023-07-20T19:37:40","guid":{"rendered":"http:\/\/dsrmedios.com.ar\/diario\/?p=37210"},"modified":"2023-07-20T16:37:44","modified_gmt":"2023-07-20T19:37:44","slug":"un-futbolista-del-inter-miami-hablo-sobre-el-nivel-de-ingles-de-lionel-messi-y-revelo-el-gesto-que-tuvo-con-un-companero","status":"publish","type":"post","link":"http:\/\/dsrmedios.com.ar\/diario\/archivos\/37210","title":{"rendered":"Un futbolista del Inter Miami habl\u00f3 sobre el nivel de ingl\u00e9s de Lionel Messi y revel\u00f3 el gesto que tuvo con un compa\u00f1ero"},"content":{"rendered":"\n<p><strong>Lionel Messi&nbsp;<\/strong>todav\u00eda no tuvo su debut oficial en Inter Miami y apenas suma un par de entrenamientos con sus nuevos compa\u00f1eros, pero ya est\u00e1 dejando su huella. Todo hace creer que el crack de 36 a\u00f1os&nbsp;<a rel=\"noreferrer noopener\" href=\"https:\/\/www.infobae.com\/deportes\/2023\/07\/19\/la-fuerte-decision-del-inter-miami-con-lionel-messi-y-el-gesto-del-argentino-que-sorprendio-a-sus-nuevos-companeros\/\" target=\"_blank\">portar\u00e1 la cinta en el equipo de La Florida<\/a>&nbsp;y mientras tanto ya parece manejarse como uno de los l\u00edderes del plantel, seg\u00fan revel\u00f3 uno de sus flamantes compa\u00f1eros&nbsp;<strong>DeAndre Yedlin.<\/strong><\/p>\n\n\n\n<p>El defensor de 30 a\u00f1os atendi\u00f3 a la prensa en la previa del choque ante Cruz Azul por la Leagues Cup de este viernes que marcar\u00e1 el estreno de Leo y dio a conocer un gesto del argentino en la intimidad:<strong>&nbsp;\u201c(Leonardo) Campana necesitaba entradas para la presentaci\u00f3n del domingo y pregunt\u00f3 en el chat grupal si alguien ten\u00eda. Yo ni siquiera sab\u00eda que (Messi) estaba en el grupo, pero contest\u00f3 enseguida, \u2018\u00bfCu\u00e1ntas necesitas?\u2019.&nbsp;<\/strong>Ah\u00ed dije, \u2018Wow\u2019, porque fue de inmediato. Ellos se conocen desde hace dos o tres d\u00edas y mostrar esa generosidad es un buen primer ejemplo de c\u00f3mo es\u201d.<\/p>\n\n\n\n<p>Yedlin se acaba de unir al grupo tras ser parte del plantel de Estados Unidos en la Copa de Oro que termin\u00f3 con una derrota en la semifinales. Fue suplente en el 0-3 del s\u00e1bado pasado ante St. Louis City por la MLS. Empez\u00f3 su carrera en los Seattle Sounders, pero luego emigr\u00f3 al Tottenham, pas\u00f3 por el Sunderland y disput\u00f3 varias temporadas con la camiseta del Newcastle antes de recalar en el Galatasaray de Turqu\u00eda. En 2022 se uni\u00f3 a las filas del Inter Miami para convertirse en uno de los referentes de esta nueva franquicia<\/p>\n\n\n\n<p>Campana, por su parte, es un atacante ecuatoriano de 22 a\u00f1os que dio sus primeros pasos en el Barcelona de Guayaquil antes de ser adquirido por el Wolverhampton, aunque no jug\u00f3 ni un minuto y decidi\u00f3 emigrar al Famalicao de Portugal y luego al Grasshoppers de Suiza, sus pasos previos al arribo a Miami el a\u00f1o pasado.<\/p>\n\n\n\n<p>Si bien Inter Miami es una franquicia con muchos argentinos y tambi\u00e9n una gran cantidad de hispanohablantes, Messi est\u00e1 en la liga norteamericana y el idioma es uno de los temas que despierta atenci\u00f3n. Yedlin tambi\u00e9n fue consultado sobre su facilidad para comunicarse con aquellos que no hablan en espa\u00f1ol:\u00a0<strong>\u201cSu ingl\u00e9s es suficiente para seguir adelante, habla con todos\u201d<\/strong><\/p>\n\n\n\n<p>Mientras tanto, todas las miradas est\u00e1n puestas en el estreno de Messi que ser\u00e1 este viernes desde las 21 (hora Argentina) en el DRV PNK Stadium: Inter enfrentar\u00e1 a Cruz Azul de M\u00e9xico por el inicio de la Leagues Cup. Se espera que tanto Leo como Busquets sean suplentes e ingresen en el complemento en este certamen que empareja a equipos de Estados Unidos con los del f\u00fatbol mexicano. Adem\u00e1s, en las pr\u00f3ximas horas se unir\u00eda al plantel el lateral Jordi Alba.<\/p>\n\n\n\n<p>Fuente: Infobae<\/p>\n","protected":false},"excerpt":{"rendered":"<div class=\"mh-excerpt\"><p>Lionel Messi&nbsp;todav\u00eda no tuvo su debut oficial en Inter Miami y apenas suma un par de entrenamientos con sus nuevos compa\u00f1eros, pero ya est\u00e1 dejando su huella. Todo hace creer que el crack de 36 a\u00f1os&nbsp;portar\u00e1 la cinta en el equipo de La Florida&nbsp;y mientras tanto ya parece manejarse como uno de los l\u00edderes del plantel, seg\u00fan revel\u00f3 uno de sus flamantes compa\u00f1eros&nbsp;DeAndre Yedlin. El defensor de 30 a\u00f1os atendi\u00f3 a la prensa en la previa del choque ante Cruz Azul por la Leagues Cup de este viernes que marcar\u00e1 el estreno de Leo y dio a conocer un gesto <a class=\"mh-excerpt-more\" href=\"http:\/\/dsrmedios.com.ar\/diario\/archivos\/37210\" title=\"Un futbolista del Inter Miami habl\u00f3 sobre el nivel de ingl\u00e9s de Lionel Messi y revel\u00f3 el gesto que tuvo con un compa\u00f1ero\">[Leer m\u00e1s]<\/a><\/p>\n<\/div>","protected":false},"author":8,"featured_media":37211,"comment_status":"open","ping_status":"closed","sticky":false,"template":"","format":"standard","meta":{"_jetpack_newsletter_access":""},"categories":[2],"tags":[],"jetpack_featured_media_url":"http:\/\/dsrmedios.com.ar\/diario\/wp-content\/uploads\/2023\/07\/descarga-14-2.jpg","jetpack_sharing_enabled":true,"jetpack_shortlink":"https:\/\/wp.me\/p9fihK-9Ga","_links":{"self":[{"href":"http:\/\/dsrmedios.com.ar\/diario\/wp-json\/wp\/v2\/posts\/37210"}],"collection":[{"href":"http:\/\/dsrmedios.com.ar\/diario\/wp-json\/wp\/v2\/posts"}],"about":[{"href":"http:\/\/dsrmedios.com.ar\/diario\/wp-json\/wp\/v2\/types\/post"}],"author":[{"embeddable":true,"href":"http:\/\/dsrmedios.com.ar\/diario\/wp-json\/wp\/v2\/users\/8"}],"replies":[{"embeddable":true,"href":"http:\/\/dsrmedios.com.ar\/diario\/wp-json\/wp\/v2\/comments?post=37210"}],"version-history":[{"count":1,"href":"http:\/\/dsrmedios.com.ar\/diario\/wp-json\/wp\/v2\/posts\/37210\/revisions"}],"predecessor-version":[{"id":37212,"href":"http:\/\/dsrmedios.com.ar\/diario\/wp-json\/wp\/v2\/posts\/37210\/revisions\/37212"}],"wp:featuredmedia":[{"embeddable":true,"href":"http:\/\/dsrmedios.com.ar\/diario\/wp-json\/wp\/v2\/media\/37211"}],"wp:attachment":[{"href":"http:\/\/dsrmedios.com.ar\/diario\/wp-json\/wp\/v2\/media?parent=37210"}],"wp:term":[{"taxonomy":"category","embeddable":true,"href":"http:\/\/dsrmedios.com.ar\/diario\/wp-json\/wp\/v2\/categories?post=37210"},{"taxonomy":"post_tag","embeddable":true,"href":"http:\/\/dsrmedios.com.ar\/diario\/wp-json\/wp\/v2\/tags?post=37210"}],"curies":[{"name":"wp","href":"https:\/\/api.w.org\/{rel}","templated":true}]}}