{"id":3721,"date":"2018-01-23T08:20:36","date_gmt":"2018-01-23T11:20:36","guid":{"rendered":"http:\/\/dsrmedios.com.ar\/diario\/?p=3721"},"modified":"2018-01-23T08:20:36","modified_gmt":"2018-01-23T11:20:36","slug":"inauguraron-las-instalaciones-de-la-escuela-de-ceramica-en-casa-de-la-cultura","status":"publish","type":"post","link":"http:\/\/dsrmedios.com.ar\/diario\/archivos\/3721","title":{"rendered":"Inauguraron las instalaciones de la Escuela de Cer\u00e1mica en Casa de la Cultura"},"content":{"rendered":"<p>En el marco de la celebraci\u00f3n del 141\u00ba aniversario de Carhu\u00e9, el Intendente David Hirtz inaugur\u00f3 el nuevo espacio para el funcionamiento de la Escuela Municipal de Cer\u00e1mica.<br \/>\nCon el nombre de \u201cPich\u00f3n G\u00f3mez\u201d, en homenaje al conocido artista local, la escuela anexa a la Casa de la Cultura albergar\u00e1 a ceramistas y mosaiquistas locales.<br \/>\n\u201cHace 40 a\u00f1os que funciona en Carhu\u00e9 la Escuela Municipal de Ceramica y hoy inauguramos su casa propia, una hermosa casa, aula y taller\u201d, afirm\u00f3 el Intendente.<br \/>\nLa inauguraci\u00f3n encabezada por Gabriela Actis, Directora de Cultura, tuvo la participaci\u00f3n de profesoras, talleristas y vecinos que acompa\u00f1aron el momento de corte de cintas.<br \/>\nLa escuela cuenta ahora con un espacio dotado de mesas y sillas para trabajar de manera individual o grupal, espacio para lavado y una sala separada para hornos que est\u00e1 realizada con materiales ign\u00edfugos<\/p>\n","protected":false},"excerpt":{"rendered":"<div class=\"mh-excerpt\"><p>En el marco de la celebraci\u00f3n del 141\u00ba aniversario de Carhu\u00e9, el Intendente David Hirtz inaugur\u00f3 el nuevo espacio para el funcionamiento de la Escuela Municipal de Cer\u00e1mica. Con el nombre de \u201cPich\u00f3n G\u00f3mez\u201d, en homenaje al conocido artista local, la escuela anexa a la Casa de la Cultura albergar\u00e1 a ceramistas y mosaiquistas locales. \u201cHace 40 a\u00f1os que funciona en Carhu\u00e9 la Escuela Municipal de Ceramica y hoy inauguramos su casa propia, una hermosa casa, aula y taller\u201d, afirm\u00f3 el Intendente. La inauguraci\u00f3n encabezada por Gabriela Actis, Directora de Cultura, tuvo la participaci\u00f3n de profesoras, talleristas y vecinos que <a class=\"mh-excerpt-more\" href=\"http:\/\/dsrmedios.com.ar\/diario\/archivos\/3721\" title=\"Inauguraron las instalaciones de la Escuela de Cer\u00e1mica en Casa de la Cultura\">[Leer m\u00e1s]<\/a><\/p>\n<\/div>","protected":false},"author":5,"featured_media":3722,"comment_status":"open","ping_status":"closed","sticky":false,"template":"","format":"standard","meta":{"_jetpack_newsletter_access":""},"categories":[18,5],"tags":[],"jetpack_featured_media_url":"http:\/\/dsrmedios.com.ar\/diario\/wp-content\/uploads\/2018\/01\/ceramica.jpg","jetpack_sharing_enabled":true,"jetpack_shortlink":"https:\/\/wp.me\/p9fihK-Y1","_links":{"self":[{"href":"http:\/\/dsrmedios.com.ar\/diario\/wp-json\/wp\/v2\/posts\/3721"}],"collection":[{"href":"http:\/\/dsrmedios.com.ar\/diario\/wp-json\/wp\/v2\/posts"}],"about":[{"href":"http:\/\/dsrmedios.com.ar\/diario\/wp-json\/wp\/v2\/types\/post"}],"author":[{"embeddable":true,"href":"http:\/\/dsrmedios.com.ar\/diario\/wp-json\/wp\/v2\/users\/5"}],"replies":[{"embeddable":true,"href":"http:\/\/dsrmedios.com.ar\/diario\/wp-json\/wp\/v2\/comments?post=3721"}],"version-history":[{"count":1,"href":"http:\/\/dsrmedios.com.ar\/diario\/wp-json\/wp\/v2\/posts\/3721\/revisions"}],"predecessor-version":[{"id":3723,"href":"http:\/\/dsrmedios.com.ar\/diario\/wp-json\/wp\/v2\/posts\/3721\/revisions\/3723"}],"wp:featuredmedia":[{"embeddable":true,"href":"http:\/\/dsrmedios.com.ar\/diario\/wp-json\/wp\/v2\/media\/3722"}],"wp:attachment":[{"href":"http:\/\/dsrmedios.com.ar\/diario\/wp-json\/wp\/v2\/media?parent=3721"}],"wp:term":[{"taxonomy":"category","embeddable":true,"href":"http:\/\/dsrmedios.com.ar\/diario\/wp-json\/wp\/v2\/categories?post=3721"},{"taxonomy":"post_tag","embeddable":true,"href":"http:\/\/dsrmedios.com.ar\/diario\/wp-json\/wp\/v2\/tags?post=3721"}],"curies":[{"name":"wp","href":"https:\/\/api.w.org\/{rel}","templated":true}]}}