{"id":37205,"date":"2023-07-20T16:33:19","date_gmt":"2023-07-20T19:33:19","guid":{"rendered":"http:\/\/dsrmedios.com.ar\/diario\/?p=37205"},"modified":"2023-07-20T16:33:23","modified_gmt":"2023-07-20T19:33:23","slug":"reino-unido-se-quejo-y-la-union-europea-aclaro-que-su-comunicado-sobre-malvinas-no-fue-un-llamamiento-a-negociar-con-argentina","status":"publish","type":"post","link":"http:\/\/dsrmedios.com.ar\/diario\/archivos\/37205","title":{"rendered":"Reino Unido se quej\u00f3 y la Uni\u00f3n Europea aclar\u00f3 que su comunicado sobre Malvinas no fue un llamamiento a negociar con Argentina"},"content":{"rendered":"\n<p>Luego de que la&nbsp;<strong>Canciller\u00eda Argentina<\/strong>&nbsp;se\u00f1alara que la&nbsp;<strong>menci\u00f3n&nbsp;<\/strong>en el documento final que se firm\u00f3 en Bruselas entre la&nbsp;<strong>Uni\u00f3n Europea y la CELAC<\/strong>&nbsp;con referencia a la soberan\u00eda sobre las Islas Malvinas se consideraba \u201c<strong>una victoria diplom\u00e1tica<\/strong>\u201d, voceros de la UE aclararon que la posici\u00f3n del bloque sobre el tema&nbsp;<strong>no cambi\u00f3<\/strong>&nbsp;y que \u201cha tomado nota del inter\u00e9s mostrado por Argentina y los Estados de la CELAC en abordar la cuesti\u00f3n de las Malvinas\/Falklands\u201d. El primer ministro de Reino Unido,&nbsp;<strong>Rishi Sunak<\/strong>, acus\u00f3 a la UE de una&nbsp;<strong>\u201clamentable\u201d<\/strong>&nbsp;elecci\u00f3n de palabras las referencias a la disputa por el archipi\u00e9lago ubicado en el Atl\u00e1ntico Sur.<\/p>\n\n\n\n<p><strong>Peter Stano<\/strong>, portavoz principal de Asuntos Exteriores y Pol\u00edtica de Seguridad de la UE, ante la consulta de varios medios internacionales, especific\u00f3 que \u201clos Estados miembros de la UE&nbsp;<strong>no han cambiado sus puntos de vista y posiciones&nbsp;<\/strong>con respecto a las Falklands\/Islas Malvinas. La UE no est\u00e1 en condiciones de expresar ninguna posici\u00f3n sobre las Falklands\/Islas Malvinas, ya que&nbsp;<strong>no hay ning\u00fan debate en el Consejo sobre este asunto<\/strong>\u201d. Con sus palabras pretendi\u00f3 calmar las quejas brit\u00e1nicas y que en ning\u00fan momento se intent\u00f3 desde el bloque europeo un llamamiento a que se negocie entre ambas naciones en un conflicto que se inici\u00f3 en 1833 y que se profundiz\u00f3 con la Guerra en 1982.<\/p>\n\n\n\n<p>Casi al mismo tiempo, Rishi Sunak, primer ministro de Reino Unido, hab\u00eda apuntado a la Uni\u00f3n Europea por utilizar una&nbsp;<strong>\u201clamentable\u201d elecci\u00f3n de palabras<\/strong>&nbsp;sobre las Malvinas. Seg\u00fan el diario ingl\u00e9s&nbsp;<strong>The Independent<\/strong>, el portavoz del primer ministro dijo que era \u201ccorrecto\u201d que al bloque \u201cse le haya pedido que aclare su posici\u00f3n\u201d. Y agreg\u00f3 que \u201cdejamos nuestros puntos de vista muy claros y hemos hablado con la UE sobre esto en Bruselas\u201d. Adem\u00e1s afirm\u00f3 que el primer ministro \u201cabsolutamente\u201d no quer\u00eda ver una repetici\u00f3n del error.<\/p>\n\n\n\n<p>De acuerdo a informaci\u00f3n que public\u00f3 este jueves el sitio digital ingl\u00e9s&nbsp;<strong>Pol\u00edtico&nbsp;<\/strong>hubo gestiones del gobierno brit\u00e1nico que intentaron evitar la inclusi\u00f3n de ese p\u00e1rrafo en el documento final. \u201cEspero que puedan mantener a las Islas Malvinas fuera del comunicado de la cumbre, refiri\u00e9ndose a que ser\u00e1 presentado por Argentina como apoyo a su causa, requerir\u00e1 que respondamos y aumente las tensiones en la regi\u00f3n\u201d, se pod\u00eda leer en un mensaje de texto enviado por el secretario de Asuntos Exteriores de Reino Unido,<strong>&nbsp;James Cleverly<\/strong>, al m\u00e1ximo diplom\u00e1tico de la UE,&nbsp;<strong>Josep Borrell<\/strong>, seg\u00fan esa publicaci\u00f3n.<\/p>\n\n\n\n<p>El Canciller argentino, en tanto, insisti\u00f3 en un tuit destinado a&nbsp;<strong>Cleverly<\/strong>: \u201cEn un mundo en el que las relaciones internacionales deben estar basadas en reglas, es fundamental el respeto del Derecho Internacional y, especialmente, de la integridad territorial de los Estados. Agradecemos las recientes expresiones categ\u00f3ricas de CELAC y UE al respecto\u201d.<\/p>\n\n\n\n<p><img decoding=\"async\" loading=\"lazy\" alt=\"La respuesta de Santiago Cafiero en Twitter\" height=\"415\" width=\"657\" src=\"https:\/\/www.infobae.com\/new-resizer\/6UuWxKtzeMvNsVLvY-SJm526WoU=\/arc-anglerfish-arc2-prod-infobae\/public\/T32JU7DKNFGY7KBFBXCWZZESQM.PNG\" srcset=\"https:\/\/www.infobae.com\/new-resizer\/7pKmdo_IUZwIARDCPEOdYd-gBQw=\/992x606\/filters:format(webp):quality(85)\/cloudfront-us-east-1.images.arcpublishing.com\/infobae\/T32JU7DKNFGY7KBFBXCWZZESQM.PNG 992w\">La respuesta de Santiago Cafiero en Twitter<\/p>\n\n\n\n<p>\u201cLe reitero nuestra propuesta expresada el pasado 2 de marzo en los m\u00e1rgenes de la Cumbre del G-20: adoptar una nueva agenda bilateral relativa al Atl\u00e1ntico Sur y retomar el proceso formal de negociaciones dentro del marco de la Resoluci\u00f3n 2065 de la Asamblea General de la ONU, enfatiz\u00f3&nbsp;<strong>Santiago Cafiero<\/strong>.<\/p>\n\n\n\n<p>El posteo del Canciller nacional, vale recordar, se dio a modo de respuesta a un primer tuit del secretario de Asuntos Exteriores de Reino Unido en el que indic\u00f3: \u201cLos habitantes de las&nbsp;<strong>Islas Malvinas<\/strong>&nbsp;tienen derecho a elegir su propio futuro. El 99,8% de los habitantes de las Islas Malvinas votaron para ser parte de la familia del Reino Unido. Argentina y la UE deber\u00edan escuchar su elecci\u00f3n democr\u00e1tica\u201d.<\/p>\n\n\n\n<p>\u201cEstimado Secretario&nbsp;<strong>James Cleverly<\/strong>, el Reino Unido viola la integridad territorial de la Argentina desde hace 190 a\u00f1os. Le recuerdo que conforme a la Resoluci\u00f3n 1514 de la Asamblea General de Naciones Unidas la autodeterminaci\u00f3n no resulta aplicable a los habitantes de Malvinas\u201d, le replic\u00f3 entonces Cafiero. Complet\u00f3 luego: \u201cEl pretendido \u2018refer\u00e9ndum\u2019 que invoca no tiene valor para el Derecho Internacional ni modifica lo estipulado por las m\u00e1s de 50 resoluciones de Naciones Unidas, ni la obligaci\u00f3n del Reino Unido de poner fin al colonialismo en todas sus formas y resolver la disputa pac\u00edficamente\u201d.<\/p>\n\n\n\n<p><img decoding=\"async\" loading=\"lazy\" alt=\"El primer ministro brit\u00e1nico, Rishi Sunak, habla en la C\u00e1mara de los Comunes en Londres. FOTO: Jessica Taylor\/Handout via REUTERS.\" height=\"3667\" width=\"5500\" src=\"https:\/\/www.infobae.com\/new-resizer\/Lg3PusXi95sMTOv_GjtG-i76NK8=\/arc-anglerfish-arc2-prod-infobae\/public\/HIFS3XV5J4D3MNBHT2MOEUKPDA.jpg\" srcset=\"https:\/\/www.infobae.com\/new-resizer\/eE7x884Fu7Nb2Re2T6uG3uyRZzw=\/420x280\/filters:format(webp):quality(85)\/cloudfront-us-east-1.images.arcpublishing.com\/infobae\/HIFS3XV5J4D3MNBHT2MOEUKPDA.jpg 420w,https:\/\/www.infobae.com\/new-resizer\/4WnbF7RKWaFHXcNbu1Hq5GEKFsk=\/768x512\/filters:format(webp):quality(85)\/cloudfront-us-east-1.images.arcpublishing.com\/infobae\/HIFS3XV5J4D3MNBHT2MOEUKPDA.jpg 768w,https:\/\/www.infobae.com\/new-resizer\/Wkxf51FAOgk0vKQD1Y-041gKcow=\/992x661\/filters:format(webp):quality(85)\/cloudfront-us-east-1.images.arcpublishing.com\/infobae\/HIFS3XV5J4D3MNBHT2MOEUKPDA.jpg 992w,https:\/\/www.infobae.com\/new-resizer\/0mAn0vEJ_jw3DipmHCS-4hlhxAo=\/1200x800\/filters:format(webp):quality(85)\/cloudfront-us-east-1.images.arcpublishing.com\/infobae\/HIFS3XV5J4D3MNBHT2MOEUKPDA.jpg 1200w,https:\/\/www.infobae.com\/new-resizer\/o-KJrZjJGJV70JQNFxEpg9wIeB0=\/1440x960\/filters:format(webp):quality(85)\/cloudfront-us-east-1.images.arcpublishing.com\/infobae\/HIFS3XV5J4D3MNBHT2MOEUKPDA.jpg 1440w\">El primer ministro brit\u00e1nico, Rishi Sunak, habla en la C\u00e1mara de los Comunes en Londres. FOTO: Jessica Taylor\/Handout via REUTERS.<\/p>\n\n\n\n<p>\u201cLa UE no toma ninguna posici\u00f3n sobre tales asuntos sin un mandato del Consejo (es decir, sin una decisi\u00f3n tomada por los 27 Estados miembros en el \u00f3rgano de toma de decisiones llamado Consejo de la UE). La inclusi\u00f3n de un p\u00e1rrafo que menciona que la UE tom\u00f3 nota de la posici\u00f3n de la CELAC sobre la soberan\u00eda de las Islas Malvinas\/Falklands&nbsp;<strong>fue acordada por todos los Estados miembros de la UE&nbsp;<\/strong>en las discusiones y negociaciones del Consejo durante la Cumbre\u201d, a\u00f1adi\u00f3 Stano en sus declaraciones.<\/p>\n\n\n\n<p>\u201cLa UE siempre est\u00e1 dispuesta a escuchar la posici\u00f3n de nuestros socios y tomar nota de ello. En ese esp\u00edritu, la UE&nbsp;<strong>ha tomado nota del inter\u00e9s mostrado por Argentina y los Estados de la CELAC en abordar la cuesti\u00f3n de las Malvinas\/Falklands\u201d,&nbsp;<\/strong>concluy\u00f3.<\/p>\n\n\n\n<p><img decoding=\"async\" loading=\"lazy\" alt=\"El canciller Santiago Cafiero junto a sus pares del Mercosur en la cumbre UE-CELAC. Cr\u00e9dito: Presidencia\" height=\"1080\" width=\"1920\" src=\"https:\/\/www.infobae.com\/new-resizer\/NCjkMPZ7jkccspGiGbjsp4L0584=\/arc-anglerfish-arc2-prod-infobae\/public\/74WLHEWWQJBONLYAD6CKIDKG4I.jpg\" srcset=\"https:\/\/www.infobae.com\/new-resizer\/_yMpqtAS0ES1g7Dv4WWVXopZNck=\/420x236\/filters:format(webp):quality(85)\/cloudfront-us-east-1.images.arcpublishing.com\/infobae\/74WLHEWWQJBONLYAD6CKIDKG4I.jpg 420w,https:\/\/www.infobae.com\/new-resizer\/qlW0j88sOKy0brvKRpsj-Dsix-8=\/768x432\/filters:format(webp):quality(85)\/cloudfront-us-east-1.images.arcpublishing.com\/infobae\/74WLHEWWQJBONLYAD6CKIDKG4I.jpg 768w,https:\/\/www.infobae.com\/new-resizer\/YIaF1z9JlJRBfW52cjc-xMqL5bo=\/992x558\/filters:format(webp):quality(85)\/cloudfront-us-east-1.images.arcpublishing.com\/infobae\/74WLHEWWQJBONLYAD6CKIDKG4I.jpg 992w,https:\/\/www.infobae.com\/new-resizer\/qhkrgB6Bdz-Eky_lYrPEk-u1XsA=\/1200x675\/filters:format(webp):quality(85)\/cloudfront-us-east-1.images.arcpublishing.com\/infobae\/74WLHEWWQJBONLYAD6CKIDKG4I.jpg 1200w,https:\/\/www.infobae.com\/new-resizer\/xPCjlCRUFShDWIOXAAoCiPRVqAw=\/1440x810\/filters:format(webp):quality(85)\/cloudfront-us-east-1.images.arcpublishing.com\/infobae\/74WLHEWWQJBONLYAD6CKIDKG4I.jpg 1440w\">El canciller Santiago Cafiero junto a sus pares del Mercosur en la cumbre UE-CELAC. Cr\u00e9dito: Presidencia<\/p>\n\n\n\n<p>Argentina hab\u00eda celebrado que en la declaraci\u00f3n final del encuentro que se produjo entre el lunes y el martes de esa semana en la capital de B\u00e9lgica se haya mencionado en los puntos 13 y 14 la cuesti\u00f3n Malvinas. El canciller argentino Santiago Cafiero hab\u00eda expresado que&nbsp;<strong>\u201ca partir de este pronunciamiento el gobierno argentino tiene la expectativa de profundizar el di\u00e1logo con la Uni\u00f3n Europa en relaci\u00f3n con la Cuesti\u00f3n de las Islas Malvinas<\/strong>. Esta declaraci\u00f3n conjunta supone un nuevo llamamiento de la comunidad internacional al Reino Unido para que se avenga a cumplir con su obligaci\u00f3n de reanudar las negociaciones de soberan\u00eda con la Argentina\u201d.<\/p>\n\n\n\n<p>Desde la Canciller\u00eda argentina se consider\u00f3 que \u201ceste destacado logro diplom\u00e1tico refleja la perseverancia de la canciller\u00eda argentina, as\u00ed como la determinaci\u00f3n del gobierno en revitalizar el impulso de una pol\u00edtica de Estado tan importante para los argentinos y argentinas\u201d.<\/p>\n\n\n\n<p>En el punto 13 del documento final, en el que tuvo una activa participaci\u00f3n en calidad de coordinador por la CELAC,&nbsp;<strong>Gustavo Mart\u00ednez Pandiani,&nbsp;<\/strong>funcionario cercano al ministro de Econom\u00eda&nbsp;<strong>Sergio Massa<\/strong>, designado por el actual ministro de Relaciones Exteriores como subsecretario para Am\u00e9rica Latina y el Caribe en 2021, se consigna que \u201cen cuanto a la cuesti\u00f3n de la soberan\u00eda sobre las Islas Malvinas,&nbsp;<strong>la Uni\u00f3n Europea ha tomado nota de la posici\u00f3n hist\u00f3rica de la CELAC,&nbsp;<\/strong>basada en la importancia del di\u00e1logo y el respeto del Derecho internacional en la soluci\u00f3n pac\u00edfica de controversias\u201d.<\/p>\n\n\n\n<p>Y en el 14 se agreg\u00f3 que \u201creafirmamos adem\u00e1s nuestra adhesi\u00f3n fundamental a todos los fines y principios de la Carta de las Naciones Unidas, en particular la igualdad soberana de todos los Estados y el respeto de su integridad territorial y su independencia pol\u00edtica, as\u00ed como la soluci\u00f3n de controversias por medios pac\u00edficos y de conformidad con los principios de justicia y de Derecho internacional\u201d.<\/p>\n\n\n\n<p>Fuente: Infobae<\/p>\n","protected":false},"excerpt":{"rendered":"<div class=\"mh-excerpt\"><p>Luego de que la&nbsp;Canciller\u00eda Argentina&nbsp;se\u00f1alara que la&nbsp;menci\u00f3n&nbsp;en el documento final que se firm\u00f3 en Bruselas entre la&nbsp;Uni\u00f3n Europea y la CELAC&nbsp;con referencia a la soberan\u00eda sobre las Islas Malvinas se consideraba \u201cuna victoria diplom\u00e1tica\u201d, voceros de la UE aclararon que la posici\u00f3n del bloque sobre el tema&nbsp;no cambi\u00f3&nbsp;y que \u201cha tomado nota del inter\u00e9s mostrado por Argentina y los Estados de la CELAC en abordar la cuesti\u00f3n de las Malvinas\/Falklands\u201d. El primer ministro de Reino Unido,&nbsp;Rishi Sunak, acus\u00f3 a la UE de una&nbsp;\u201clamentable\u201d&nbsp;elecci\u00f3n de palabras las referencias a la disputa por el archipi\u00e9lago ubicado en el Atl\u00e1ntico Sur. Peter Stano, <a class=\"mh-excerpt-more\" href=\"http:\/\/dsrmedios.com.ar\/diario\/archivos\/37205\" title=\"Reino Unido se quej\u00f3 y la Uni\u00f3n Europea aclar\u00f3 que su comunicado sobre Malvinas no fue un llamamiento a negociar con Argentina\">[Leer m\u00e1s]<\/a><\/p>\n<\/div>","protected":false},"author":8,"featured_media":37206,"comment_status":"open","ping_status":"closed","sticky":false,"template":"","format":"standard","meta":{"_jetpack_newsletter_access":""},"categories":[6],"tags":[],"jetpack_featured_media_url":"http:\/\/dsrmedios.com.ar\/diario\/wp-content\/uploads\/2023\/07\/descarga-13-1.jpg","jetpack_sharing_enabled":true,"jetpack_shortlink":"https:\/\/wp.me\/p9fihK-9G5","_links":{"self":[{"href":"http:\/\/dsrmedios.com.ar\/diario\/wp-json\/wp\/v2\/posts\/37205"}],"collection":[{"href":"http:\/\/dsrmedios.com.ar\/diario\/wp-json\/wp\/v2\/posts"}],"about":[{"href":"http:\/\/dsrmedios.com.ar\/diario\/wp-json\/wp\/v2\/types\/post"}],"author":[{"embeddable":true,"href":"http:\/\/dsrmedios.com.ar\/diario\/wp-json\/wp\/v2\/users\/8"}],"replies":[{"embeddable":true,"href":"http:\/\/dsrmedios.com.ar\/diario\/wp-json\/wp\/v2\/comments?post=37205"}],"version-history":[{"count":1,"href":"http:\/\/dsrmedios.com.ar\/diario\/wp-json\/wp\/v2\/posts\/37205\/revisions"}],"predecessor-version":[{"id":37207,"href":"http:\/\/dsrmedios.com.ar\/diario\/wp-json\/wp\/v2\/posts\/37205\/revisions\/37207"}],"wp:featuredmedia":[{"embeddable":true,"href":"http:\/\/dsrmedios.com.ar\/diario\/wp-json\/wp\/v2\/media\/37206"}],"wp:attachment":[{"href":"http:\/\/dsrmedios.com.ar\/diario\/wp-json\/wp\/v2\/media?parent=37205"}],"wp:term":[{"taxonomy":"category","embeddable":true,"href":"http:\/\/dsrmedios.com.ar\/diario\/wp-json\/wp\/v2\/categories?post=37205"},{"taxonomy":"post_tag","embeddable":true,"href":"http:\/\/dsrmedios.com.ar\/diario\/wp-json\/wp\/v2\/tags?post=37205"}],"curies":[{"name":"wp","href":"https:\/\/api.w.org\/{rel}","templated":true}]}}