{"id":37196,"date":"2023-07-20T16:20:26","date_gmt":"2023-07-20T19:20:26","guid":{"rendered":"http:\/\/dsrmedios.com.ar\/diario\/?p=37196"},"modified":"2023-07-20T16:20:30","modified_gmt":"2023-07-20T19:20:30","slug":"el-municipio-construye-la-estacion-de-la-patrulla-rural-de-adolfo-alsina","status":"publish","type":"post","link":"http:\/\/dsrmedios.com.ar\/diario\/archivos\/37196","title":{"rendered":"<strong>El Municipio construye la Estaci\u00f3n\u00a0de la Patrulla\u00a0Rural\u00a0de Adolfo Alsina<\/strong>"},"content":{"rendered":"\n<h3>El Intendente Javier Andres recorri\u00f3 junto al Secretario de Seguridad de Adolfo Alsina, Facundo Olavarr\u00eda, la obra de construcci\u00f3n de la sede del Comando de Patrulla Rural sita en el predio de 66 hect\u00e1reas, ubicado en el acceso H\u00e9roes de Malvinas, de la ciudad de Carhu\u00e9. La obra se lleva a cabo con fondos municipales.<br>&nbsp;<br>En la Estaci\u00f3n, tomando como base estructural un ex garaje, se realizan ba\u00f1os y&nbsp; habitaciones para el personal masculino y femenino, pisos, mamposter\u00eda, aberturas, sistema el\u00e9ctrico, colocaci\u00f3n de sistemas de calefacci\u00f3n y aire acondicionado, paredes, y todo lo necesario para que la sede del C.P.R. sea \u00f3ptima y propicia para albergar al personal y realizar tareas.<\/h3>\n","protected":false},"excerpt":{"rendered":"<div class=\"mh-excerpt\"><p>El Intendente Javier Andres recorri\u00f3 junto al Secretario de Seguridad de Adolfo Alsina, Facundo Olavarr\u00eda, la obra de construcci\u00f3n de la sede del Comando de Patrulla Rural sita en el predio de 66 hect\u00e1reas, ubicado en el acceso H\u00e9roes de Malvinas, de la ciudad de Carhu\u00e9. La obra se lleva a cabo con fondos municipales.&nbsp;En la Estaci\u00f3n, tomando como base estructural un ex garaje, se realizan ba\u00f1os y&nbsp; habitaciones para el personal masculino y femenino, pisos, mamposter\u00eda, aberturas, sistema el\u00e9ctrico, colocaci\u00f3n de sistemas de calefacci\u00f3n y aire acondicionado, paredes, y todo lo necesario para que la sede del C.P.R. sea <a class=\"mh-excerpt-more\" href=\"http:\/\/dsrmedios.com.ar\/diario\/archivos\/37196\" title=\"El Municipio construye la Estaci\u00f3n\u00a0de la Patrulla\u00a0Rural\u00a0de Adolfo Alsina\">[Leer m\u00e1s]<\/a><\/p>\n<\/div>","protected":false},"author":8,"featured_media":37197,"comment_status":"open","ping_status":"closed","sticky":false,"template":"","format":"standard","meta":{"_jetpack_newsletter_access":""},"categories":[18,31,5],"tags":[],"jetpack_featured_media_url":"http:\/\/dsrmedios.com.ar\/diario\/wp-content\/uploads\/2023\/07\/WhatsApp-Image-2023-07-20-at-12.11.16.jpeg","jetpack_sharing_enabled":true,"jetpack_shortlink":"https:\/\/wp.me\/p9fihK-9FW","_links":{"self":[{"href":"http:\/\/dsrmedios.com.ar\/diario\/wp-json\/wp\/v2\/posts\/37196"}],"collection":[{"href":"http:\/\/dsrmedios.com.ar\/diario\/wp-json\/wp\/v2\/posts"}],"about":[{"href":"http:\/\/dsrmedios.com.ar\/diario\/wp-json\/wp\/v2\/types\/post"}],"author":[{"embeddable":true,"href":"http:\/\/dsrmedios.com.ar\/diario\/wp-json\/wp\/v2\/users\/8"}],"replies":[{"embeddable":true,"href":"http:\/\/dsrmedios.com.ar\/diario\/wp-json\/wp\/v2\/comments?post=37196"}],"version-history":[{"count":1,"href":"http:\/\/dsrmedios.com.ar\/diario\/wp-json\/wp\/v2\/posts\/37196\/revisions"}],"predecessor-version":[{"id":37198,"href":"http:\/\/dsrmedios.com.ar\/diario\/wp-json\/wp\/v2\/posts\/37196\/revisions\/37198"}],"wp:featuredmedia":[{"embeddable":true,"href":"http:\/\/dsrmedios.com.ar\/diario\/wp-json\/wp\/v2\/media\/37197"}],"wp:attachment":[{"href":"http:\/\/dsrmedios.com.ar\/diario\/wp-json\/wp\/v2\/media?parent=37196"}],"wp:term":[{"taxonomy":"category","embeddable":true,"href":"http:\/\/dsrmedios.com.ar\/diario\/wp-json\/wp\/v2\/categories?post=37196"},{"taxonomy":"post_tag","embeddable":true,"href":"http:\/\/dsrmedios.com.ar\/diario\/wp-json\/wp\/v2\/tags?post=37196"}],"curies":[{"name":"wp","href":"https:\/\/api.w.org\/{rel}","templated":true}]}}