{"id":37189,"date":"2023-07-20T16:17:24","date_gmt":"2023-07-20T19:17:24","guid":{"rendered":"http:\/\/dsrmedios.com.ar\/diario\/?p=37189"},"modified":"2023-07-20T16:17:28","modified_gmt":"2023-07-20T19:17:28","slug":"servicio-local-de-promocion-y-proteccion-de-los-derechos-del-nino-nina-y-adolescente-ofrecio-una-capacitacion","status":"publish","type":"post","link":"http:\/\/dsrmedios.com.ar\/diario\/archivos\/37189","title":{"rendered":"<strong>Servicio Local de Promoci\u00f3n y Protecci\u00f3n de los Derechos del Ni\u00f1o, Ni\u00f1a y Adolescente ofreci\u00f3 una capacitaci\u00f3n<\/strong>"},"content":{"rendered":"\n<h3>Miembros del equipo t\u00e9cnico del Servicio Local de Promoci\u00f3n y Protecci\u00f3n de los Derechos del Ni\u00f1o, Ni\u00f1a y Adolescente realizaron una jornada de capacitaci\u00f3n sobre Derechos del Ni\u00f1o a alumnas de Profesorado de Educaci\u00f3n Inicial perteneciente al Instituto N\u00b0 73 de Guamin\u00ed, en el anexo que funciona en nuestra Carhu\u00e9.<br><br>La capacitaci\u00f3n estuvo destinada a informar sobre el marco legal y sistema de derechos de los ni\u00f1os.<br>&nbsp;<\/h3>\n","protected":false},"excerpt":{"rendered":"<div class=\"mh-excerpt\"><p>Miembros del equipo t\u00e9cnico del Servicio Local de Promoci\u00f3n y Protecci\u00f3n de los Derechos del Ni\u00f1o, Ni\u00f1a y Adolescente realizaron una jornada de capacitaci\u00f3n sobre Derechos del Ni\u00f1o a alumnas de Profesorado de Educaci\u00f3n Inicial perteneciente al Instituto N\u00b0 73 de Guamin\u00ed, en el anexo que funciona en nuestra Carhu\u00e9. La capacitaci\u00f3n estuvo destinada a informar sobre el marco legal y sistema de derechos de los ni\u00f1os.&nbsp;<\/p>\n<\/div>","protected":false},"author":8,"featured_media":37191,"comment_status":"open","ping_status":"closed","sticky":false,"template":"","format":"standard","meta":{"_jetpack_newsletter_access":""},"categories":[18,31,5],"tags":[],"jetpack_featured_media_url":"http:\/\/dsrmedios.com.ar\/diario\/wp-content\/uploads\/2023\/07\/WhatsApp-Image-2023-07-19-at-13.01.59-1.jpeg","jetpack_sharing_enabled":true,"jetpack_shortlink":"https:\/\/wp.me\/p9fihK-9FP","_links":{"self":[{"href":"http:\/\/dsrmedios.com.ar\/diario\/wp-json\/wp\/v2\/posts\/37189"}],"collection":[{"href":"http:\/\/dsrmedios.com.ar\/diario\/wp-json\/wp\/v2\/posts"}],"about":[{"href":"http:\/\/dsrmedios.com.ar\/diario\/wp-json\/wp\/v2\/types\/post"}],"author":[{"embeddable":true,"href":"http:\/\/dsrmedios.com.ar\/diario\/wp-json\/wp\/v2\/users\/8"}],"replies":[{"embeddable":true,"href":"http:\/\/dsrmedios.com.ar\/diario\/wp-json\/wp\/v2\/comments?post=37189"}],"version-history":[{"count":1,"href":"http:\/\/dsrmedios.com.ar\/diario\/wp-json\/wp\/v2\/posts\/37189\/revisions"}],"predecessor-version":[{"id":37192,"href":"http:\/\/dsrmedios.com.ar\/diario\/wp-json\/wp\/v2\/posts\/37189\/revisions\/37192"}],"wp:featuredmedia":[{"embeddable":true,"href":"http:\/\/dsrmedios.com.ar\/diario\/wp-json\/wp\/v2\/media\/37191"}],"wp:attachment":[{"href":"http:\/\/dsrmedios.com.ar\/diario\/wp-json\/wp\/v2\/media?parent=37189"}],"wp:term":[{"taxonomy":"category","embeddable":true,"href":"http:\/\/dsrmedios.com.ar\/diario\/wp-json\/wp\/v2\/categories?post=37189"},{"taxonomy":"post_tag","embeddable":true,"href":"http:\/\/dsrmedios.com.ar\/diario\/wp-json\/wp\/v2\/tags?post=37189"}],"curies":[{"name":"wp","href":"https:\/\/api.w.org\/{rel}","templated":true}]}}