{"id":37164,"date":"2023-07-20T09:20:18","date_gmt":"2023-07-20T12:20:18","guid":{"rendered":"http:\/\/dsrmedios.com.ar\/diario\/?p=37164"},"modified":"2023-07-20T16:15:48","modified_gmt":"2023-07-20T19:15:48","slug":"leubuco-jornada-del-programa-de-salud-comunitaria-rural","status":"publish","type":"post","link":"http:\/\/dsrmedios.com.ar\/diario\/archivos\/37164","title":{"rendered":"Leubuc\u00f3: jornada del Programa de Salud Comunitaria Rural"},"content":{"rendered":"\n<h3>La Municipalidad de Adolfo Alsina, a trav\u00e9s de la Secretar\u00eda de Salud, llev\u00f3 a cabo una jornada de atenci\u00f3n en la localidad de Leubuc\u00f3, en el marco del Programa de Salud Comunitaria Rural. El programa se llevar\u00e1 a cabo en los trece parajes de Adolfo Alsina.<br>&nbsp;<br>Se realizaron controles bucodentales, limpieza y ense\u00f1anza de cepillado (edades de 4 a 15 a\u00f1os); se realiz\u00f3 vacunaci\u00f3n antigripal y antineumon\u00eda; se llevaron a cabo controles de signos vitales; se realizaron charlas de obstetricia y un taller de anticoncepci\u00f3n; en fonoaudiolog\u00eda se atendieron pacientes para promoci\u00f3n del lenguaje y audiometr\u00edas.<\/h3>\n","protected":false},"excerpt":{"rendered":"<div class=\"mh-excerpt\"><p>La Municipalidad de Adolfo Alsina, a trav\u00e9s de la Secretar\u00eda de Salud, llev\u00f3 a cabo una jornada de atenci\u00f3n en la localidad de Leubuc\u00f3, en el marco del Programa de Salud Comunitaria Rural. El programa se llevar\u00e1 a cabo en los trece parajes de Adolfo Alsina.&nbsp;Se realizaron controles bucodentales, limpieza y ense\u00f1anza de cepillado (edades de 4 a 15 a\u00f1os); se realiz\u00f3 vacunaci\u00f3n antigripal y antineumon\u00eda; se llevaron a cabo controles de signos vitales; se realizaron charlas de obstetricia y un taller de anticoncepci\u00f3n; en fonoaudiolog\u00eda se atendieron pacientes para promoci\u00f3n del lenguaje y audiometr\u00edas.<\/p>\n<\/div>","protected":false},"author":8,"featured_media":37165,"comment_status":"open","ping_status":"closed","sticky":false,"template":"","format":"standard","meta":{"_jetpack_newsletter_access":""},"categories":[18,31,5],"tags":[],"jetpack_featured_media_url":"http:\/\/dsrmedios.com.ar\/diario\/wp-content\/uploads\/2023\/07\/descarga-10-1.jpg","jetpack_sharing_enabled":true,"jetpack_shortlink":"https:\/\/wp.me\/p9fihK-9Fq","_links":{"self":[{"href":"http:\/\/dsrmedios.com.ar\/diario\/wp-json\/wp\/v2\/posts\/37164"}],"collection":[{"href":"http:\/\/dsrmedios.com.ar\/diario\/wp-json\/wp\/v2\/posts"}],"about":[{"href":"http:\/\/dsrmedios.com.ar\/diario\/wp-json\/wp\/v2\/types\/post"}],"author":[{"embeddable":true,"href":"http:\/\/dsrmedios.com.ar\/diario\/wp-json\/wp\/v2\/users\/8"}],"replies":[{"embeddable":true,"href":"http:\/\/dsrmedios.com.ar\/diario\/wp-json\/wp\/v2\/comments?post=37164"}],"version-history":[{"count":2,"href":"http:\/\/dsrmedios.com.ar\/diario\/wp-json\/wp\/v2\/posts\/37164\/revisions"}],"predecessor-version":[{"id":37186,"href":"http:\/\/dsrmedios.com.ar\/diario\/wp-json\/wp\/v2\/posts\/37164\/revisions\/37186"}],"wp:featuredmedia":[{"embeddable":true,"href":"http:\/\/dsrmedios.com.ar\/diario\/wp-json\/wp\/v2\/media\/37165"}],"wp:attachment":[{"href":"http:\/\/dsrmedios.com.ar\/diario\/wp-json\/wp\/v2\/media?parent=37164"}],"wp:term":[{"taxonomy":"category","embeddable":true,"href":"http:\/\/dsrmedios.com.ar\/diario\/wp-json\/wp\/v2\/categories?post=37164"},{"taxonomy":"post_tag","embeddable":true,"href":"http:\/\/dsrmedios.com.ar\/diario\/wp-json\/wp\/v2\/tags?post=37164"}],"curies":[{"name":"wp","href":"https:\/\/api.w.org\/{rel}","templated":true}]}}