{"id":3715,"date":"2018-01-23T08:09:08","date_gmt":"2018-01-23T11:09:08","guid":{"rendered":"http:\/\/dsrmedios.com.ar\/diario\/?p=3715"},"modified":"2018-01-23T08:09:08","modified_gmt":"2018-01-23T11:09:08","slug":"vidal-lo-mejor-que-tiene-nuestra-provincia-es-la-fuerza-de-los-bonaerenses","status":"publish","type":"post","link":"http:\/\/dsrmedios.com.ar\/diario\/archivos\/3715","title":{"rendered":"Vidal: &#8220;&#8230;lo mejor que tiene nuestra provincia es la fuerza de los bonaerenses&#8221;"},"content":{"rendered":"<p>La gobernadora Mar\u00eda Eugenia Vidal asegur\u00f3 este lunes que &#8220;lo mejor que tiene nuestra provincia es la fuerza de los bonaerenses&#8221;, al t\u00e9rmino de la visita que efectu\u00f3 hoy a la casa de una familia damnificada por la inundaci\u00f3n que afect\u00f3 a la ciudad de La Plata el 2 de abril de 2013.<\/p>\n<p>&#8220;Las obras que estamos haciendo son muchas; esa es la diferencia entre que la gente vuelva a dormir tranquila o se vuelva a angustiar cada vez que llueve&#8221;, precis\u00f3 la mandataria provincial.<\/p>\n<p>En ese sentido sostuvo que \u201centre el 70 y 80 por ciento de las obras que previenen las inundaciones en La Plata ya est\u00e1n hechas y este a\u00f1o concluiremos el trabajo&#8221;.<\/p>\n<p>Vidal fue recibida por Diana, una psic\u00f3loga platense que hab\u00eda invitado a la gobernadora a conocer su historia a trav\u00e9s de la red social Facebook. Tambi\u00e9n participaron del encuentro sus dos hijos, Shirley y Manuel; y su mam\u00e1, Susana.<\/p>\n<p>fuente :www.aninoticias.com<\/p>\n","protected":false},"excerpt":{"rendered":"<div class=\"mh-excerpt\"><p>La gobernadora Mar\u00eda Eugenia Vidal asegur\u00f3 este lunes que &#8220;lo mejor que tiene nuestra provincia es la fuerza de los bonaerenses&#8221;, al t\u00e9rmino de la visita que efectu\u00f3 hoy a la casa de una familia damnificada por la inundaci\u00f3n que afect\u00f3 a la ciudad de La Plata el 2 de abril de 2013. &#8220;Las obras que estamos haciendo son muchas; esa es la diferencia entre que la gente vuelva a dormir tranquila o se vuelva a angustiar cada vez que llueve&#8221;, precis\u00f3 la mandataria provincial. En ese sentido sostuvo que \u201centre el 70 y 80 por ciento de las obras <a class=\"mh-excerpt-more\" href=\"http:\/\/dsrmedios.com.ar\/diario\/archivos\/3715\" title=\"Vidal: &#8220;&#8230;lo mejor que tiene nuestra provincia es la fuerza de los bonaerenses&#8221;\">[Leer m\u00e1s]<\/a><\/p>\n<\/div>","protected":false},"author":5,"featured_media":3716,"comment_status":"open","ping_status":"closed","sticky":false,"template":"","format":"standard","meta":{"_jetpack_newsletter_access":""},"categories":[18,7],"tags":[],"jetpack_featured_media_url":"http:\/\/dsrmedios.com.ar\/diario\/wp-content\/uploads\/2018\/01\/vidal_sentada.jpg","jetpack_sharing_enabled":true,"jetpack_shortlink":"https:\/\/wp.me\/p9fihK-XV","_links":{"self":[{"href":"http:\/\/dsrmedios.com.ar\/diario\/wp-json\/wp\/v2\/posts\/3715"}],"collection":[{"href":"http:\/\/dsrmedios.com.ar\/diario\/wp-json\/wp\/v2\/posts"}],"about":[{"href":"http:\/\/dsrmedios.com.ar\/diario\/wp-json\/wp\/v2\/types\/post"}],"author":[{"embeddable":true,"href":"http:\/\/dsrmedios.com.ar\/diario\/wp-json\/wp\/v2\/users\/5"}],"replies":[{"embeddable":true,"href":"http:\/\/dsrmedios.com.ar\/diario\/wp-json\/wp\/v2\/comments?post=3715"}],"version-history":[{"count":1,"href":"http:\/\/dsrmedios.com.ar\/diario\/wp-json\/wp\/v2\/posts\/3715\/revisions"}],"predecessor-version":[{"id":3717,"href":"http:\/\/dsrmedios.com.ar\/diario\/wp-json\/wp\/v2\/posts\/3715\/revisions\/3717"}],"wp:featuredmedia":[{"embeddable":true,"href":"http:\/\/dsrmedios.com.ar\/diario\/wp-json\/wp\/v2\/media\/3716"}],"wp:attachment":[{"href":"http:\/\/dsrmedios.com.ar\/diario\/wp-json\/wp\/v2\/media?parent=3715"}],"wp:term":[{"taxonomy":"category","embeddable":true,"href":"http:\/\/dsrmedios.com.ar\/diario\/wp-json\/wp\/v2\/categories?post=3715"},{"taxonomy":"post_tag","embeddable":true,"href":"http:\/\/dsrmedios.com.ar\/diario\/wp-json\/wp\/v2\/tags?post=3715"}],"curies":[{"name":"wp","href":"https:\/\/api.w.org\/{rel}","templated":true}]}}