{"id":37118,"date":"2023-07-18T12:00:26","date_gmt":"2023-07-18T15:00:26","guid":{"rendered":"http:\/\/dsrmedios.com.ar\/diario\/?p=37118"},"modified":"2023-07-18T12:00:30","modified_gmt":"2023-07-18T15:00:30","slug":"axel-kicillof-me-hubiera-gustado-que-cuando-goberno-la-derecha-hiciera-algo-por-lo-menos","status":"publish","type":"post","link":"http:\/\/dsrmedios.com.ar\/diario\/archivos\/37118","title":{"rendered":"Axel Kicillof: &#8220;Me hubiera gustado que cuando gobern\u00f3, la derecha hiciera algo por lo menos&#8221;"},"content":{"rendered":"\n<p>El gobernador bonaerense<strong>&nbsp;<a href=\"https:\/\/infocielo.com\/axel-kicillof\">Axel Kicillof<\/a>&nbsp;inaugur\u00f3 en&nbsp;<a href=\"https:\/\/infocielo.com\/pilar\">Pilar<\/a>&nbsp;el entubamiento del canal Agustoni<\/strong>&nbsp;junto al intendente Federico Ach\u00e1val y se\u00f1al\u00f3 que era una&nbsp;<strong><a href=\"https:\/\/infocielo.com\/estadio-obras-a46\">obra<\/a><\/strong>&nbsp;tan necesaria como postergada para los vecinos del municipio, ya que la zanja por la cual circulaba el arroyo generaba grandes problemas, especialmente los d\u00edas de lluvia.<\/p>\n\n\n\n<p><strong>\u201cAc\u00e1 donde estamos parados hab\u00eda una zanja infecta, ratas, contaminaci\u00f3n. No s\u00e9 si hay momento m\u00e1s feliz para alguien que se dedica a la pol\u00edtica que acompa\u00f1ar a las familias y que digan que les transformaste la vida\u201d<\/strong>, valor\u00f3 Kicillof durante el discurso.<\/p>\n\n\n\n<p>Y lament\u00f3 que la obra se haya postergado \u201ca veces por desidia, a veces por desinter\u00e9s, por falta de recursos y tambi\u00e9n por el mal uso de esos recursos\u201d.<strong>&nbsp;\u201cRecursos hab\u00eda, pero se usaron para otros fines. Tomaron deuda a lo pavote\u201d<\/strong>, indic\u00f3 el mandatario provincial al tiempo que se\u00f1al\u00f3 el crecimiento que tuvo el municipio de Pilar en los \u00faltimos doce a\u00f1os, en los que aument\u00f3 un treinta por ciento su poblaci\u00f3n.<\/p>\n\n\n\n<p>\u201c<strong>Estamos delante de una elecci\u00f3n donde los que gobernaron la provincia de Buenos Aires hicieron muy poco. Me hubiera gustado que el gobierno de derecha hiciera algo por lo menos<\/strong>. Hoy tendr\u00edamos menos dificultades y tareas\u201d, sostuvo Axel Kicillof<\/p>\n\n\n\n<p><strong>\u201cNunca vamos a criticar a los que hacen. Criticamos a los que fugaron, endeudaron y no hicieron nada por la Provincia; y hoy se llenan la boca de discursos hermosos armados por consultores\u201d<\/strong>, agreg\u00f3 el Gobernador.<\/p>\n\n\n\n<figure class=\"wp-block-image\"><img decoding=\"async\" src=\"https:\/\/media.infocielo.com\/p\/036e477627d7dded2c0e82d8af860041\/adjuntos\/299\/imagenes\/001\/679\/0001679189\/887x0\/smart\/_don5892jpg.jpg\" alt=\"\" title=\"\"\/><\/figure>\n\n\n\n<h2>Axel Kicillof en Pilar: \u201cRecursos para haber esta obra hab\u00eda, pero se usaron para otros fines\u201d<\/h2>\n\n\n\n<p>Respecto al entubamiento del canal Agustoni,&nbsp;<strong>Kicillof destac\u00f3 que la obra se financi\u00f3 con recursos de la Provincia, y lament\u00f3 que de los 2.400 millones de d\u00f3lares que la gesti\u00f3n de Mar\u00eda Eugenia Vidal consigui\u00f3 a partir de acuerdos con organismos multilaterales de cr\u00e9dito \u201csolamente usaron el 6 por ciento\u201d<\/strong>.<\/p>\n\n\n\n<p>\u201cPor eso, dec\u00eda reci\u00e9n, que hay objetivos distintos, miradas distintas, sensibilidad distinta y tambi\u00e9n a veces hay falta de capacidad\u201d, apunt\u00f3 el mandatario.&nbsp;<strong>\u201cSe enojaron mucho cuando lo dije, pero hay inutilidad gobernando. \u00bfPor qu\u00e9 no lo hicieron? si lo podr\u00edan haber hecho. No se tomaron el trabajo de hacer lo que hab\u00eda que hacer\u201d<\/strong>, insisti\u00f3 y aventur\u00f3 que \u201cno sienten -como sienten otros dirigentes- las necesidades de su pueblo como propias\u201d.<\/p>\n\n\n\n<p><strong>\u201cEntubar un arroyo, impedir que se inunde y no s\u00f3lo a trav\u00e9s de un dragado, integrando esto que part\u00eda en dos el barrio. Que ahora sea un asfalto, sean veredas, que la gente diga \u201cque lindo que qued\u00f3, c\u00f3mo lo disfruto\u201d, habla de lo que necesitamos. Quiero valorarlo no s\u00f3lo en lo que pudo hacerse sino en todo lo que falta\u201d<\/strong>, se\u00f1al\u00f3 Axel Kicillof.<\/p>\n\n\n\n<figure class=\"wp-block-image\"><img decoding=\"async\" src=\"https:\/\/media.infocielo.com\/p\/bf5c04e479771fbd50cb8f41221d6ac6\/adjuntos\/299\/imagenes\/001\/679\/0001679190\/887x0\/smart\/_don5494jpg.jpg\" alt=\"\" title=\"\"\/><\/figure>\n\n\n\n<p>Por \u00faltimo, el Gobernador record\u00f3 que se acercan las elecciones.\u00a0<strong>\u201cVamos a tener que decidir, la democracia se trata de eso, de elegir nuestor destino de representaci\u00f3n\u201d<\/strong>. \u201cNosotros creemos que donde nace una necesidad hay un derecho; y donde hay un derecho, para nosotros los peronistas hay una obligaci\u00f3n como gobierno de cumplirlo, por eso en \u00e9sta elecci\u00f3n es la derecha o son los derechos\u201d, concluy\u00f3.<\/p>\n\n\n\n<p>Fuente: Infocielo<\/p>\n","protected":false},"excerpt":{"rendered":"<div class=\"mh-excerpt\"><p>El gobernador bonaerense&nbsp;Axel Kicillof&nbsp;inaugur\u00f3 en&nbsp;Pilar&nbsp;el entubamiento del canal Agustoni&nbsp;junto al intendente Federico Ach\u00e1val y se\u00f1al\u00f3 que era una&nbsp;obra&nbsp;tan necesaria como postergada para los vecinos del municipio, ya que la zanja por la cual circulaba el arroyo generaba grandes problemas, especialmente los d\u00edas de lluvia. \u201cAc\u00e1 donde estamos parados hab\u00eda una zanja infecta, ratas, contaminaci\u00f3n. No s\u00e9 si hay momento m\u00e1s feliz para alguien que se dedica a la pol\u00edtica que acompa\u00f1ar a las familias y que digan que les transformaste la vida\u201d, valor\u00f3 Kicillof durante el discurso. Y lament\u00f3 que la obra se haya postergado \u201ca veces por desidia, a <a class=\"mh-excerpt-more\" href=\"http:\/\/dsrmedios.com.ar\/diario\/archivos\/37118\" title=\"Axel Kicillof: &#8220;Me hubiera gustado que cuando gobern\u00f3, la derecha hiciera algo por lo menos&#8221;\">[Leer m\u00e1s]<\/a><\/p>\n<\/div>","protected":false},"author":8,"featured_media":37119,"comment_status":"open","ping_status":"closed","sticky":false,"template":"","format":"standard","meta":{"_jetpack_newsletter_access":""},"categories":[7],"tags":[],"jetpack_featured_media_url":"http:\/\/dsrmedios.com.ar\/diario\/wp-content\/uploads\/2023\/07\/descarga-7-2.jpg","jetpack_sharing_enabled":true,"jetpack_shortlink":"https:\/\/wp.me\/p9fihK-9EG","_links":{"self":[{"href":"http:\/\/dsrmedios.com.ar\/diario\/wp-json\/wp\/v2\/posts\/37118"}],"collection":[{"href":"http:\/\/dsrmedios.com.ar\/diario\/wp-json\/wp\/v2\/posts"}],"about":[{"href":"http:\/\/dsrmedios.com.ar\/diario\/wp-json\/wp\/v2\/types\/post"}],"author":[{"embeddable":true,"href":"http:\/\/dsrmedios.com.ar\/diario\/wp-json\/wp\/v2\/users\/8"}],"replies":[{"embeddable":true,"href":"http:\/\/dsrmedios.com.ar\/diario\/wp-json\/wp\/v2\/comments?post=37118"}],"version-history":[{"count":1,"href":"http:\/\/dsrmedios.com.ar\/diario\/wp-json\/wp\/v2\/posts\/37118\/revisions"}],"predecessor-version":[{"id":37120,"href":"http:\/\/dsrmedios.com.ar\/diario\/wp-json\/wp\/v2\/posts\/37118\/revisions\/37120"}],"wp:featuredmedia":[{"embeddable":true,"href":"http:\/\/dsrmedios.com.ar\/diario\/wp-json\/wp\/v2\/media\/37119"}],"wp:attachment":[{"href":"http:\/\/dsrmedios.com.ar\/diario\/wp-json\/wp\/v2\/media?parent=37118"}],"wp:term":[{"taxonomy":"category","embeddable":true,"href":"http:\/\/dsrmedios.com.ar\/diario\/wp-json\/wp\/v2\/categories?post=37118"},{"taxonomy":"post_tag","embeddable":true,"href":"http:\/\/dsrmedios.com.ar\/diario\/wp-json\/wp\/v2\/tags?post=37118"}],"curies":[{"name":"wp","href":"https:\/\/api.w.org\/{rel}","templated":true}]}}