{"id":37064,"date":"2023-07-17T09:47:45","date_gmt":"2023-07-17T12:47:45","guid":{"rendered":"http:\/\/dsrmedios.com.ar\/diario\/?p=37064"},"modified":"2023-07-17T09:47:48","modified_gmt":"2023-07-17T12:47:48","slug":"sorpresas-nos-da-la-vida-aparecieron-mas-candidatos-a-intendentes","status":"publish","type":"post","link":"http:\/\/dsrmedios.com.ar\/diario\/archivos\/37064","title":{"rendered":"Sorpresas nos da la vida&#8230; aparecieron m\u00e1s candidatos a intendentes???"},"content":{"rendered":"\n<p>Un vecino de nuestra ciudad nos hizo llegar una lista electoral para nuestro distrito que aparece em la p\u00e1gina oficial de la Junta Electoral de la Provincia. Los candidatos no son nombres identificados con la pol\u00edtica en nuestro distrito y resulta muy extra\u00f1o. Mariano Herrera y Mabel Favielsa son dos candidatos a intendentes registrados en dicha p\u00e1gina oficial como candidatos a intendentes de nuestro distrito. El portal infocielo de la La Pklata tambi\u00e9n da cuenta de dichos candidatos. \u00bfSe trata de un error o de algo raro??<\/p>\n\n\n\n<h2>Estos son los pre candidatos a intendente en Adolfo Alsina<\/h2>\n\n\n\n<h3>Juntos por el Cambio<\/h3>\n\n\n\n<ul>\n<li><strong>Facundo Montenegro<\/strong>&nbsp;&#8211; Falta menos para vivir sin miedo<\/li>\n\n\n\n<li><strong>Javier Andr\u00e9s&nbsp;<\/strong>&#8211; La fuerza del cambio<\/li>\n<\/ul>\n\n\n\n<h3>Uni\u00f3n por la Patria<\/h3>\n\n\n\n<ul>\n<li><strong>Roberto Fern\u00e1ndez &#8211;&nbsp;<\/strong>Celeste y blanca 4<\/li>\n\n\n\n<li><strong>N\u00e9stor Coline &#8211;<\/strong>&nbsp;Celeste y blanca 6<\/li>\n\n\n\n<li><strong>Fabio Fern\u00e1ndez<\/strong>&nbsp;&#8211; Celeste y blanca 2<\/li>\n<\/ul>\n\n\n\n<h3>Otros pre candidatos de Adolfo Alsina<\/h3>\n\n\n\n<ul>\n<li><strong>Mabel Favielsa &#8211; Justicia y Dignidad<\/strong><\/li>\n\n\n\n<li><strong>&nbsp;Silvio Wagner &#8211; Avanza Libertad<\/strong><\/li>\n\n\n\n<li><strong>&nbsp;Frente Federal de Acci\u00f3n Solidaria &#8211; Mariano Herrera<\/strong><\/li>\n<\/ul>\n","protected":false},"excerpt":{"rendered":"<div class=\"mh-excerpt\"><p>Un vecino de nuestra ciudad nos hizo llegar una lista electoral para nuestro distrito que aparece em la p\u00e1gina oficial de la Junta Electoral de la Provincia. Los candidatos no son nombres identificados con la pol\u00edtica en nuestro distrito y resulta muy extra\u00f1o. Mariano Herrera y Mabel Favielsa son dos candidatos a intendentes registrados en dicha p\u00e1gina oficial como candidatos a intendentes de nuestro distrito. El portal infocielo de la La Pklata tambi\u00e9n da cuenta de dichos candidatos. \u00bfSe trata de un error o de algo raro?? Estos son los pre candidatos a intendente en Adolfo Alsina Juntos por el <a class=\"mh-excerpt-more\" href=\"http:\/\/dsrmedios.com.ar\/diario\/archivos\/37064\" title=\"Sorpresas nos da la vida&#8230; aparecieron m\u00e1s candidatos a intendentes???\">[Leer m\u00e1s]<\/a><\/p>\n<\/div>","protected":false},"author":5,"featured_media":35182,"comment_status":"open","ping_status":"closed","sticky":false,"template":"","format":"standard","meta":{"_jetpack_newsletter_access":""},"categories":[18,31],"tags":[],"jetpack_featured_media_url":"http:\/\/dsrmedios.com.ar\/diario\/wp-content\/uploads\/2023\/06\/GZNL4I6N6FBARNUBQ45FNHBYKI.jpg","jetpack_sharing_enabled":true,"jetpack_shortlink":"https:\/\/wp.me\/p9fihK-9DO","_links":{"self":[{"href":"http:\/\/dsrmedios.com.ar\/diario\/wp-json\/wp\/v2\/posts\/37064"}],"collection":[{"href":"http:\/\/dsrmedios.com.ar\/diario\/wp-json\/wp\/v2\/posts"}],"about":[{"href":"http:\/\/dsrmedios.com.ar\/diario\/wp-json\/wp\/v2\/types\/post"}],"author":[{"embeddable":true,"href":"http:\/\/dsrmedios.com.ar\/diario\/wp-json\/wp\/v2\/users\/5"}],"replies":[{"embeddable":true,"href":"http:\/\/dsrmedios.com.ar\/diario\/wp-json\/wp\/v2\/comments?post=37064"}],"version-history":[{"count":1,"href":"http:\/\/dsrmedios.com.ar\/diario\/wp-json\/wp\/v2\/posts\/37064\/revisions"}],"predecessor-version":[{"id":37065,"href":"http:\/\/dsrmedios.com.ar\/diario\/wp-json\/wp\/v2\/posts\/37064\/revisions\/37065"}],"wp:featuredmedia":[{"embeddable":true,"href":"http:\/\/dsrmedios.com.ar\/diario\/wp-json\/wp\/v2\/media\/35182"}],"wp:attachment":[{"href":"http:\/\/dsrmedios.com.ar\/diario\/wp-json\/wp\/v2\/media?parent=37064"}],"wp:term":[{"taxonomy":"category","embeddable":true,"href":"http:\/\/dsrmedios.com.ar\/diario\/wp-json\/wp\/v2\/categories?post=37064"},{"taxonomy":"post_tag","embeddable":true,"href":"http:\/\/dsrmedios.com.ar\/diario\/wp-json\/wp\/v2\/tags?post=37064"}],"curies":[{"name":"wp","href":"https:\/\/api.w.org\/{rel}","templated":true}]}}