{"id":37050,"date":"2023-07-16T11:20:20","date_gmt":"2023-07-16T14:20:20","guid":{"rendered":"http:\/\/dsrmedios.com.ar\/diario\/?p=37050"},"modified":"2023-07-16T11:20:24","modified_gmt":"2023-07-16T14:20:24","slug":"el-mercado-de-pases-de-river-plate-tras-su-consagracion-el-regreso-de-un-referente-los-objetivos-y-las-posibles-salidas","status":"publish","type":"post","link":"http:\/\/dsrmedios.com.ar\/diario\/archivos\/37050","title":{"rendered":"El mercado de pases de River Plate tras su consagraci\u00f3n: el regreso de un referente, los objetivos y las posibles salidas"},"content":{"rendered":"\n<p>La m\u00e1quina que cre\u00f3 Mart\u00edn Demichelis tach\u00f3 su primer objetivo dentro de su ambiciosa lista y va por m\u00e1s. En el horizonte ahora asoman los octavos de final de la Copa Libertadores (ante Inter de Porto Alegre), la Copa Argentina (versus Talleres de C\u00f3rdoba) y la Copa de la Liga. Para seguir agigantando sus vitrinas,\u00a0<strong>River Plate tom\u00f3 la decisi\u00f3n de salir con fuerza al mercado de pases.<\/strong><\/p>\n\n\n\n<p>Los dirigentes recalcan que no van a \u201ctraer por traer\u201d, sino que la idea es buscar nombres puntuales en los sectores del campo de juego que solicit\u00f3 el director t\u00e9cnico.&nbsp;<strong>Las prioridades (podr\u00edan modificarse en base a alguna salida) hoy pasan por la defensa y un delantero o futbolistas que pueda romper esquemas jugando por la banda<\/strong>. Vale recordar que en la pr\u00f3xima instancia de la m\u00e1xima competencia continental se pueden realizar hasta cinco modificaciones en la lista de buena fe.<\/p>\n\n\n\n<p>El que est\u00e1 cerrado de palabra desde hace algunos d\u00edas y que ser\u00eda oficializado a la brevedad es nada m\u00e1s ni nada menos que un hijo pr\u00f3digo de la instituci\u00f3n:&nbsp;<strong>Ramiro Funes Mori<\/strong>. El defensor, que hab\u00eda sido uno de los pedidos de&nbsp;<em>Micho&nbsp;<\/em>apenas asumi\u00f3 el mando, qued\u00f3 en libertad de acci\u00f3n tras su paso por Cruz Azul de M\u00e9xico y<strong>&nbsp;se espera que firme un contrato por tres a\u00f1os.<\/strong><\/p>\n\n\n\n<p><img decoding=\"async\" loading=\"lazy\" alt=\"Funes Mori arribar\u00e1 desde Cruz Azul (Foto: @CruzAzul)\" height=\"1080\" width=\"1920\" class=\"\" src=\"https:\/\/www.infobae.com\/new-resizer\/3jG80LASNT_IJxqWQINvVKwieAs=\/filters:format(webp):quality(85)\/cloudfront-us-east-1.images.arcpublishing.com\/infobae\/3TWF2N6SDBBPZFA3O7DQ3HIDYU.jpg\" srcset=\"https:\/\/www.infobae.com\/new-resizer\/CPuygdgXenRXwwbU_WEbroB1DGA=\/420x236\/filters:format(webp):quality(85)\/cloudfront-us-east-1.images.arcpublishing.com\/infobae\/3TWF2N6SDBBPZFA3O7DQ3HIDYU.jpg 420w,https:\/\/www.infobae.com\/new-resizer\/2dR4FewsBH1AhMSeysT8YUipEW4=\/768x432\/filters:format(webp):quality(85)\/cloudfront-us-east-1.images.arcpublishing.com\/infobae\/3TWF2N6SDBBPZFA3O7DQ3HIDYU.jpg 768w,https:\/\/www.infobae.com\/new-resizer\/oz0ic1__OELY9X47GrnC8OvYxVs=\/992x558\/filters:format(webp):quality(85)\/cloudfront-us-east-1.images.arcpublishing.com\/infobae\/3TWF2N6SDBBPZFA3O7DQ3HIDYU.jpg 992w,https:\/\/www.infobae.com\/new-resizer\/IfcQbNmxhg_jLiobIy9uobUwHlg=\/1200x675\/filters:format(webp):quality(85)\/cloudfront-us-east-1.images.arcpublishing.com\/infobae\/3TWF2N6SDBBPZFA3O7DQ3HIDYU.jpg 1200w,https:\/\/www.infobae.com\/new-resizer\/vBEcSnl9Wd3exjKJJCcNdGZ-WxU=\/1440x810\/filters:format(webp):quality(85)\/cloudfront-us-east-1.images.arcpublishing.com\/infobae\/3TWF2N6SDBBPZFA3O7DQ3HIDYU.jpg 1440w\">Funes Mori arribar\u00e1 desde Cruz Azul (Foto: @CruzAzul)<\/p>\n\n\n\n<p>El ex Everton de Inglaterra, Villarreal de Espa\u00f1a y Al Nassr de Arabia Saudita disput\u00f3 25 partidos durante su estancia en el f\u00fatbol azteca, en los cuales anot\u00f3 un gol (en su debut oficial contra Toluca). Adem\u00e1s del famoso \u201cRamirazo\u201d contra Boca Juniors, Funes Mori dej\u00f3 un buen recuerdo en el club. Fue una pieza fundamental en la defensa durante los primeros a\u00f1os del ciclo de Marcelo Gallardo y form\u00f3 parte del equipo que logr\u00f3 el ascenso a la Primera Divisi\u00f3n. Adem\u00e1s, gan\u00f3 un Torneo Final, una Copa Campeonato, una Copa Sudamericana, una Recopa Sudamericana, una Copa Libertadores y una Copa Suruga Bank.<\/p>\n\n\n\n<p>El&nbsp;<em>Mellizo&nbsp;<\/em>no es el \u00fanico zaguero que el cuerpo t\u00e9cnico busca sumar de cara al pr\u00f3ximo semestre. Con&nbsp;<strong>Germ\u00e1n Pezzella<\/strong>&nbsp;totalmente descartado (se han comunicado con el campe\u00f3n del mundo para conocer su situaci\u00f3n, pero su intenci\u00f3n es quedarse en el Betis de Espa\u00f1a, donde tiene un papel destacado) el nombre remarcado en la lista es el de&nbsp;<strong>Sebasti\u00e1n Boselli<\/strong>, la promesa de Defensor Sporting que se coron\u00f3 campe\u00f3n del mundo Sub 20 con Uruguay y ya fue citado por Marcelo Bielsa para la Mayor.<\/p>\n\n\n\n<p>Pese a los reiterados contactos por el futbolista de 19 a\u00f1os la negociaci\u00f3n a\u00fan no est\u00e1 cerca de cerrarse producto de la intromisi\u00f3n de otros interesados. El\u00a0<em>Millonario\u00a0<\/em>realiz\u00f3 una oferta formal, pero fue considerada insuficiente por los charr\u00faas, que remarcaron que quieren quedarse con un porcentaje del pase. Se espera un nuevo ofrecimiento\u00a0<strong>de alrededor de 4 millones de d\u00f3lares por el 70 por ciento de la ficha y cuatro a\u00f1os de v\u00ednculo para el futbolista.<\/strong><\/p>\n\n\n\n<p>No obstante, desde el c\u00edrculo \u00edntimo del joven le dejaron entrever a este sitio que el&nbsp;<em>Millonario&nbsp;<\/em>podr\u00eda ser un escenario propicio para continuar su carrera: \u201cEst\u00e1 en plena fase de crecimiento y es importante que vaya a un lugar donde lo ayuden a crecer.&nbsp;<a href=\"https:\/\/www.infobae.com\/deportes\/2023\/05\/31\/la-postura-de-river-plate-ante-el-interes-de-flamengo-por-de-la-cruz-y-como-esta-la-situacion-por-sebastian-boselli-figura-de-la-sub-20-de-uruguay\/\">River es un gran equipo, y eso es imposible no verlo<\/a>, pero es importante ir a un lugar que haya un plan claro sea cual sea el club\u201d.<\/p>\n\n\n\n<p><img decoding=\"async\" loading=\"lazy\" alt=\"Facundo Colidio llegar\u00e1 a River Plate para reforzar la ofensiva (@fotobairesarg)\" height=\"1283\" width=\"1920\" class=\"\" src=\"https:\/\/www.infobae.com\/new-resizer\/nGIW0bIi59vqS2qhsZBSgVTr8uI=\/filters:format(webp):quality(85)\/cloudfront-us-east-1.images.arcpublishing.com\/infobae\/PSP34HQRPFB6HMYKYYDZ4LB5CY.jpg\" srcset=\"https:\/\/www.infobae.com\/new-resizer\/b6vGvOSAFYg7LAJqklTaPhFniIc=\/420x280\/filters:format(webp):quality(85)\/cloudfront-us-east-1.images.arcpublishing.com\/infobae\/PSP34HQRPFB6HMYKYYDZ4LB5CY.jpg 420w,https:\/\/www.infobae.com\/new-resizer\/86xPDeT-_gDPRUmpROHG4oAwG2c=\/768x512\/filters:format(webp):quality(85)\/cloudfront-us-east-1.images.arcpublishing.com\/infobae\/PSP34HQRPFB6HMYKYYDZ4LB5CY.jpg 768w,https:\/\/www.infobae.com\/new-resizer\/LzKUZi_L51pOm1_uBjCjRr79iJo=\/992x661\/filters:format(webp):quality(85)\/cloudfront-us-east-1.images.arcpublishing.com\/infobae\/PSP34HQRPFB6HMYKYYDZ4LB5CY.jpg 992w,https:\/\/www.infobae.com\/new-resizer\/EeEZqqcS1RrDAdhK6g37ohbmTwM=\/1200x800\/filters:format(webp):quality(85)\/cloudfront-us-east-1.images.arcpublishing.com\/infobae\/PSP34HQRPFB6HMYKYYDZ4LB5CY.jpg 1200w,https:\/\/www.infobae.com\/new-resizer\/81ii7HZfK9nl_u25hLeH6DY4VmM=\/1440x960\/filters:format(webp):quality(85)\/cloudfront-us-east-1.images.arcpublishing.com\/infobae\/PSP34HQRPFB6HMYKYYDZ4LB5CY.jpg 1440w\">Facundo Colidio llegar\u00e1 a River Plate para reforzar la ofensiva (@fotobairesarg)<\/p>\n\n\n\n<p>En lo que respecta a la ofensiva, aunque siempre sobrevuela el nombre de Luciano Vietto (es del agrado de la dirigencia), la opci\u00f3n m\u00e1s cercana est\u00e1 en el \u00e1mbito local. De no mediar ning\u00fan imprevisto, en las pr\u00f3ximas horas ser\u00eda presentado de manera oficial<strong>&nbsp;Facundo Colidio<\/strong>, el punta que viene de brillar en Tigre y que estaba en el radar de Boca Juniors (lleg\u00f3 a un acuerdo con Inter pero el jugador prefiri\u00f3 no volver al Xeneize -pas\u00f3 por las inferiores azul y oro- para desembarcar en el Millonario) y Toluca&nbsp;<strong>se decant\u00f3 por ser dirigido por Mart\u00edn Demichelis.<\/strong><\/p>\n\n\n\n<p>El sue\u00f1o m\u00e1ximo es conseguir la vuelta de&nbsp;<strong>Manuel Lanzini<\/strong>, que qued\u00f3 con el pase en su poder tras ocho temporadas en West Ham de Inglaterra. A\u00fan no lleg\u00f3 a un acuerdo con ninguna instituci\u00f3n, pero lo cierto es que hoy su prioridad parece ser continuar un tiempo m\u00e1s en Europa. \u201c<a href=\"https:\/\/www.infobae.com\/deportes\/2023\/05\/14\/el-mercado-de-pases-de-river-plate-la-chance-de-repatriar-a-funes-mori-y-la-situacion-que-los-tiene-alerta-por-lanzini\/\">Para hacer esta negociaci\u00f3n necesit\u00e1s la osad\u00eda y el romanticismo del jugador<\/a>\u201d, le explicaron en su momento a este sitio. Desde N\u00fa\u00f1ez le hicieron saber su deseo de repatriarlo e incluso le acercaron una oferta, pero no es una historia que parezca tener una pronta resoluci\u00f3n.<\/p>\n\n\n\n<p><img decoding=\"async\" loading=\"lazy\" alt=\"Enzo P\u00e9rez definir\u00e1 su futuro cerca del final de la temporada (@RiverPlate)\" height=\"2731\" width=\"4096\" class=\"\" src=\"https:\/\/www.infobae.com\/new-resizer\/-6svmOxFc834jjU0Pm9wF1cAHKo=\/filters:format(webp):quality(85)\/cloudfront-us-east-1.images.arcpublishing.com\/infobae\/YRMNZ3TMKJH7DD6AMFZMJ6VSYA.jpg\" srcset=\"https:\/\/www.infobae.com\/new-resizer\/0-e_KqQ5beQ-XTcPFNT55UQ14mQ=\/420x280\/filters:format(webp):quality(85)\/cloudfront-us-east-1.images.arcpublishing.com\/infobae\/YRMNZ3TMKJH7DD6AMFZMJ6VSYA.jpg 420w,https:\/\/www.infobae.com\/new-resizer\/RuWzQ-YAsYqGZLvl6p9EiifAsjE=\/768x512\/filters:format(webp):quality(85)\/cloudfront-us-east-1.images.arcpublishing.com\/infobae\/YRMNZ3TMKJH7DD6AMFZMJ6VSYA.jpg 768w,https:\/\/www.infobae.com\/new-resizer\/00NPSsuaQFOOeI3uni-oeZnSdaY=\/992x661\/filters:format(webp):quality(85)\/cloudfront-us-east-1.images.arcpublishing.com\/infobae\/YRMNZ3TMKJH7DD6AMFZMJ6VSYA.jpg 992w,https:\/\/www.infobae.com\/new-resizer\/sbHiPlLJr0I4oluUoeDhei6O8No=\/1200x800\/filters:format(webp):quality(85)\/cloudfront-us-east-1.images.arcpublishing.com\/infobae\/YRMNZ3TMKJH7DD6AMFZMJ6VSYA.jpg 1200w,https:\/\/www.infobae.com\/new-resizer\/Ko-cLXwWUzAkB6kxl8SUt-7Nc9E=\/1440x960\/filters:format(webp):quality(85)\/cloudfront-us-east-1.images.arcpublishing.com\/infobae\/YRMNZ3TMKJH7DD6AMFZMJ6VSYA.jpg 1440w\">Enzo P\u00e9rez definir\u00e1 su futuro cerca del final de la temporada (@RiverPlate)<\/p>\n\n\n\n<p>Uno de los temas m\u00e1s resonantes en el Mundo River en las \u00faltimas semanas fue el futuro del capit\u00e1n&nbsp;<strong>Enzo P\u00e9rez<\/strong>. Cuando todo parec\u00eda que la renovaci\u00f3n de su v\u00ednculo era un hecho (finaliza el 31 de diciembre), la situaci\u00f3n se modific\u00f3 y entr\u00f3 en un impasse. El referente del&nbsp;<em>Millonario&nbsp;<\/em>prefiere esperar y le hizo saber a la dirigencia que&nbsp;<strong>anunciar\u00e1 su decisi\u00f3n promediando noviembre.<\/strong>&nbsp;La idea del mediocampista es, entre otras cuestiones, ver c\u00f3mo avanza el pr\u00f3ximo semestre y c\u00f3mo se siente de su rodilla luego de sufrir una sinovitis. El ex Benfica y Valencia cuenta con algunos sondeos del exterior y en su momento reconoci\u00f3 que le gustar\u00eda retirarse con la camiseta de Deportivo Maip\u00fa, equipo que hoy es protagonista en la Primera Nacional y sue\u00f1a con el ascenso a la m\u00e1xima categor\u00eda.<\/p>\n\n\n\n<p>Si bien la idea es la de no desprenderse de ninguno de los titulares, el mercado muchas veces puede torcer estas decisiones y dos de los futbolistas m\u00e1s requeridos son&nbsp;<strong>Lucas Beltr\u00e1n y Nicol\u00e1s De La Cruz<\/strong>. El goleador es una de las figuras del equipo e hizo sentar en el banco de suplentes a hombres de experiencia como el colombiano Miguel Borja y al venezolano Salom\u00f3n Rond\u00f3n. El joven de 22 a\u00f1os despert\u00f3 el inter\u00e9s del Friburgo de Alemania, quien lleg\u00f3 a ofertar 10 millones de euros, cifra que est\u00e1 lejos de los 20 millones de su cl\u00e1usula de rescisi\u00f3n. No se descarta que los teutones mejoren el ofrecimiento durante esta ventana de transferencias.<\/p>\n\n\n\n<p>El uruguayo, por su parte, fue buscado por Flamengo de Brasil, entidad que en el \u00faltimo tiempo demostr\u00f3 que el dinero no es un impedimento a la hora de incorporar. \u201cEl Flamengo entiende que De La Cruz es un jugador calificado para estar aqu\u00ed. Pero River Plate se sent\u00f3 encima de la cl\u00e1usula de rescisi\u00f3n, que es de 16 millones de d\u00f3lares, una cifra que nuestro club entiende que no es viable pagar. O salimos a negociar o el jugador no viene, as\u00ed de simple\u201d, fue el ultim\u00e1tum que lanz\u00f3 Marcos Braz, vicepresidente del conjunto carioca.<\/p>\n\n\n\n<p><strong>Jos\u00e9 Paradela<\/strong>, quien comenz\u00f3 el semestre como una pieza importante para Mart\u00edn Demichelis pero con el correr de las fechas fue cediendo terreno, es seguido de cerca por Racing para reemplazar al paraguayo Mat\u00edas Rojas. La idea en N\u00fa\u00f1ez es la de percibir cerca de 4.5 millones de d\u00f3lares para liberar al ex Gimnasia y Esgrima La Plata.<\/p>\n\n\n\n<p>Tampoco se descarta que pueda llegar una oferta por alg\u00fan marcador central. El representante del paraguayo&nbsp;<strong>Robert Rojas<\/strong>&nbsp;manifest\u00f3 p\u00fablicamente que al futbolista le gustar\u00eda dar un salto econ\u00f3mico (fue sondeado por equipos de Brasil).<\/p>\n\n\n\n<p>Por otra parte, Godoy Cruz de Mendoza estudia seriamente hacer uso de la opci\u00f3n de compra por el 50 por ciento de la ficha de&nbsp;<strong>Hern\u00e1n L\u00f3pez Mu\u00f1oz<\/strong>, el sobrino nieto de Diego Armando Maradona. El&nbsp;<em>Tomba&nbsp;<\/em>pagar\u00eda un mill\u00f3n de d\u00f3lares para quedarse con el futbolista que viene de disputar 19 partidos y marcar dos goles. Tambi\u00e9n se desprendi\u00f3 del juvenil Felipe Salomoni, quien fue vendido a Guaran\u00ed de Paraguay, entidad que se hizo con el 70 por ciento de la ficha del lateral (el 30 restante qued\u00f3 para los de N\u00fa\u00f1ez).<\/p>\n\n\n\n<p>A las arcas del Millonario tambi\u00e9n estar\u00eda pr\u00f3ximo a ingresar dinero por la venta del colombiano Jorge Carrascal. El PAOK de Grecia estar\u00eda dispuesto a pagar aproximadamente 4.5 millones de euros por si ficha, y en N\u00fa\u00f1ez a\u00fan conservan la mitad de su pase.<\/p>\n\n\n\n<p>Fuente: Infobae<\/p>\n","protected":false},"excerpt":{"rendered":"<div class=\"mh-excerpt\"><p>La m\u00e1quina que cre\u00f3 Mart\u00edn Demichelis tach\u00f3 su primer objetivo dentro de su ambiciosa lista y va por m\u00e1s. En el horizonte ahora asoman los octavos de final de la Copa Libertadores (ante Inter de Porto Alegre), la Copa Argentina (versus Talleres de C\u00f3rdoba) y la Copa de la Liga. Para seguir agigantando sus vitrinas,\u00a0River Plate tom\u00f3 la decisi\u00f3n de salir con fuerza al mercado de pases. Los dirigentes recalcan que no van a \u201ctraer por traer\u201d, sino que la idea es buscar nombres puntuales en los sectores del campo de juego que solicit\u00f3 el director t\u00e9cnico.&nbsp;Las prioridades (podr\u00edan modificarse <a class=\"mh-excerpt-more\" href=\"http:\/\/dsrmedios.com.ar\/diario\/archivos\/37050\" title=\"El mercado de pases de River Plate tras su consagraci\u00f3n: el regreso de un referente, los objetivos y las posibles salidas\">[Leer m\u00e1s]<\/a><\/p>\n<\/div>","protected":false},"author":8,"featured_media":37051,"comment_status":"open","ping_status":"closed","sticky":false,"template":"","format":"standard","meta":{"_jetpack_newsletter_access":""},"categories":[2],"tags":[],"jetpack_featured_media_url":"http:\/\/dsrmedios.com.ar\/diario\/wp-content\/uploads\/2023\/07\/river-mercado-de-pases_1440x810_wmk.webp","jetpack_sharing_enabled":true,"jetpack_shortlink":"https:\/\/wp.me\/p9fihK-9DA","_links":{"self":[{"href":"http:\/\/dsrmedios.com.ar\/diario\/wp-json\/wp\/v2\/posts\/37050"}],"collection":[{"href":"http:\/\/dsrmedios.com.ar\/diario\/wp-json\/wp\/v2\/posts"}],"about":[{"href":"http:\/\/dsrmedios.com.ar\/diario\/wp-json\/wp\/v2\/types\/post"}],"author":[{"embeddable":true,"href":"http:\/\/dsrmedios.com.ar\/diario\/wp-json\/wp\/v2\/users\/8"}],"replies":[{"embeddable":true,"href":"http:\/\/dsrmedios.com.ar\/diario\/wp-json\/wp\/v2\/comments?post=37050"}],"version-history":[{"count":1,"href":"http:\/\/dsrmedios.com.ar\/diario\/wp-json\/wp\/v2\/posts\/37050\/revisions"}],"predecessor-version":[{"id":37052,"href":"http:\/\/dsrmedios.com.ar\/diario\/wp-json\/wp\/v2\/posts\/37050\/revisions\/37052"}],"wp:featuredmedia":[{"embeddable":true,"href":"http:\/\/dsrmedios.com.ar\/diario\/wp-json\/wp\/v2\/media\/37051"}],"wp:attachment":[{"href":"http:\/\/dsrmedios.com.ar\/diario\/wp-json\/wp\/v2\/media?parent=37050"}],"wp:term":[{"taxonomy":"category","embeddable":true,"href":"http:\/\/dsrmedios.com.ar\/diario\/wp-json\/wp\/v2\/categories?post=37050"},{"taxonomy":"post_tag","embeddable":true,"href":"http:\/\/dsrmedios.com.ar\/diario\/wp-json\/wp\/v2\/tags?post=37050"}],"curies":[{"name":"wp","href":"https:\/\/api.w.org\/{rel}","templated":true}]}}